{"id":2670,"date":"2022-11-11T20:55:23","date_gmt":"2022-11-11T19:55:23","guid":{"rendered":"http:\/\/demotickerberlin.blackblogs.org\/?p=2567"},"modified":"2022-11-11T20:55:23","modified_gmt":"2022-11-11T19:55:23","slug":"no-solidarity-with-closed-ports-13-11-2022","status":"publish","type":"post","link":"https:\/\/demotickerberlin.noblogs.org\/?p=2670","title":{"rendered":"No solidarity with closed ports! (13.11.2022)"},"content":{"rendered":"<p><img loading=\"lazy\" decoding=\"async\" class=\"alignnone size-full wp-image-5021\" src=\"https:\/\/asanberlin.blackblogs.org\/wp-content\/uploads\/sites\/864\/2022\/11\/b1311_3_1.png\" alt=\"\" width=\"1080\" height=\"1080\" \/><\/p>\n<p><strong>+++ Sonntag 13.11.2022 +++<\/strong><\/p>\n<p>wir berichten am Sonntag&nbsp;<a class=\"css-4rbku5 css-18t94o4 css-901oao css-16my406 r-1cvl2hr r-1loqt21 r-poiln3 r-bcqeeo r-1ny4l3l r-1ddef8g r-tjvw6i r-qvutc0\" role=\"link\" href=\"https:\/\/twitter.com\/hashtag\/b1311?src=hashtag_click\">#b1311<\/a><span class=\"r-18u37iz\">&nbsp;<\/span><strong>ab 14:00 Uhr<\/strong>&nbsp;von der Kundgebung<\/p>\n<p><strong>\ud83d\udd25No solidarity with closed ports!\ud83d\udd25<\/strong><\/p>\n<p><strong>Sonntag, 13.11.2022 | 14:00 Uhr | Potsdamer Platz 10785 Berlin<\/strong><\/p>\n<p><strong>Anreise: U2, S1, S2, S25, S26, Bus 200, 300, M41, M48, M85&nbsp;Potsdamer Platz<\/strong><\/p>\n<p>Web-Ticker:&nbsp;<a href=\"https:\/\/berlin.demoticker.org\/\" target=\"_blank\" rel=\"noopener\">https:\/\/berlin.demoticker.org<\/a><br \/>\nMastodon:&nbsp;<a href=\"https:\/\/todon.eu\/@Demo_Ticker_Berlin\" target=\"_blank\" rel=\"noopener\">@Demo_Ticker_Berlin@todon.eu<\/a><br \/>\nTelegram Ticker:&nbsp;<a href=\"https:\/\/t.me\/demotickerberlin\" target=\"_blank\" rel=\"noopener\">https:\/\/t.me\/demotickerberlin<\/a><br \/>\nTelegram Ticker English:&nbsp;<a href=\"https:\/\/t.me\/demotickerEng\" target=\"_blank\" rel=\"noopener\">https:\/\/t.me\/demotickerEng<\/a><br \/>\nTwitter Accounts: \ud83d\udce2<a href=\"https:\/\/twitter.com\/demo_ticker\" target=\"_blank\" rel=\"noopener\">@demo_ticker<\/a><br \/>\nTwitter Hashtags:&nbsp;<a class=\"css-4rbku5 css-18t94o4 css-901oao css-16my406 r-1cvl2hr r-1loqt21 r-poiln3 r-bcqeeo r-1ny4l3l r-1ddef8g r-tjvw6i r-qvutc0\" role=\"link\" href=\"https:\/\/twitter.com\/hashtag\/b1311?src=hashtag_click\">#b1311<\/a>&nbsp;<a class=\"css-4rbku5 css-18t94o4 css-901oao css-16my406 r-1cvl2hr r-1loqt21 r-poiln3 r-b88u0q r-bcqeeo r-1ny4l3l r-1ddef8g r-tjvw6i r-qvutc0\" role=\"link\" href=\"https:\/\/twitter.com\/hashtag\/NoBorder?src=hashtag_click\">#NoBorder<\/a><\/p>\n<div dir=\"auto\">\ud83d\uddfa\ufe0f&nbsp;<strong>Voraussichtliche Route:<\/strong><\/div>\n<div dir=\"auto\">&nbsp;<\/div>\n<ul>\n<li>Potsdamer Platz<\/li>\n<li>Tiergartenstra\u00dfe<\/li>\n<li>Hiroshimastra\u00dfe<\/li>\n<\/ul>\n<div dir=\"auto\">\u2757\ufe0f\u2757\ufe0f\u2757\ufe0f Zeichnet unseren Aufruf mit; meldet euch bei uns, wenn ihr Kapazit\u00e4ten habt Redebeitr\u00e4ge zu halten und schlie\u00dflich:&nbsp;<\/div>\n<div dir=\"auto\">&nbsp;<\/div>\n<div dir=\"auto\"><strong>Fordert mit uns sichere H\u00e4fen f\u00fcr alle Schutzsuchenden jetzt und auch in Zukunft.&nbsp;<\/strong><\/div>\n<div dir=\"auto\">&nbsp;<\/div>\n<div dir=\"auto\">Die neue post-faschistische Regierung unter Giorgia Meloni in Italien ist nicht mal drei Wochen im Amt und hat es bereits geschafft, das menschenfeindliche und v\u00f6lkerrechtsverletzende Verhalten Italiens gegen\u00fcber Schutzsuchenden und ziviler Seenotrettung auf eine neue Eskalationsstufe zu bringen.<\/div>\n<div dir=\"auto\">&nbsp;<\/div>\n<div dir=\"auto\">Die italienischen Beh\u00f6rden verweigerten den \u00fcber 1.000 \u00dcberlebenden auf den Rettungsschiffen HUMANITY 1, OCEAN VIKING, RISE ABOVE und GEO BARENTS teilweise mehr als zwei Wochen einen sicheren Hafen.<\/div>\n<div dir=\"auto\">&nbsp;<\/div>\n<div dir=\"auto\">Als die Beh\u00f6rden doch das Einlaufen in italienische Gew\u00e4sser gew\u00e4hrten, wurde versucht, die Geretteten auf Basis eines illegalen Dekrets und unter willk\u00fcrlichen Bedingungen zu \u201eselektieren\u201c und zu entscheiden, wer von den Fl\u00fcchtenden von Bord gehen darf und wer nicht.<\/div>\n<div dir=\"auto\">&nbsp;<\/div>\n<div dir=\"auto\"><strong>Wir wollen gemeinsam ein Zeichen setzen gegen jeden Rassismus und f\u00fcr bedingungslose Solidarit\u00e4t, ohne (!) Selektionen.<\/strong><\/div>\n<div dir=\"auto\">&nbsp;<\/div>\n","protected":false},"excerpt":{"rendered":"<p>+++ Sonntag 13.11.2022 +++ wir berichten am Sonntag&nbsp;#b1311&nbsp;ab 14:00 Uhr&nbsp;von der Kundgebung \ud83d\udd25No solidarity with closed ports!\ud83d\udd25 Sonntag, 13.11.2022 | 14:00 Uhr | Potsdamer Platz 10785 Berlin Anreise: U2, S1, S2, S25, S26, Bus 200, 300, M41, M48, M85&nbsp;Potsdamer Platz Web-Ticker:&nbsp;https:\/\/berlin.demoticker.org Mastodon:&nbsp;@Demo_Ticker_Berlin@todon.eu Telegram Ticker:&nbsp;https:\/\/t.me\/demotickerberlin Telegram Ticker English:&nbsp;https:\/\/t.me\/demotickerEng Twitter Accounts: \ud83d\udce2@demo_ticker Twitter Hashtags:&nbsp;#b1311&nbsp;#NoBorder \ud83d\uddfa\ufe0f&nbsp;Voraussichtliche Route: &nbsp; &hellip; <\/p>\n<p class=\"link-more\"><a href=\"https:\/\/demotickerberlin.noblogs.org\/?p=2670\" class=\"more-link\"><span class=\"screen-reader-text\">\u201eNo solidarity with closed ports! (13.11.2022)\u201c <\/span>weiterlesen<\/a><\/p>\n","protected":false},"author":13687,"featured_media":0,"comment_status":"closed","ping_status":"closed","sticky":false,"template":"","format":"standard","meta":{"footnotes":""},"categories":[2],"tags":[],"class_list":["post-2670","post","type-post","status-publish","format-standard","hentry","category-allgemein-de"],"_links":{"self":[{"href":"https:\/\/demotickerberlin.noblogs.org\/index.php?rest_route=\/wp\/v2\/posts\/2670","targetHints":{"allow":["GET"]}}],"collection":[{"href":"https:\/\/demotickerberlin.noblogs.org\/index.php?rest_route=\/wp\/v2\/posts"}],"about":[{"href":"https:\/\/demotickerberlin.noblogs.org\/index.php?rest_route=\/wp\/v2\/types\/post"}],"author":[{"embeddable":true,"href":"https:\/\/demotickerberlin.noblogs.org\/index.php?rest_route=\/wp\/v2\/users\/13687"}],"replies":[{"embeddable":true,"href":"https:\/\/demotickerberlin.noblogs.org\/index.php?rest_route=%2Fwp%2Fv2%2Fcomments&post=2670"}],"version-history":[{"count":0,"href":"https:\/\/demotickerberlin.noblogs.org\/index.php?rest_route=\/wp\/v2\/posts\/2670\/revisions"}],"wp:attachment":[{"href":"https:\/\/demotickerberlin.noblogs.org\/index.php?rest_route=%2Fwp%2Fv2%2Fmedia&parent=2670"}],"wp:term":[{"taxonomy":"category","embeddable":true,"href":"https:\/\/demotickerberlin.noblogs.org\/index.php?rest_route=%2Fwp%2Fv2%2Fcategories&post=2670"},{"taxonomy":"post_tag","embeddable":true,"href":"https:\/\/demotickerberlin.noblogs.org\/index.php?rest_route=%2Fwp%2Fv2%2Ftags&post=2670"}],"curies":[{"name":"wp","href":"https:\/\/api.w.org\/{rel}","templated":true}]}}