{"id":2679,"date":"2022-11-16T12:40:04","date_gmt":"2022-11-16T11:40:04","guid":{"rendered":"http:\/\/demotickerberlin.blackblogs.org\/?p=2580"},"modified":"2022-11-23T22:04:28","modified_gmt":"2022-11-23T21:04:28","slug":"solidarity-with-alfredo-on-hungerstrike-since-20-10-2022-23-11-2022","status":"publish","type":"post","link":"https:\/\/demotickerberlin.noblogs.org\/?p=2679","title":{"rendered":"Solidarity with Alfredo on hungerstrike since 20.10.2022! (23.11.2022)"},"content":{"rendered":"\n<figure class=\"wp-block-image\"><img decoding=\"async\" src=\"https:\/\/asanberlin.blackblogs.org\/wp-content\/uploads\/sites\/864\/2022\/11\/b2311_2_1.jpeg\" alt=\"\" class=\"wp-image-5025\" \/><\/figure>\n\n\n\n<p><strong>+++ Mittwoch 23.11.2022 +++<\/strong><\/p>\n\n\n\n<p>wir berichten am Mittwoch&nbsp;<a rel=\"noreferrer noopener\" href=\"https:\/\/twitter.com\/hashtag\/b2311?src=hashtag_click\" target=\"_blank\">#b2311<\/a> <strong>ab 16:00 Uhr<\/strong>&nbsp;von der Demonstration<\/p>\n\n\n\n<p>\ud83d\udd25<strong>Solidarity with Alfredo on hungerstrike since 20.10.2022!<\/strong>\ud83d\udd25<\/p>\n\n\n\n<p> <strong>Mittwoch, 23.11.2022 | 16:00 Uhr | Hildebrandstra\u00dfe 10785 Berlin<\/strong> <\/p>\n\n\n\n<p> <strong>Anreise: Bus 100, 106, 187, 200 Nordische Botschaften\/Adenauer-Stiftung | Bus 200 Tiergartenstra\u00dfe | M29 Hiroshima Steg o. K\u00f6bisstra\u00dfe<\/strong> <\/p>\n\n\n\n<p>Web-Ticker:&nbsp;<a rel=\"noreferrer noopener\" href=\"https:\/\/berlin.demoticker.org\/\" target=\"_blank\">https:\/\/berlin.demoticker.org<\/a><br>Mastodon:&nbsp;<a rel=\"noreferrer noopener\" href=\"https:\/\/todon.eu\/@Demo_Ticker_Berlin\" target=\"_blank\">@Demo_Ticker_Berlin@todon.eu<\/a><br>Telegram Ticker:&nbsp;<a rel=\"noreferrer noopener\" href=\"https:\/\/t.me\/demotickerberlin\" target=\"_blank\">https:\/\/t.me\/demotickerberlin<\/a><br>Telegram Ticker English:&nbsp;<a rel=\"noreferrer noopener\" href=\"https:\/\/t.me\/demotickerEng\" target=\"_blank\">https:\/\/t.me\/demotickerEng<\/a><br>Twitter Accounts: \ud83d\udce2<a rel=\"noreferrer noopener\" href=\"https:\/\/twitter.com\/demo_ticker\" target=\"_blank\">@demo_ticker<\/a><br>Twitter Hashtags:<a rel=\"noreferrer noopener\" href=\"https:\/\/twitter.com\/hashtag\/b2311?src=hashtag_click\" target=\"_blank\">#b2311<\/a>&nbsp;<a rel=\"noreferrer noopener\" href=\"https:\/\/twitter.com\/hashtag\/AlfredoCospito?src=hashtag_click\" target=\"_blank\">#AlfredoCospito<\/a><\/p>\n\n\n\n<p><strong>\ud83d\uddfa\ufe0f Voraussichtliche Route:<\/strong><\/p>\n\n\n\n<ul class=\"wp-block-list\">\n<li>Hildebrandstra\u00dfe 1 (italienisches Konsulat)<\/li>\n\n\n\n<li>Hildebrandstra\u00dfe<\/li>\n\n\n\n<li>Tiergartenstra\u00dfe<\/li>\n\n\n\n<li>Hiroshimastra\u00dfe<\/li>\n\n\n\n<li>Hiroshimastra\u00dfe 1<\/li>\n\n\n\n<li>Hiroshimastra\u00dfe<\/li>\n\n\n\n<li>Reichpietschufer<\/li>\n\n\n\n<li>Potsdamer Stra\u00dfe<\/li>\n\n\n\n<li>Potsdamer Platz<\/li>\n\n\n\n<li>Ebertstra\u00dfe<\/li>\n\n\n\n<li>Platz des 18. M\u00e4rz<\/li>\n<\/ul>\n\n\n\n<p><strong><em>*english below*<\/em><\/strong><\/p>\n\n\n\n<hr class=\"wp-block-separator has-css-opacity\" \/>\n\n\n\n<p>Am 23. November 2022 um 16:00 Uhr treffen wir uns vor der Italienischen Botschaft (Hildebrandstr. 1, 10785 Berlin) in Solidarit\u00e4t mit Alfredo Cospito, einem anarchistischen Gefangenen, der in Italien in extremer Isolation (41bis-Regime) inhaftiert ist.<\/p>\n\n\n\n<p><strong>Um 17:00 Uhr werden wir von diesem Ort aus eine Demo starten, um unsere Wut auf die Stra\u00dfe zu tragen.<\/strong><\/p>\n\n\n\n<p><strong>Bitte kommt p\u00fcnktlich.<\/strong><\/p>\n\n\n\n<p>Das 41bis-Gef\u00e4ngnisregime ist das extremste Zwangsinstrument in den H\u00e4nden des italienischen Staates, das durch die Isolation Folter, Entmenschlichung und die Vernichtung des menschlichen Wesens institutionalisiert. Alfredo wurde nach mehr als 10 Jahren Hochsicherheitsgef\u00e4ngnis nach 41bis verlegt, mit dem erkl\u00e4rten Ziel, seinen Beitrag zur revolution\u00e4ren Debatte zum Schweigen zu bringen.<\/p>\n\n\n\n<p>Seit April letzten Jahres ist Alfredo aller Rechte beraubt: Er darf nicht lesen, nicht studieren, sich nicht informieren und keinen Kontakt zur Au\u00dfenwelt haben. Seine Haftzeit verbringt er in einer Betonkabine von nur wenigen Quadratmetern, und soziale Kontakte zu anderen H\u00e4ftlingen gibt es praktisch nicht.<\/p>\n\n\n\n<p>Alfredos Behandlung ist Teil einer gr\u00f6\u00dferen Konstellation von Ma\u00dfnahmen, die der italienische Staat ergreift, um die anarchistische Bewegung zu zerschlagen, darunter:<\/p>\n\n\n\n<ul class=\"wp-block-list\">\n<li>die Verurteilung des Genossen Juan zu 28 Jahren Haft (der sich seit dem 25. Oktober in Solidarit\u00e4t mit Alfredo ebenfalls im Hungerstreik befindet), weil er eine Bombe vor dem Sitz der Lega Nord (einer rechtsgerichteten italienischen Partei) gelegt hatte, bei der niemand verletzt wurde;<\/li>\n\n\n\n<li>die Umwandlung des Urteils von versuchtem Massaker in versuchtes politisches Massaker (das zweite beinhaltet die M\u00f6glichkeit einer lebenslangen Haftstrafe) f\u00fcr Alfredo und Anna, die beide beschuldigt werden, eine Bombe (die ebenfalls keine Verletzten verursacht hat) vor einer Carabinieri-Kaserne gelegt zu haben.<\/li>\n<\/ul>\n\n\n\n<p>20. Oktober 2022: Alfredo Cospito beginnt einen Hungerstreik, bis er aus dem 41bis Isolationssystem entlassen wird.<\/p>\n\n\n\n<p>25. Oktober 2022: Juan Antonio Sorroche Fernandez beginnt einen Hungerstreik in Solidarit\u00e4t mit Alfredo.<\/p>\n\n\n\n<p>27. Oktober 2022: Ivan Alocco (in Frankreich inhaftiert) beginnt einen Hungerstreik in Solidarit\u00e4t mit Alfredo.<\/p>\n\n\n\n<p>7. November 2022: Anna Beniamino tritt aus Solidarit\u00e4t mit Alfredo in den Hungerstreik.<\/p>\n\n\n\n<p>Bei der letzten Anh\u00f6rung, bei der Alfredo per Videokonferenz zugeschaltet war, verhinderte der Richter, dass der Genosse einen Verteidigungsschriftsatz verlas, in dem er die Gr\u00fcnde f\u00fcr den Beginn seines Kampfes darlegte. Dies war die einzige und vielleicht letzte Gelegenheit, mit der \u00fcbrigen Welt zu kommunizieren. Sein Beitrag wurde vor der \u00d6ffentlichkeit verborgen, wie alles aus 41bis.<br>Sollten die Anw\u00e4lte beschlie\u00dfen, ihn zu ver\u00f6ffentlichen, w\u00fcrden sie mit strafrechtlichen Konsequenzen rechnen m\u00fcssen.<\/p>\n\n\n\n<p><strong>Wir wollen, dass Alfredo aus dem 41bis herauskommt, um diese Folter zu beenden und die Isolation zu durchbrechen!<\/strong><\/p>\n\n\n\n<p><strong>In Solidarit\u00e4t mit Alfredo im Hungerstreik!<\/strong><\/p>\n\n\n\n<p><strong>Libert\u00e0 per Alfredo, Anna e Juan! Libert\u00e0 per tutti e tutte!<\/strong><\/p>\n\n\n\n<hr class=\"wp-block-separator has-css-opacity\" \/>\n\n\n\n<p>On the 23th November 2022 at 16:00 we will meet in front of the Italienische Botschaft (Italian embassy in Hildebrandstr. 1, 10785 Berlin) in solidarity with Alfredo Cospito, anarchist prisoner detained in Italy in extreme isolation (41bis regime).<\/p>\n\n\n\n<p><strong>At 17:00 we will start a Demo from that location to bring in the streets our anger.<\/strong><\/p>\n\n\n\n<p><strong>Please come on time.<\/strong><\/p>\n\n\n\n<p>The 41 bis prison regime is the most extreme coercive instrument in the hands of the Italian State, which, through isolation, institutionalises torture, dehumanisation and the annihilation of the human being. Alfredo was transferred to 41 bis, after more than 10 years of high security imprisonment, with the declared aim of silencing his contribution to the revolutionary debate.<\/p>\n\n\n\n<p>Since last April, Alfredo has been deprived of all rights: reading, studying, informing himself and cannot have any communication with the outside world. His detention is spent in a concrete cubicle of only a few square metres and social interaction with other inmates is practically non-existent.<\/p>\n\n\n\n<p>Alfredo\u2019s treatment is part of a wider constellation of measures taken by the Italian state to crush the anarchist movement, including:<\/p>\n\n\n\n<ul class=\"wp-block-list\">\n<li>the 28 years sentence reserved for comrade Juan (who has also been on hunger strike since the 25th of October in solidarity with Alfredo) for having planted a bomb, which injured no one, in front of the headquarters of the Lega Nord (a right-wing Italian political party);<\/li>\n\n\n\n<li>the conversion of the sentence, from attempted massacre to attempted political massacre (the second includes the possibility of life imprisonment) for Alfredo and Anna, who have both been accused of planting a bomb (which also caused no injuries) in front of a Carabinieri barracks-school.<\/li>\n<\/ul>\n\n\n\n<p>20 october 2022: Alfredo Cospito starts an hunger strike untill he will be released from 41bis isolation system.<\/p>\n\n\n\n<p>25 october 2022: Juan Antonio Sorroche Fernandez starts an hunger strike in solidarity with Alfredo.<\/p>\n\n\n\n<p>27 october 2022: Ivan Alocco (detained in France) starts an hunger strike in solidarity with Alfredo.<\/p>\n\n\n\n<p>7 november 2022: Anna Beniamino starts an hunger strike in solidarity with Alfredo.<\/p>\n\n\n\n<p>During the last hearing, with Alfredo connected by videoconference, the judge prevented the comrade from reading a defence brief through which he set out the reasons for the beginning of his struggle. This was the only, and perhaps last, opportunity to communicate with the rest of the world. His contribution has been hidden from the public like everything from 41 bis.<br>If the lawyers decided to divulge it, they would face criminal consequences.<\/p>\n\n\n\n<p><strong>We want Alfredo out of the 41 bis, to end this torture and to break the isolation!<\/strong><\/p>\n\n\n\n<p><strong>In solidarity with Alfredo on hunger strike!<\/strong><\/p>\n\n\n\n<p><strong>Libert\u00e0 per Alfredo, Anna e Juan! Libert\u00e0 per tutti e tutte!<\/strong><\/p>\n","protected":false},"excerpt":{"rendered":"<p>+++ Mittwoch 23.11.2022 +++ wir berichten am Mittwoch&nbsp;#b2311 ab 16:00 Uhr&nbsp;von der Demonstration \ud83d\udd25Solidarity with Alfredo on hungerstrike since 20.10.2022!\ud83d\udd25 Mittwoch, 23.11.2022 | 16:00 Uhr | Hildebrandstra\u00dfe 10785 Berlin Anreise: Bus 100, 106, 187, 200 Nordische Botschaften\/Adenauer-Stiftung | Bus 200 Tiergartenstra\u00dfe | M29 Hiroshima Steg o. K\u00f6bisstra\u00dfe Web-Ticker:&nbsp;https:\/\/berlin.demoticker.orgMastodon:&nbsp;@Demo_Ticker_Berlin@todon.euTelegram Ticker:&nbsp;https:\/\/t.me\/demotickerberlinTelegram Ticker English:&nbsp;https:\/\/t.me\/demotickerEngTwitter Accounts: \ud83d\udce2@demo_tickerTwitter Hashtags:#b2311&nbsp;#AlfredoCospito \ud83d\uddfa\ufe0f &hellip; <\/p>\n<p class=\"link-more\"><a href=\"https:\/\/demotickerberlin.noblogs.org\/?p=2679\" class=\"more-link\"><span class=\"screen-reader-text\">\u201eSolidarity with Alfredo on hungerstrike since 20.10.2022! (23.11.2022)\u201c <\/span>weiterlesen<\/a><\/p>\n","protected":false},"author":13687,"featured_media":0,"comment_status":"closed","ping_status":"closed","sticky":false,"template":"","format":"standard","meta":{"footnotes":""},"categories":[11],"tags":[],"class_list":["post-2679","post","type-post","status-publish","format-standard","hentry","category-antirep"],"_links":{"self":[{"href":"https:\/\/demotickerberlin.noblogs.org\/index.php?rest_route=\/wp\/v2\/posts\/2679","targetHints":{"allow":["GET"]}}],"collection":[{"href":"https:\/\/demotickerberlin.noblogs.org\/index.php?rest_route=\/wp\/v2\/posts"}],"about":[{"href":"https:\/\/demotickerberlin.noblogs.org\/index.php?rest_route=\/wp\/v2\/types\/post"}],"author":[{"embeddable":true,"href":"https:\/\/demotickerberlin.noblogs.org\/index.php?rest_route=\/wp\/v2\/users\/13687"}],"replies":[{"embeddable":true,"href":"https:\/\/demotickerberlin.noblogs.org\/index.php?rest_route=%2Fwp%2Fv2%2Fcomments&post=2679"}],"version-history":[{"count":1,"href":"https:\/\/demotickerberlin.noblogs.org\/index.php?rest_route=\/wp\/v2\/posts\/2679\/revisions"}],"predecessor-version":[{"id":2741,"href":"https:\/\/demotickerberlin.noblogs.org\/index.php?rest_route=\/wp\/v2\/posts\/2679\/revisions\/2741"}],"wp:attachment":[{"href":"https:\/\/demotickerberlin.noblogs.org\/index.php?rest_route=%2Fwp%2Fv2%2Fmedia&parent=2679"}],"wp:term":[{"taxonomy":"category","embeddable":true,"href":"https:\/\/demotickerberlin.noblogs.org\/index.php?rest_route=%2Fwp%2Fv2%2Fcategories&post=2679"},{"taxonomy":"post_tag","embeddable":true,"href":"https:\/\/demotickerberlin.noblogs.org\/index.php?rest_route=%2Fwp%2Fv2%2Ftags&post=2679"}],"curies":[{"name":"wp","href":"https:\/\/api.w.org\/{rel}","templated":true}]}}