{"id":2727,"date":"2022-11-23T21:06:06","date_gmt":"2022-11-23T20:06:06","guid":{"rendered":"https:\/\/demotickerberlin.noblogs.org\/?p=2727"},"modified":"2022-11-24T17:54:21","modified_gmt":"2022-11-24T16:54:21","slug":"pkk-verbot-aufheben-26-11-2022","status":"publish","type":"post","link":"https:\/\/demotickerberlin.noblogs.org\/?p=2727","title":{"rendered":"PKK-VERBOT AUFHEBEN! (26.11.2022)"},"content":{"rendered":"\n<figure class=\"wp-block-image\"><img decoding=\"async\" src=\"https:\/\/asanberlin.blackblogs.org\/wp-content\/uploads\/sites\/864\/2022\/10\/Plakat-VerbotAufheben22-3-768x1086.jpg\" alt=\"\" class=\"wp-image-4930\" \/><\/figure>\n\n\n\n<p><strong>+++ Samstag 26.11.2022 +++<\/strong><\/p>\n\n\n\n<p>wir berichten am Samstag&nbsp; <a href=\"https:\/\/twitter.com\/hashtag\/b2611?src=hashtag_click\" target=\"_blank\" rel=\"noreferrer noopener\">#b2611<\/a> &nbsp;<strong>ab 11:00 Uhr<\/strong>&nbsp;von der Demonstration<\/p>\n\n\n\n<p>\ud83d\udd25<strong>PKK-VERBOT AUFHEBEN! <\/strong>\ud83d\udd25<\/p>\n\n\n\n<p><strong>Samstag, 26.11.2022 | 11:00 Uhr |\u00a0Hermannplatz 10967 Berlin<\/strong> <strong>Anreise:\u00a0U7, U8, Bus M29, M41, 171, 194 Hermannplatz<\/strong><\/p>\n\n\n\n<p>Web-Ticker:&nbsp;<a rel=\"noreferrer noopener\" href=\"https:\/\/berlin.demoticker.org\/\" target=\"_blank\">https:\/\/berlin.demoticker.org<\/a><br>Mastodon:&nbsp;<a rel=\"noreferrer noopener\" href=\"https:\/\/todon.eu\/@Demo_Ticker_Berlin\" target=\"_blank\">@Demo_Ticker_Berlin@todon.eu<\/a><br>Telegram Ticker:&nbsp;<a rel=\"noreferrer noopener\" href=\"https:\/\/t.me\/demotickerberlin\" target=\"_blank\">https:\/\/t.me\/demotickerberlin<\/a><br>Telegram Ticker English:&nbsp;<a rel=\"noreferrer noopener\" href=\"https:\/\/t.me\/demotickerEng\" target=\"_blank\">https:\/\/t.me\/demotickerEng<\/a><br>Twitter Accounts: \ud83d\udce2<a rel=\"noreferrer noopener\" href=\"https:\/\/twitter.com\/demo_ticker\" target=\"_blank\">@demo_ticker<\/a><br>Twitter Hashtags:&nbsp;<a rel=\"noreferrer noopener\" href=\"https:\/\/twitter.com\/hashtag\/b2611?src=hashtag_click\" target=\"_blank\">#b2611<\/a><a rel=\"noreferrer noopener\" href=\"https:\/\/twitter.com\/hashtag\/PKKVerbotAufheben?src=hashtag_click\" target=\"_blank\">#PKKVerbotAufheben<\/a><\/p>\n\n\n\n<p>\ud83d\udce3 <a href=\"https:\/\/www.verbot-aufheben.org\/aufruf-2022\/\" target=\"_blank\" rel=\"noreferrer noopener\">Aufruf&#8230;<\/a><\/p>\n\n\n\n<p><strong>\ud83d\uddfa\ufe0f Voraussichtliche Route:<\/strong><\/p>\n\n\n\n<ul class=\"wp-block-list\">\n<li>Hermannplatz<\/li>\n\n\n\n<li>Kottbusser Damm<\/li>\n\n\n\n<li>Kottbusser Tor<\/li>\n\n\n\n<li>Skalitzer Stra\u00dfe<\/li>\n\n\n\n<li>G\u00f6rlitzer Bahnhof<\/li>\n\n\n\n<li>Oranienstra\u00dfe<\/li>\n\n\n\n<li>Oranienplatz<\/li>\n<\/ul>\n\n\n\n<p><strong>PKK-Verbot aufheben! \u2013 F\u00fcr eine demokratische L\u00f6sung der kurdischen Frage!<\/strong><\/p>\n\n\n\n<p>Seit mehr als 100 Jahren wird die kurdische Gesellschaft verfolgt, unterdr\u00fcckt und ermordet. Und ebenso lange k\u00e4mpfen die Kurd:innen f\u00fcr ihre Anerkennung und ihre grundlegende Rechte. Die Ende der 70er Jahre gegr\u00fcndete \u201eArbeiterpartei Kurdistans\u201c (PKK) ist eine Vertreterin dieses legitimen Kampfes. Sie ist zugleich die erste und einzige kurdische Bewegung, der es gelang, zu einer Massenbewegung der gesamten kurdischen Bev\u00f6lkerung sowohl in ihrer Heimat, als auch in der Diaspora zu werden. Insbesondere seit der Aufnahme des bewaffneten Kampfes, ist die Identit\u00e4t der kurdischen Gesellschaft nicht mehr zu leugnen.<\/p>\n\n\n\n<p>Dass es der PKK nie darum ging, die kurdische Frage allein mit milit\u00e4rischen Mitteln zu \u201el\u00f6sen\u201c, zeigte sie mehrfach durch einseitige Waffenstillst\u00e4nde, die sie ausgerufen hat. Auf diese hat sich der t\u00fcrkische Staat allerdings nie wirklich eingelassen. Zuletzt gab es zwischen 2013 und 2015 Gespr\u00e4che zwischen der PKK und dem t\u00fcrkischen Staat, die das Ziel verfolgten, eine demokratische L\u00f6sung der kurdischen Frage zu erarbeiten. Doch auch diese Gespr\u00e4che wurden vom t\u00fcrkischen Staat j\u00e4h abgebrochen. Seither erleben wir eine Eskalation des Krieges bisher ungekannten Ausma\u00dfes.<\/p>\n\n\n\n<p>Wof\u00fcr die PKK steht, sieht man eindrucksvoll in den selbstverwalteten Medya Verteidigungsgebiete, im Gefl\u00fcchtetencamp Mexm\u00fbr, in \u015eengal, sowie in der Autonomen Selbstverwaltung Nord- und Ostsyriens, besser bekannt als Rojava. In diesen Gebieten wird das Konzept des demokratischen Konf\u00f6deralismus, welches aus der kurdischen Vordenkers Abdullah \u00d6calan entsprungen ist, umgesetzt. Diese Gebiete sind die einzigen in der Region, in denen Menschen aller Ethnien und Glaubensangeh\u00f6rigkeiten in Frieden und unter Achtung ihrer demokratischen Grundrechte zusammenleben k\u00f6nnen. Au\u00dferdem gibt es weder im Nahen Osten noch weltweit gelebte Gesellschaftsmodelle, in denen Frauen und die Jugend eine solch freie, autonome und bestimmende Rolle in der Gesellschaft haben, wie dort.<\/p>\n\n\n\n<p>Dass das deutsche Innenministerium 1993 das Bet\u00e4tigungsverbot der PKK in Kraft setzte und im Jahre 2002 die PKK auf die Terrorliste der EU und der USA aufgenommen wurde, verdeutlich Folgendes: Bei diesem Konflikt handelt es sich nicht um einen \u201ekurdisch-t\u00fcrkischen Konflikt\u201c, sondern um einen, bei dem sich die herrschenden Kr\u00e4fte der kapitalistischen Moderne und die gesellschaftlichen Kr\u00e4fte einer demokratischen Alternative gegen\u00fcberstehen.<\/p>\n\n\n\n<p>Das PKK-Verbot war weder damals angebracht, noch ist es das heute. Vielmehr war und ist es Anlass zur Stigmatisierung und Kriminalisierung von allen Kurd:innen und aller Menschen, die sich f\u00fcr sie und ihre Rechte einsetzen. Es ebnet seitdem den Boden f\u00fcr strukturellen anti-kurdischen Rassismus in Deutschland und verhindert eine demokratische L\u00f6sung der kurdischen Frage.<\/p>\n\n\n\n<p>Deswegen hat die PKK einen wichtigen Schritt getan, als sie dieses Jahr an das Bundesinnenministerium gerichtet den Antrag zur Aufhebung ihres Bet\u00e4tigungsverbotes gestellt hat. Parallel dazu l\u00e4uft die weltweite Unterschriftenkampagne \u201eJustice for Kurds\u201c, mit der Millionen Menschen aus der ganzen Welt die Streichung der PKK von der EU- und US-Terrorliste fordern.<\/p>\n\n\n\n<p>Es wird aktuell also vielerorts und in vielf\u00e4ltiger Form Widerstand gegen die Kriminalisierung der Kurd:innen durch das PKK-Bet\u00e4tigungsverbot und die Listung auf den Terrorlisten geleistet. Wir verstehen unsere diesj\u00e4hrige Demonstration \u201ePKK-Verbot aufheben!\u201c als Teil dieses breitangelegten Widerstandes. Hierbei sind unsere Forderungen klar:<\/p>\n\n\n\n<p><strong>Das Bet\u00e4tigungsverbot der PKK in Deutschland muss fallen!<\/strong><\/p>\n\n\n\n<p><strong>Die PKK muss aus der Terrorliste der EU und der USA gestrichen werden und alle politischen Gefangenen m\u00fcssen freigelassen werden!<\/strong><\/p>\n\n\n\n<p>Das k\u00f6nnen erste wichtige Schritte auf dem Weg zum Dialog und L\u00f6sung der kurdischen Frage sein. F\u00fcr diese Forderungen und f\u00fcr eine demokratische Entwicklung in Kurdistan, der T\u00fcrkei und im Nahen Osten werden wir am 26. November 2022 in Berlin demonstrieren! Wir rufen alle dazu auf, unsere Demonstration breit zu unterst\u00fctzen und sich daran zu beteiligen!<\/p>\n","protected":false},"excerpt":{"rendered":"<p>+++ Samstag 26.11.2022 +++ wir berichten am Samstag&nbsp; #b2611 &nbsp;ab 11:00 Uhr&nbsp;von der Demonstration \ud83d\udd25PKK-VERBOT AUFHEBEN! \ud83d\udd25 Samstag, 26.11.2022 | 11:00 Uhr |\u00a0Hermannplatz 10967 Berlin Anreise:\u00a0U7, U8, Bus M29, M41, 171, 194 Hermannplatz Web-Ticker:&nbsp;https:\/\/berlin.demoticker.orgMastodon:&nbsp;@Demo_Ticker_Berlin@todon.euTelegram Ticker:&nbsp;https:\/\/t.me\/demotickerberlinTelegram Ticker English:&nbsp;https:\/\/t.me\/demotickerEngTwitter Accounts: \ud83d\udce2@demo_tickerTwitter Hashtags:&nbsp;#b2611#PKKVerbotAufheben \ud83d\udce3 Aufruf&#8230; \ud83d\uddfa\ufe0f Voraussichtliche Route: PKK-Verbot aufheben! \u2013 F\u00fcr eine demokratische L\u00f6sung der kurdischen Frage! &hellip; <\/p>\n<p class=\"link-more\"><a href=\"https:\/\/demotickerberlin.noblogs.org\/?p=2727\" class=\"more-link\"><span class=\"screen-reader-text\">\u201ePKK-VERBOT AUFHEBEN! (26.11.2022)\u201c <\/span>weiterlesen<\/a><\/p>\n","protected":false},"author":13687,"featured_media":0,"comment_status":"closed","ping_status":"closed","sticky":false,"template":"","format":"standard","meta":{"footnotes":""},"categories":[12,14],"tags":[],"class_list":["post-2727","post","type-post","status-publish","format-standard","hentry","category-antifa-demos","category-antirassismus"],"_links":{"self":[{"href":"https:\/\/demotickerberlin.noblogs.org\/index.php?rest_route=\/wp\/v2\/posts\/2727","targetHints":{"allow":["GET"]}}],"collection":[{"href":"https:\/\/demotickerberlin.noblogs.org\/index.php?rest_route=\/wp\/v2\/posts"}],"about":[{"href":"https:\/\/demotickerberlin.noblogs.org\/index.php?rest_route=\/wp\/v2\/types\/post"}],"author":[{"embeddable":true,"href":"https:\/\/demotickerberlin.noblogs.org\/index.php?rest_route=\/wp\/v2\/users\/13687"}],"replies":[{"embeddable":true,"href":"https:\/\/demotickerberlin.noblogs.org\/index.php?rest_route=%2Fwp%2Fv2%2Fcomments&post=2727"}],"version-history":[{"count":4,"href":"https:\/\/demotickerberlin.noblogs.org\/index.php?rest_route=\/wp\/v2\/posts\/2727\/revisions"}],"predecessor-version":[{"id":2752,"href":"https:\/\/demotickerberlin.noblogs.org\/index.php?rest_route=\/wp\/v2\/posts\/2727\/revisions\/2752"}],"wp:attachment":[{"href":"https:\/\/demotickerberlin.noblogs.org\/index.php?rest_route=%2Fwp%2Fv2%2Fmedia&parent=2727"}],"wp:term":[{"taxonomy":"category","embeddable":true,"href":"https:\/\/demotickerberlin.noblogs.org\/index.php?rest_route=%2Fwp%2Fv2%2Fcategories&post=2727"},{"taxonomy":"post_tag","embeddable":true,"href":"https:\/\/demotickerberlin.noblogs.org\/index.php?rest_route=%2Fwp%2Fv2%2Ftags&post=2727"}],"curies":[{"name":"wp","href":"https:\/\/api.w.org\/{rel}","templated":true}]}}