{"id":2730,"date":"2022-11-23T21:30:19","date_gmt":"2022-11-23T20:30:19","guid":{"rendered":"https:\/\/demotickerberlin.noblogs.org\/?p=2730"},"modified":"2022-11-24T17:52:10","modified_gmt":"2022-11-24T16:52:10","slug":"fight-back-damals-wie-heute-antifa-bleibt-handarbeit-26-11-2022","status":"publish","type":"post","link":"https:\/\/demotickerberlin.noblogs.org\/?p=2730","title":{"rendered":"Fight Back \u2013 Damals wie Heute: Antifa bleibt Handarbeit! (26.11.2022)"},"content":{"rendered":"\n<figure class=\"wp-block-image\"><img decoding=\"async\" src=\"https:\/\/asanberlin.blackblogs.org\/wp-content\/uploads\/sites\/864\/2022\/11\/Insta_Banner_V1.cleaned.png\" alt=\"\" class=\"wp-image-4992\" \/><\/figure>\n\n\n\n<p><strong>+++ Samstag 26.11.2022 +++<\/strong><\/p>\n\n\n\n<p>wir berichten am Samstag&nbsp;&nbsp;<a href=\"https:\/\/twitter.com\/hashtag\/b2611?src=hashtag_click\" target=\"_blank\" rel=\"noreferrer noopener\">#b2611<\/a>&nbsp;&nbsp;<strong>ab 18:00 Uhr<\/strong>&nbsp;von der Demonstration<\/p>\n\n\n\n<p>\ud83d\udd25<strong>Fight Back \u2013 Damals wie Heute: Antifa bleibt Handarbeit!<\/strong>\ud83d\udd25<\/p>\n\n\n\n<p><strong>Samstag, 26.11.2022 | 18:00 Uhr | U Samariterstra\u00dfe \/ Ecke Silvio-Meier-Stra\u00dfe 10247 Berlin<\/strong><\/p>\n\n\n\n<p><strong>Anreise: U5 Samariterstra\u00dfe<\/strong><\/p>\n\n\n\n<p>Web-Ticker:\u00a0<a rel=\"noreferrer noopener\" href=\"https:\/\/berlin.demoticker.org\/\" target=\"_blank\">https:\/\/berlin.demoticker.org<\/a><br>Mastodon:\u00a0<a rel=\"noreferrer noopener\" href=\"https:\/\/todon.eu\/@Demo_Ticker_Berlin\" target=\"_blank\">@Demo_Ticker_Berlin@todon.eu<\/a><br>Telegram Ticker:\u00a0<a rel=\"noreferrer noopener\" href=\"https:\/\/t.me\/demotickerberlin\" target=\"_blank\">https:\/\/t.me\/demotickerberlin<\/a><br>Telegram Ticker English:\u00a0<a rel=\"noreferrer noopener\" href=\"https:\/\/t.me\/demotickerEng\" target=\"_blank\">https:\/\/t.me\/demotickerEng<\/a><br>Twitter Accounts: \ud83d\udce2<a rel=\"noreferrer noopener\" href=\"https:\/\/twitter.com\/demo_ticker\" target=\"_blank\">@demo_ticker<\/a><br>Twitter Hashtags: <a href=\"https:\/\/twitter.com\/hashtag\/b2611?src=hashtag_click\">#b2611<\/a>\u00a0<a href=\"https:\/\/twitter.com\/hashtag\/fightback?src=hashtag_click\">#fightback<\/a><\/p>\n\n\n\n<p>\ud83d\udce3&nbsp;<a href=\"https:\/\/fightbackberlin.noblogs.org\/aufruf\/\" target=\"_blank\" rel=\"noreferrer noopener\">Aufruf&#8230;<\/a><\/p>\n\n\n\n<p><strong>\ud83d\uddfa\ufe0f Voraussichtliche Route:<\/strong><\/p>\n\n\n\n<figure class=\"wp-block-image\"><a href=\"https:\/\/asanberlin.blackblogs.org\/wp-content\/uploads\/sites\/864\/2022\/11\/b2611_1_2.jpg\" target=\"_blank\" rel=\"noreferrer noopener\"><img decoding=\"async\" src=\"https:\/\/asanberlin.blackblogs.org\/wp-content\/uploads\/sites\/864\/2022\/11\/b2611_1_2.jpg\" alt=\"\" class=\"wp-image-5038\" \/><\/a><\/figure>\n\n\n\n<ul class=\"wp-block-list\">\n<li>Frankfurter Allee Ecke Silvio-Meier-Stra\u00dfe<\/li>\n\n\n\n<li>Silvio-Meier-Stra\u00dfe<\/li>\n\n\n\n<li>Rigaer Stra\u00dfe<\/li>\n\n\n\n<li>Samariterstra\u00dfe<\/li>\n\n\n\n<li>Schreinerstra\u00dfe<\/li>\n\n\n\n<li>Voigtstra\u00dfe<\/li>\n\n\n\n<li>Jungstra\u00dfe<\/li>\n\n\n\n<li>Gryphiusstra\u00dfe<\/li>\n\n\n\n<li>Boxhagener Stra\u00dfe<\/li>\n\n\n\n<li>Marktstra\u00dfe<\/li>\n\n\n\n<li>N\u00f6lnderstra\u00dfe<\/li>\n\n\n\n<li>Zwischenkundgebung Ecke N\u00f6ldnerstr. 7 Schlichtallee \/ L\u00fcckstra\u00dfe<\/li>\n\n\n\n<li>L\u00fcckstra\u00dfe<\/li>\n\n\n\n<li>Emanuelstra\u00dfe<\/li>\n\n\n\n<li>Leopoldstra\u00dfe<\/li>\n\n\n\n<li>Eitelstra\u00dfe<\/li>\n\n\n\n<li>M\u00fcnsterlandstra\u00dfe<\/li>\n\n\n\n<li>Weitlingstra\u00dfe<\/li>\n\n\n\n<li>Margaretenstra\u00dfe<\/li>\n\n\n\n<li>Metastra\u00dfe<\/li>\n\n\n\n<li>Irenenstra\u00dfe<\/li>\n\n\n\n<li>Weitlingstra\u00dfe<\/li>\n\n\n\n<li>Einbecker Stra\u00dfe<\/li>\n\n\n\n<li>Rosenfelder Stra\u00dfe<\/li>\n\n\n\n<li>Frankfurter Allee<\/li>\n\n\n\n<li>Magdalenenstra\u00dfe<\/li>\n\n\n\n<li>Magdalenenstra\u00dfe Ecke Roedeliusplatz<\/li>\n<\/ul>\n\n\n\n<p>Vor drei\u00dfig Jahren wurde Silvio Meier von einem Neonazi an der U Samariterstra\u00dfe ermordet, weil er nicht tolerieren wollte, dass sich Neonazis durch Berliner Stra\u00dfen bewegen. Und vor knapp zwei Jahren wurde Lina verhaftet und sitzt seitdem in Untersuchungshaft, weil sie ebenfalls gegen faschistische Strukturen aktiv wurde.&nbsp;Parallel erstarken Neonazis, Faschist_innen und andere Rechte \u00fcberall in Deutschland: in Mecklenburg-Vorpommern, wo eine Gefl\u00fcchtetenunterkunft in Brand gesetzt wurde, in Th\u00fcringen, wo Brands\u00e4tze und Hakenkreuze an und um Unterk\u00fcnfte auftauchen und eben auch im angeblich ach so weltoffenem Berlin, in dem es 2021 laut Berliner Register 4.841 rechte Vorf\u00e4lle gab.<\/p>\n\n\n\n<p>Diese Gewalt ist m\u00f6rderisch. Um das zu erkennen, brauchen wir nicht drei\u00dfig Jahre in die Vergangenheit schauen, zu Silvio Meier und Ay\u015fe Y\u0131lmaz, Bahide und Yeliz Arslan. Es reicht ein Blick in die j\u00fcngere Vergangenheit, nach Halle, zu den Morden an Jana Lange und Kevin Schwarze und nach Hanau, wo G\u00f6khan G\u00fcltekin, Sedat G\u00fcrb\u00fcz, Said Nesar Hashemi, Mercedes Kierpacz, Hamza Kurtovi\u0107, Villi Viorel P\u0103un, Fatih Sara\u00e7o\u011flu, Ferhat Unvar, Kaloyan Velkov und Gabriele Rathjen ermordet wurden. Oder ein Blick nach Neuk\u00f6lln, wo Neonazis immer wieder Anschl\u00e4ge ver\u00fcben. Oder nach Lichtenberg, wo letztes Jahr 732 der \u00fcber viertausend rechten Vorf\u00e4lle stattfanden und immer noch viele aktive Faschist_innen wohnen und sich organisieren.<\/p>\n\n\n\n<p>Und w\u00e4hrend sie auf der Stra\u00dfe Gewalt aus\u00fcben, fischen von Linkspartei und Gr\u00fcnen, \u00fcber die SPD bis zur CDU alle Parteien der sogenannten b\u00fcrgerlichen Mitte am rechten Rand.<\/p>\n\n\n\n<p>Im Kampf gegen diese zutiefst deutschen Zust\u00e4nde k\u00f6nnen wir uns nicht auf die sogenannten Sicherheitsbeh\u00f6rden verlassen. Statt People of Color vor rechten \u00dcbergriffen zu sch\u00fctzen, wie es angeblich ihre Aufgabe ist, ver\u00fcben die Cops im ganzen Land rassistische \u00dcbergriffe und Morde \u2013 in Berliner Wohnungen, in Dortmunder Stra\u00dfen oder Dessauer Polizeirevieren \u2013 weil es eben nicht ihre Aufgabe ist, sogenannte Minderheiten zu sch\u00fctzen. Statt Ferat Ko\u00e7ak vor einem geplanten Anschlag durch Neuk\u00f6llner Neonazis zu warnen, lie\u00dfen sie den Anschlag einfach passieren. Statt danach zu ermitteln, mauschelten Staatsanwaltschaft und Bullerei mit den T\u00e4tern.<\/p>\n\n\n\n<p>Denn in Wahrheit ist es die Aufgabe der Bullen, den Status Quo aufrecht zu halten \u2013 und der ist gepr\u00e4gt von Rassismus. Deshalb werden antifaschistische Aktivistinnen wie Lina, die die richtigen Schl\u00fcsse gezogen haben und selbst aktiv werden, tausendmal h\u00e4rter verfolgt als Faschist_innen.<\/p>\n\n\n\n<p><strong>Und deshalb k\u00f6nnen wir als Antifaschist_innen nur zu einem Schluss kommen: wir m\u00fcssen uns ein Beispiel an Silvio Meier und Lina nehmen und selber aktiv werden. <\/strong><\/p>\n\n\n\n<p>Daf\u00fcr soll die dritte Fight Back Demo eine weitere Chance liefern. Wir wollen am 26. November, 18 Uhr in Friedrichshain, an der Silvio-Meier-Stra\u00dfe, in Gedenken beginnen und dann den Szenekiez und unsere Komfortzone verlassen.<\/p>\n\n\n\n<p>Dabei wollen wir einem antifaschistischen Leitspruch treu bleiben: Erinnern hei\u00dft auch K\u00e4mpfen \u2013 gegen die Umst\u00e4nde, die faschistische Gewalt hervorbringen, aber auch und vor allem gegen diejenigen, die sie aus\u00fcben. Das geht nur gemeinsam, r\u00fccksichtsvoll, und gleichzeitig entschlossen.<\/p>\n\n\n\n<p><strong>Schnappt euch also eure Bezugsgruppen, eure Windbreaker und FFP2-Masken, lasst eure Handys, Hunde und Fahrr\u00e4der zu Hause und kommt mit auf die Stra\u00dfe, denn damals wie heute bleibt Antifa Handarbeit!<\/strong><\/p>\n","protected":false},"excerpt":{"rendered":"<p>+++ Samstag 26.11.2022 +++ wir berichten am Samstag&nbsp;&nbsp;#b2611&nbsp;&nbsp;ab 18:00 Uhr&nbsp;von der Demonstration \ud83d\udd25Fight Back \u2013 Damals wie Heute: Antifa bleibt Handarbeit!\ud83d\udd25 Samstag, 26.11.2022 | 18:00 Uhr | U Samariterstra\u00dfe \/ Ecke Silvio-Meier-Stra\u00dfe 10247 Berlin Anreise: U5 Samariterstra\u00dfe Web-Ticker:\u00a0https:\/\/berlin.demoticker.orgMastodon:\u00a0@Demo_Ticker_Berlin@todon.euTelegram Ticker:\u00a0https:\/\/t.me\/demotickerberlinTelegram Ticker English:\u00a0https:\/\/t.me\/demotickerEngTwitter Accounts: \ud83d\udce2@demo_tickerTwitter Hashtags: #b2611\u00a0#fightback \ud83d\udce3&nbsp;Aufruf&#8230; \ud83d\uddfa\ufe0f Voraussichtliche Route: Vor drei\u00dfig Jahren wurde Silvio Meier &hellip; <\/p>\n<p class=\"link-more\"><a href=\"https:\/\/demotickerberlin.noblogs.org\/?p=2730\" class=\"more-link\"><span class=\"screen-reader-text\">\u201eFight Back \u2013 Damals wie Heute: Antifa bleibt Handarbeit! (26.11.2022)\u201c <\/span>weiterlesen<\/a><\/p>\n","protected":false},"author":13687,"featured_media":0,"comment_status":"closed","ping_status":"closed","sticky":false,"template":"","format":"standard","meta":{"footnotes":""},"categories":[12],"tags":[6,7],"class_list":["post-2730","post","type-post","status-publish","format-standard","hentry","category-antifa-demos","tag-b2611","tag-fightback"],"_links":{"self":[{"href":"https:\/\/demotickerberlin.noblogs.org\/index.php?rest_route=\/wp\/v2\/posts\/2730","targetHints":{"allow":["GET"]}}],"collection":[{"href":"https:\/\/demotickerberlin.noblogs.org\/index.php?rest_route=\/wp\/v2\/posts"}],"about":[{"href":"https:\/\/demotickerberlin.noblogs.org\/index.php?rest_route=\/wp\/v2\/types\/post"}],"author":[{"embeddable":true,"href":"https:\/\/demotickerberlin.noblogs.org\/index.php?rest_route=\/wp\/v2\/users\/13687"}],"replies":[{"embeddable":true,"href":"https:\/\/demotickerberlin.noblogs.org\/index.php?rest_route=%2Fwp%2Fv2%2Fcomments&post=2730"}],"version-history":[{"count":4,"href":"https:\/\/demotickerberlin.noblogs.org\/index.php?rest_route=\/wp\/v2\/posts\/2730\/revisions"}],"predecessor-version":[{"id":2750,"href":"https:\/\/demotickerberlin.noblogs.org\/index.php?rest_route=\/wp\/v2\/posts\/2730\/revisions\/2750"}],"wp:attachment":[{"href":"https:\/\/demotickerberlin.noblogs.org\/index.php?rest_route=%2Fwp%2Fv2%2Fmedia&parent=2730"}],"wp:term":[{"taxonomy":"category","embeddable":true,"href":"https:\/\/demotickerberlin.noblogs.org\/index.php?rest_route=%2Fwp%2Fv2%2Fcategories&post=2730"},{"taxonomy":"post_tag","embeddable":true,"href":"https:\/\/demotickerberlin.noblogs.org\/index.php?rest_route=%2Fwp%2Fv2%2Ftags&post=2730"}],"curies":[{"name":"wp","href":"https:\/\/api.w.org\/{rel}","templated":true}]}}