{"id":2735,"date":"2022-11-23T21:53:55","date_gmt":"2022-11-23T20:53:55","guid":{"rendered":"https:\/\/demotickerberlin.noblogs.org\/?p=2735"},"modified":"2022-11-24T17:50:15","modified_gmt":"2022-11-24T16:50:15","slug":"freiheit-fuer-alle-antifaschistischen-und-revolutionaeren-gefangenen-27-11-2022","status":"publish","type":"post","link":"https:\/\/demotickerberlin.noblogs.org\/?p=2735","title":{"rendered":"Freiheit f\u00fcr alle antifaschistischen und revolution\u00e4ren Gefangenen! (27.11.2022)"},"content":{"rendered":"\r\n<figure class=\"wp-block-image\"><img decoding=\"async\" class=\"wp-image-4975\" src=\"https:\/\/asanberlin.blackblogs.org\/wp-content\/uploads\/sites\/864\/2022\/11\/b2711_1_1.jpeg\" alt=\"\" \/><\/figure>\r\n<div class=\"components-disabled\">\r\n<div class=\"editor-inner-blocks block-editor-inner-blocks\">\r\n<div class=\"editor-block-list__layout block-editor-block-list__layout\">\r\n<div id=\"block-e30593fe-3e0a-4513-863b-c387bcfe2c8e\" class=\"wp-block editor-block-list__block block-editor-block-list__block\" data-type=\"core\/paragraph\" aria-label=\"Block: Absatz\">\r\n<div class=\"editor-block-list__block-edit block-editor-block-list__block-edit\">\r\n<div data-block=\"e30593fe-3e0a-4513-863b-c387bcfe2c8e\">\r\n<div>\r\n<div class=\"editor-rich-text block-editor-rich-text\">\r\n<div>\r\n<div>\r\n<div class=\"components-autocomplete\">\r\n<p class=\"block-editor-rich-text__editable editor-rich-text__editable wp-block-paragraph\" role=\"textbox\" data-is-placeholder-visible=\"false\" aria-label=\"Absatz-Block\"><strong>+++ Sonntag 27.11.2022 +++<\/strong><\/p>\r\n<\/div>\r\n<\/div>\r\n<\/div>\r\n<\/div>\r\n<\/div>\r\n<\/div>\r\n<\/div>\r\n<\/div>\r\n<div id=\"block-259b5c20-d68b-4bd0-b184-7ff9c975faba\" class=\"wp-block editor-block-list__block block-editor-block-list__block\" data-type=\"core\/paragraph\" aria-label=\"Block: Absatz\">\r\n<div class=\"editor-block-list__block-edit block-editor-block-list__block-edit\">\r\n<div data-block=\"259b5c20-d68b-4bd0-b184-7ff9c975faba\">\r\n<div>\r\n<div class=\"editor-rich-text block-editor-rich-text\">\r\n<div>\r\n<div>\r\n<div class=\"components-autocomplete\">\r\n<p class=\"block-editor-rich-text__editable editor-rich-text__editable wp-block-paragraph\" role=\"textbox\" data-is-placeholder-visible=\"false\" aria-label=\"Absatz-Block\">wir berichten am Sonntag\u00a0<a href=\"https:\/\/twitter.com\/hashtag\/b2711?src=hashtag_click\" target=\"_blank\" rel=\"noreferrer noopener\">#b2711<\/a> <strong>ab 13:00 Uhr<\/strong>\u00a0von der Demonstration<\/p>\r\n<\/div>\r\n<\/div>\r\n<\/div>\r\n<\/div>\r\n<\/div>\r\n<\/div>\r\n<\/div>\r\n<\/div>\r\n<div id=\"block-fd2f77d2-36b4-468e-945c-0dcdd5cdca3c\" class=\"wp-block editor-block-list__block block-editor-block-list__block\" data-type=\"core\/paragraph\" aria-label=\"Block: Absatz\">\r\n<div class=\"editor-block-list__block-edit block-editor-block-list__block-edit\">\r\n<div data-block=\"fd2f77d2-36b4-468e-945c-0dcdd5cdca3c\">\r\n<div>\r\n<div class=\"editor-rich-text block-editor-rich-text\">\r\n<div>\r\n<div>\r\n<div class=\"components-autocomplete\">\r\n<p class=\"block-editor-rich-text__editable editor-rich-text__editable wp-block-paragraph\" role=\"textbox\" data-is-placeholder-visible=\"false\" aria-label=\"Absatz-Block\">\ud83d\udd25<strong>Freiheit f\u00fcr alle antifaschistischen und revolution\u00e4ren Gefangenen!\u00a0<\/strong>\ud83d\udd25<\/p>\r\n<\/div>\r\n<\/div>\r\n<\/div>\r\n<\/div>\r\n<\/div>\r\n<\/div>\r\n<\/div>\r\n<\/div>\r\n<div id=\"block-596da47e-dc00-4fad-9373-9cbf521d6782\" class=\"wp-block editor-block-list__block block-editor-block-list__block\" data-type=\"core\/paragraph\" aria-label=\"Block: Absatz\">\r\n<div class=\"editor-block-list__block-edit block-editor-block-list__block-edit\">\r\n<div data-block=\"596da47e-dc00-4fad-9373-9cbf521d6782\">\r\n<div>\r\n<div class=\"editor-rich-text block-editor-rich-text\">\r\n<div>\r\n<div>\r\n<div class=\"components-autocomplete\">\r\n<p class=\"block-editor-rich-text__editable editor-rich-text__editable wp-block-paragraph\" role=\"textbox\" data-is-placeholder-visible=\"false\" aria-label=\"Absatz-Block\"><strong>Sonntag, 27.11.2022 | 13:00 Uhr |\u00a0Anton-Wilhelm-Amo Stra\u00dfe 37\u00a0 (ehem. M-Stra\u00dfe) 10117 Berlin<\/strong><\/p>\r\n<\/div>\r\n<\/div>\r\n<\/div>\r\n<\/div>\r\n<\/div>\r\n<\/div>\r\n<\/div>\r\n<\/div>\r\n<div id=\"block-b9668403-122a-4867-a402-3c07a634b01e\" class=\"wp-block editor-block-list__block block-editor-block-list__block\" data-type=\"core\/paragraph\" aria-label=\"Block: Absatz\">\r\n<div class=\"editor-block-list__block-edit block-editor-block-list__block-edit\">\r\n<div data-block=\"b9668403-122a-4867-a402-3c07a634b01e\">\r\n<div>\r\n<div class=\"editor-rich-text block-editor-rich-text\">\r\n<div>\r\n<div>\r\n<div class=\"components-autocomplete\">\r\n<p class=\"block-editor-rich-text__editable editor-rich-text__editable wp-block-paragraph\" role=\"textbox\" data-is-placeholder-visible=\"false\" aria-label=\"Absatz-Block\"><strong>Anreise: U2\u00a0Hausvogteiplatz |\u00a0Bus 200, 265\u00a0Jerusalemer Stra\u00dfe | U6 Stadtmitte<\/strong><\/p>\r\n<\/div>\r\n<\/div>\r\n<\/div>\r\n<\/div>\r\n<\/div>\r\n<\/div>\r\n<\/div>\r\n<\/div>\r\n<div id=\"block-577320c2-35da-4866-b935-05692b5e219d\" class=\"wp-block editor-block-list__block block-editor-block-list__block is-reusable\" data-type=\"core\/block\" aria-label=\"Block: Wiederverwendbarer Block\">\r\n<div class=\"editor-block-list__block-edit block-editor-block-list__block-edit\">\r\n<div data-block=\"577320c2-35da-4866-b935-05692b5e219d\">\r\n<div class=\"components-disabled\">\r\n<div>\r\n<div class=\"editor-rich-text block-editor-rich-text\">\r\n<div>\r\n<div>\r\n<div class=\"components-autocomplete\">\r\n<p class=\"block-editor-rich-text__editable editor-rich-text__editable wp-block-paragraph\" role=\"textbox\" data-is-placeholder-visible=\"false\" aria-label=\"Absatz-Block\">Web-Ticker:\u00a0<a href=\"https:\/\/berlin.demoticker.org\/\" target=\"_blank\" rel=\"noreferrer noopener\">https:\/\/berlin.demoticker.org<\/a><br data-rich-text-line-break=\"true\" \/>Mastodon:\u00a0<a href=\"https:\/\/todon.eu\/@Demo_Ticker_Berlin\" target=\"_blank\" rel=\"noreferrer noopener\">@Demo_Ticker_Berlin@todon.eu<\/a><br data-rich-text-line-break=\"true\" \/>Telegram Ticker:\u00a0<a href=\"https:\/\/t.me\/demotickerberlin\" target=\"_blank\" rel=\"noreferrer noopener\">https:\/\/t.me\/demotickerberlin<\/a><br data-rich-text-line-break=\"true\" \/>Telegram Ticker English:\u00a0<a href=\"https:\/\/t.me\/demotickerEng\" target=\"_blank\" rel=\"noreferrer noopener\">https:\/\/t.me\/demotickerEng<\/a><br data-rich-text-line-break=\"true\" \/>Twitter Accounts: \ud83d\udce2<a href=\"https:\/\/twitter.com\/demo_ticker\" target=\"_blank\" rel=\"noreferrer noopener\">@demo_ticker<\/a><br data-rich-text-line-break=\"true\" \/>Twitter Hashtags: <a href=\"https:\/\/twitter.com\/hashtag\/b2711?src=hashtag_click\" target=\"_blank\" rel=\"noreferrer noopener\">#b2711<\/a>\u00a0<a href=\"https:\/\/twitter.com\/search?q=%23FreeThemAll&amp;src=hashtag_click\">#FreeThemAll<\/a><\/p>\r\n<\/div>\r\n<\/div>\r\n<\/div>\r\n<\/div>\r\n<\/div>\r\n<\/div>\r\n<\/div>\r\n<\/div>\r\n<\/div>\r\n<\/div>\r\n<\/div>\r\n<\/div>\r\n\r\n\r\n\r\n\r\n\r\n<p>\ud83d\udce3 <a href=\"https:\/\/antiimperialiststruggle.noblogs.org\/de\/post\/2022\/11\/03\/demo-20221127\/\" target=\"_blank\" rel=\"noreferrer noopener\">Aufruf&#8230;<\/a><\/p>\r\n\r\n\r\n\r\n<p><strong>\ud83d\uddfa\ufe0f Voraussichtliche Route:<\/strong><\/p>\r\n<p><strong>Anton-Wilhelm-Arno-Str. vor BM Justiz &#8211; EP Oranienplatz, Route wird nachgereicht<\/strong><\/p>\r\n<div>Der Paragraph 129b ist die aktuellste Form in der 200 J\u00e4hrigen Geschichte staatlicher Gesinnungsverfolgung in Deutschland.<\/div>\r\n<div>\u00a0<\/div>\r\n<div>Was im Jahre 1822 als \u201eStaatsschutzgesetz\u201c begann und sich gegen die b\u00fcrgerliche Revolution in Deutschland richtete, wurde sp\u00e4ter gegen Demokraten und Sozialisten angewandt, die \u00d6ffentlichkeit f\u00fcr die Pariser Revolution im Jahre 1871 schaffen wollten.<\/div>\r\n<div>\u00a0<\/div>\r\n<div>In der 200 J\u00e4hrigen Geschichte \u00e4nderte sich der Name, der Inhalt blieb jedoch immer derselbe: Wer sich gegen die aktuelle\u00a0Staatsf\u00fchrung richtet, wird daf\u00fcr bestraft. Der Paragraph 129 StGB wurde in Nazi-Deutschland zwischen 1933-1945 massiv angewandt und alle Regimekritiker, Oppositionelle und Widerst\u00e4ndler wurden nach diesem Paragraphen angeklagt.<\/div>\r\n<div>\u00a0<\/div>\r\n<div>Als Nazideutschland besiegt wurde und an seine Stelle die BRD und die DDR gegr\u00fcndet wurden, hat Westdeutschland im Zuge der sogenannten \u201eEntnazifizierung\u201c das Strafgesetzbuch im Jahre 1951 einer Pr\u00fcfung unterzogen.<\/div>\r\n<div>\u00a0<\/div>\r\n<div>Auch\u00a0der Paragraph 129 sollte dabei aus dem Gesetzbuch gestrichen werden. Doch Westdeutschland, in welchem 80% der Richter auch\u00a0als Richter im NS-Regime arbeiteten, hat den Paragraphen 129 im Gesetzbuch behalten, um zu verhindern, dass \u201eNazis erneut erstarken.\u201c In 71 Jahren seit dieser Entscheidung wurden jedoch nur selten Nazis, aber immer wieder Antifaschisten, Anarchisten, Demokraten und Sozialisten vor Gericht gestellt.<\/div>\r\n<div>\u00a0<\/div>\r\n<div>Der \u00a7 129, allen voran der Zusatzparagraph 129b ist ein Instrument, um alle demokratischen und freiheitlichen Bewegungen weltweit zu kriminalisieren. Der \u00a7 129b ist ein Angriff auf alle demokratischen Rechte und Freiheiten, da diese jedem Angeklagten als Terroraktivit\u00e4ten ausgelegt werden k\u00f6nnen.<\/div>\r\n<div>\u00a0<\/div>\r\n<div>Die antifaschistische Journalistin \u00d6zg\u00fcl Emre, das Grup Yorum Mitglied Ihsan Cibelik und der Antifaschist Serkan K\u00fcpeli wurden alle drei auf Grundlage des Paragraphen 129b StGB, im Mai verhaftet und befinden sich in verschiedenen Gef\u00e4ngnissen in Hamburg, Rheinland Pfalz und Nordrhein-Westfalen. Ihnen wird auf der Grundlage dieses Paragraphen zur Last gelegt, f\u00fchrende Mitglieder einer ausl\u00e4ndischen terroristischen Organisation, namentlich der DHKP-C zu sein.<\/div>\r\n<div>\u00a0<\/div>\r\n<div>Schon seit den 80\u2019er Jahren werden Antifaschisten und Sozialisten, die sich f\u00fcr eine demokratische Gesellschaft und gegen die faschistische Herrschaft in der T\u00fcrkei einsetzen, auf Grundlage dieses Paragraphen inhaftiert und zu langj\u00e4hrigen Haftstrafen verurteilt.<\/div>\r\n<div>\u00a0<\/div>\r\n<div><strong>Wir sagen; Es ist kein Verbrechen ein Mitglied der antifaschistischen Musikband Grup Yorum zu sein!<\/strong><\/div>\r\n<div>\u00a0<\/div>\r\n<div><strong>Es ist kein Verbrechen, sondern eine Pflicht Antifaschist und Revolution\u00e4r zu sein!<\/strong><\/div>\r\n<div>\u00a0<\/div>\r\n<div><strong>Die, die \u00fcberall auf der Welt Terror verbreiten, k\u00f6nnen nicht bestimmen, wer Terrorist ist und wer nicht.<\/strong><\/div>\r\n<div>\u00a0<\/div>\r\n<div>Der \u00a7 129b als Angriff auf Rechte und Freiheiten sowie auf das Widerstandsrecht ist nichts weiter als legales Unrecht. Er muss daher ausnahmslos aus dem Gesetz gestrichen werden. Dies ist im Interesse aller Menschen in Deutschland, allen voran aller Demokraten und Sozialisten.<\/div>\r\n<div>\u00a0<\/div>\r\n<div><strong>Deshalb rufen wir alle Menschen in Deutschland dazu auf, gegen die \u00a7\u00a7 129, 129a und 129b zu k\u00e4mpfen.<\/strong><\/div>\r\n<div>\u00a0<\/div>\r\n<div>Lasst uns zusammenschlie\u00dfen, um diesen Antidemokratischen, faschistischen Paragraphen ein f\u00fcr alle Mal in die Geschichte zu verbannen.<\/div>\r\n<div>\u00a0<\/div>\r\n<div>Auch wenn heute vor allem Sozialisten aus der T\u00fcrkei und Kurdistan zur Zielscheibe dieser Angriffe werden, ist der \u00a7 129 historisch gesehen ein Angriff auf alle Demokraten in Deutschland. Der demokratische Kampf in Deutschland wurde durch diesen Paragraphen so sehr angegriffen und kriminalisiert, dass Antifaschismus mittlerweile sowohl in der Bev\u00f6lkerung, als auch auf der Stra\u00dfe kaum mehr stattfindet.<\/div>\r\n<div>\u00a0<\/div>\r\n<div>Die Menschen in Deutschland wissen aus ihrer Geschichte, was Faschismus bedeutet. Sie wissen es von den Massakern, den Hinrichtungen, den Konzentrationslagern. Die Menschen in Deutschland, allen voran die Demokraten, Sozialisten und Antifaschisten werden es daher auch nicht dulden, dass ein Gesetz der Nazis immer noch verwendet wird, um den Faschismus von deutschem Boden weltweit zu sch\u00fctzen.<\/div>\r\n<div>\u00a0<\/div>\r\n<div><strong>DESHALB RUFEN WIR ALLE DEMOKRATEN, SOZIALISTEN UND ANTIFASCHISTEN DAZU AUF, SICH AM 27.11.2022 AN DER GRO\u00dfDEMO GEGEN DEN PARAGRAPHEN 129a\/b STGB UNS ANZUSCHLIE\u00dfEN!<\/strong><\/div>\r\n<div>\u00a0<\/div>\r\n<div><strong>WIR FORDERN, DASS DIE UNTERSUCHUNGSHAFT DER DREI ANTIFASCHISTEN, \u00d6ZG\u00dcL, IHSAN UND SERKAN AUFGEHOBEN WIRD!<\/strong><\/div>\r\n<div>\u00a0<\/div>\r\n<div><strong>WIR FORDERN, DASS ALLE ANTIFASCHISTISCHEN GEFANGENEN, DIE MIT DEM PARAGRAPHEN 129 VERURTEILT WERDEN, FREIGELASSEN WERDEN!<\/strong><\/div>\r\n<div>\u00a0<\/div>\r\n<div><strong>WEG MIT DEM NAZIPARAGRAPHEN 129!<\/strong><\/div>\r\n<div>\u00a0<\/div>\r\n<div><strong>STOPPT DIE KRIMINALISIERUNG VON ANTIFASCHISTEN IN DEUTSCHLAND!<\/strong><\/div>\r\n<div>\u00a0<\/div>\r\n<div><strong>LASST UNS EINE BARRIKADE GEGEN DEN FASCHISMUS SEIN!<\/strong><\/div>\r\n","protected":false},"excerpt":{"rendered":"<p>\ud83d\udce3 Aufruf&#8230; \ud83d\uddfa\ufe0f Voraussichtliche Route: Anton-Wilhelm-Arno-Str. vor BM Justiz &#8211; EP Oranienplatz, Route wird nachgereicht Der Paragraph 129b ist die aktuellste Form in der 200 J\u00e4hrigen Geschichte staatlicher Gesinnungsverfolgung in Deutschland. \u00a0 Was im Jahre 1822 als \u201eStaatsschutzgesetz\u201c begann und sich gegen die b\u00fcrgerliche Revolution in Deutschland richtete, wurde sp\u00e4ter gegen Demokraten und Sozialisten angewandt, &hellip; <\/p>\n<p class=\"link-more\"><a href=\"https:\/\/demotickerberlin.noblogs.org\/?p=2735\" class=\"more-link\"><span class=\"screen-reader-text\">\u201eFreiheit f\u00fcr alle antifaschistischen und revolution\u00e4ren Gefangenen! (27.11.2022)\u201c <\/span>weiterlesen<\/a><\/p>\n","protected":false},"author":13687,"featured_media":0,"comment_status":"closed","ping_status":"closed","sticky":false,"template":"","format":"aside","meta":{"footnotes":""},"categories":[11],"tags":[9,10],"class_list":["post-2735","post","type-post","status-publish","format-aside","hentry","category-antirep","tag-b2711","tag-freethemall","post_format-post-format-aside"],"_links":{"self":[{"href":"https:\/\/demotickerberlin.noblogs.org\/index.php?rest_route=\/wp\/v2\/posts\/2735","targetHints":{"allow":["GET"]}}],"collection":[{"href":"https:\/\/demotickerberlin.noblogs.org\/index.php?rest_route=\/wp\/v2\/posts"}],"about":[{"href":"https:\/\/demotickerberlin.noblogs.org\/index.php?rest_route=\/wp\/v2\/types\/post"}],"author":[{"embeddable":true,"href":"https:\/\/demotickerberlin.noblogs.org\/index.php?rest_route=\/wp\/v2\/users\/13687"}],"replies":[{"embeddable":true,"href":"https:\/\/demotickerberlin.noblogs.org\/index.php?rest_route=%2Fwp%2Fv2%2Fcomments&post=2735"}],"version-history":[{"count":4,"href":"https:\/\/demotickerberlin.noblogs.org\/index.php?rest_route=\/wp\/v2\/posts\/2735\/revisions"}],"predecessor-version":[{"id":2739,"href":"https:\/\/demotickerberlin.noblogs.org\/index.php?rest_route=\/wp\/v2\/posts\/2735\/revisions\/2739"}],"wp:attachment":[{"href":"https:\/\/demotickerberlin.noblogs.org\/index.php?rest_route=%2Fwp%2Fv2%2Fmedia&parent=2735"}],"wp:term":[{"taxonomy":"category","embeddable":true,"href":"https:\/\/demotickerberlin.noblogs.org\/index.php?rest_route=%2Fwp%2Fv2%2Fcategories&post=2735"},{"taxonomy":"post_tag","embeddable":true,"href":"https:\/\/demotickerberlin.noblogs.org\/index.php?rest_route=%2Fwp%2Fv2%2Ftags&post=2735"}],"curies":[{"name":"wp","href":"https:\/\/api.w.org\/{rel}","templated":true}]}}