{"id":2743,"date":"2022-11-23T16:00:31","date_gmt":"2022-11-23T15:00:31","guid":{"rendered":"https:\/\/demotickerberlin.noblogs.org\/?p=2743"},"modified":"2022-11-24T17:47:49","modified_gmt":"2022-11-24T16:47:49","slug":"black-friday-is-make-amazon-pay-day-25-11-2022","status":"publish","type":"post","link":"https:\/\/demotickerberlin.noblogs.org\/?p=2743","title":{"rendered":"Black Friday is MAKE-AMAZON-PAY Day! (25.11.2022)"},"content":{"rendered":"\r\n<figure class=\"wp-block-image\"><img decoding=\"async\" class=\"wp-image-5142\" src=\"https:\/\/asanb.noblogs.org\/files\/2022\/11\/b2511_1_1-1024x1024.jpeg\" alt=\"\" \/><\/figure>\r\n\r\n\r\n\r\n<p><strong>+++ Freitag 25.11.2022 +++<\/strong><\/p>\r\n\r\n\r\n\r\n<p>wir berichten am Freitag\u00a0<a href=\"https:\/\/twitter.com\/hashtag\/b2511?src=hashtag_click\" target=\"_blank\" rel=\"noreferrer noopener\">#b2511<\/a> <strong>ab 18:00 Uhr<\/strong>\u00a0von der Kundgebung<\/p>\r\n\r\n\r\n\r\n<p>\ud83d\udd25<strong>Black Friday is MAKE-AMAZON-PAY Day! <\/strong>\ud83d\udd25<\/p>\r\n\r\n\r\n\r\n<p><strong>Freitag, 25.11.2022 | 18:00 Uhr | U-BHf Warschauer Stra\u00dfe 10243 Berlin<\/strong><\/p>\r\n\r\n\r\n\r\n<p><strong>Anreise: U1, U3, U12, S3, S5, S7, S9, S75, S85, Tram M10, Bus 300, 347<\/strong><\/p>\r\n\r\n\r\n\r\n<p>Web-Ticker:\u00a0<a href=\"https:\/\/berlin.demoticker.org\/\" target=\"_blank\" rel=\"noreferrer noopener\">https:\/\/berlin.demoticker.org<\/a><br \/>Mastodon:\u00a0<a href=\"https:\/\/todon.eu\/@Demo_Ticker_Berlin\" target=\"_blank\" rel=\"noreferrer noopener\">@Demo_Ticker_Berlin@todon.eu<\/a><br \/>Telegram Ticker:\u00a0<a href=\"https:\/\/t.me\/demotickerberlin\" target=\"_blank\" rel=\"noreferrer noopener\">https:\/\/t.me\/demotickerberlin<\/a><br \/>Telegram Ticker English:\u00a0<a href=\"https:\/\/t.me\/demotickerEng\" target=\"_blank\" rel=\"noreferrer noopener\">https:\/\/t.me\/demotickerEng<\/a><br \/>Twitter Accounts: \ud83d\udce2<a href=\"https:\/\/twitter.com\/demo_ticker\" target=\"_blank\" rel=\"noreferrer noopener\">@demo_ticker<\/a><br \/>Twitter Hashtags: <a href=\"https:\/\/twitter.com\/hashtag\/b2511?src=hashtag_click\" target=\"_blank\" rel=\"noreferrer noopener\">#b2511<\/a>\u00a0\u00a0<a href=\"https:\/\/twitter.com\/hashtag\/MakeAmazonPay?src=hashtag_click\" target=\"_blank\" rel=\"noreferrer noopener\">#MakeAmazonPay<\/a><\/p>\r\n\r\n\r\n<hr class=\"wp-block-separator\" \/>\r\n\r\n\r\n<p>Am Freitag, den 25. November 2022, werden sich Gewerkschaften und Aktivisten aus der Wohnungsbau-, Klima- und anderen Bewegungen in ganz Berlin mit Arbeitnehmern zu einer Aktion zusammenschlie\u00dfen, um Amazon zur Kasse zu bitten. Wir werden uns vor dem &#8222;Amazon-Hochhaus&#8220; (das derzeit in der U-Warschauer Stra\u00dfe gebaut wird) versammeln, um zu zeigen, dass Berlin sich geschlossen gegen die zerst\u00f6rerische Rolle von Amazon in der Stadt und der Welt stellt.<\/p>\r\n\r\n\r\n\r\n<p>Amazon ist ein Umweltverschmutzer, ein Ausbeuter, ein Gentrifizierer und ein Steuerverweigerer. In unserer Stadt, in ganz Deutschland und im Ausland hat Amazon seine Macht aufgebaut, indem es Arbeiter ausbeutet, die Umweltzerst\u00f6rung vorantreibt, politische Macht kauft und Steuern hinterzieht.<\/p>\r\n\r\n\r\n\r\n<p>Wir organisieren uns aus zwei einfachen Gr\u00fcnden: um unsere Solidarit\u00e4t mit den Tausenden von Arbeitern zu zeigen, die sich am Schwarzen Freitag gegen Amazon wehren, und um das Bewusstsein f\u00fcr die zerst\u00f6rerische Rolle von Amazon in unserer Stadt zu sch\u00e4rfen.<\/p>\r\n\r\n\r\n\r\n<p>Schlie\u00dft euch uns an! Gemeinsam werden wir die Macht unserer Gewerkschaften, Organisationen und Bewegungen st\u00e4rken und die Kapazit\u00e4ten aufbauen, um unseren gemeinsamen Herausforderungen zu begegnen. Nur wenn wir uns \u00fcber K\u00e4mpfe hinweg zusammenschlie\u00dfen, k\u00f6nnen wir die gro\u00dfen Krisen unserer Zeit bew\u00e4ltigen.<\/p>\r\n\r\n\r\n\r\n<p><strong>Dies ist Teil einer globalen Kampagne mit Streiks und Aktionen in \u00fcber 30 St\u00e4dten auf der ganzen Welt: <a href=\"https:\/\/makeamazonpay.com\/\" target=\"_blank\" rel=\"noreferrer noopener\">makeamazonpay.com<\/a><\/strong><\/p>\r\n\r\n\r\n\r\n<p>Aus Solidarit\u00e4t,<\/p>\r\n\r\n\r\n\r\n<p><strong>Make Amazon Pay Action Coalition<\/strong><\/p>\r\n\r\n\r\n<hr class=\"wp-block-separator\" \/>\r\n\r\n\r\n<p>On Friday, 25 November 2022, unions and activists from housing, climate, and other movements across Berlin will join workers in an action to Make Amazon Pay. We will gather outside the &#8222;Amazon Tower&#8220; (currently under construction at U-Warschauer Stra\u00dfe), to show that Berlin is united in opposing Amazon&#8217;s destructive role in the city and the world.<\/p>\r\n<p>Amazon is a polluter, exploiter, gentrifier, and tax dodger. In our city, the whole Germany and abroad, Amazon has built its power by exploiting workers, driving environmental destruction, buying political power, and avoiding taxes. We are organising for two simple reasons: to show our solidarity with the thousands of workers standing up to Amazon on Black Friday, and to raise awareness of Amazon\u2019s destructive role in our city.<\/p>\r\n<p>Join us! Together, we will build power across our unions, organisations and movements,\u00a0 building the capacities to confront our common challenges. Only by uniting across struggles can we confront the great crises of our time.<\/p>\r\n<p><strong>This is part of a global campaign involving worker strikes and actions in over 30 cities around the planet:<\/strong> <strong><a href=\"https:\/\/makeamazonpay.com\/\" target=\"_blank\" rel=\"noreferrer noopener\">makeamazonpay.com<\/a><\/strong><\/p>\r\n<p>In solidarity,<\/p>\r\n<p><strong>Make Amazon Pay Action Coalition<\/strong><\/p>\r\n","protected":false},"excerpt":{"rendered":"<p>+++ Freitag 25.11.2022 +++ wir berichten am Freitag\u00a0#b2511 ab 18:00 Uhr\u00a0von der Kundgebung \ud83d\udd25Black Friday is MAKE-AMAZON-PAY Day! \ud83d\udd25 Freitag, 25.11.2022 | 18:00 Uhr | U-BHf Warschauer Stra\u00dfe 10243 Berlin Anreise: U1, U3, U12, S3, S5, S7, S9, S75, S85, Tram M10, Bus 300, 347 Web-Ticker:\u00a0https:\/\/berlin.demoticker.orgMastodon:\u00a0@Demo_Ticker_Berlin@todon.euTelegram Ticker:\u00a0https:\/\/t.me\/demotickerberlinTelegram Ticker English:\u00a0https:\/\/t.me\/demotickerEngTwitter Accounts: \ud83d\udce2@demo_tickerTwitter Hashtags: #b2511\u00a0\u00a0#MakeAmazonPay Am Freitag, &hellip; <\/p>\n<p class=\"link-more\"><a href=\"https:\/\/demotickerberlin.noblogs.org\/?p=2743\" class=\"more-link\"><span class=\"screen-reader-text\">\u201eBlack Friday is MAKE-AMAZON-PAY Day! (25.11.2022)\u201c <\/span>weiterlesen<\/a><\/p>\n","protected":false},"author":13687,"featured_media":0,"comment_status":"closed","ping_status":"closed","sticky":false,"template":"","format":"aside","meta":{"footnotes":""},"categories":[19],"tags":[20,21],"class_list":["post-2743","post","type-post","status-publish","format-aside","hentry","category-soziale-kaempfe","tag-b2511","tag-makeamazonpay","post_format-post-format-aside"],"_links":{"self":[{"href":"https:\/\/demotickerberlin.noblogs.org\/index.php?rest_route=\/wp\/v2\/posts\/2743","targetHints":{"allow":["GET"]}}],"collection":[{"href":"https:\/\/demotickerberlin.noblogs.org\/index.php?rest_route=\/wp\/v2\/posts"}],"about":[{"href":"https:\/\/demotickerberlin.noblogs.org\/index.php?rest_route=\/wp\/v2\/types\/post"}],"author":[{"embeddable":true,"href":"https:\/\/demotickerberlin.noblogs.org\/index.php?rest_route=\/wp\/v2\/users\/13687"}],"replies":[{"embeddable":true,"href":"https:\/\/demotickerberlin.noblogs.org\/index.php?rest_route=%2Fwp%2Fv2%2Fcomments&post=2743"}],"version-history":[{"count":5,"href":"https:\/\/demotickerberlin.noblogs.org\/index.php?rest_route=\/wp\/v2\/posts\/2743\/revisions"}],"predecessor-version":[{"id":2748,"href":"https:\/\/demotickerberlin.noblogs.org\/index.php?rest_route=\/wp\/v2\/posts\/2743\/revisions\/2748"}],"wp:attachment":[{"href":"https:\/\/demotickerberlin.noblogs.org\/index.php?rest_route=%2Fwp%2Fv2%2Fmedia&parent=2743"}],"wp:term":[{"taxonomy":"category","embeddable":true,"href":"https:\/\/demotickerberlin.noblogs.org\/index.php?rest_route=%2Fwp%2Fv2%2Fcategories&post=2743"},{"taxonomy":"post_tag","embeddable":true,"href":"https:\/\/demotickerberlin.noblogs.org\/index.php?rest_route=%2Fwp%2Fv2%2Ftags&post=2743"}],"curies":[{"name":"wp","href":"https:\/\/api.w.org\/{rel}","templated":true}]}}