{"id":2758,"date":"2022-11-28T20:30:22","date_gmt":"2022-11-28T19:30:22","guid":{"rendered":"https:\/\/demotickerberlin.noblogs.org\/?p=2758"},"modified":"2022-11-28T20:30:22","modified_gmt":"2022-11-28T19:30:22","slug":"antimilitaristische-demo-krieg-beginnt-hier-keine-kriegskonferenz-30-11-2022","status":"publish","type":"post","link":"https:\/\/demotickerberlin.noblogs.org\/?p=2758","title":{"rendered":"Antimilitaristische Demo: Krieg beginnt hier! Keine Kriegskonferenz! (30.11.2022)"},"content":{"rendered":"\r\n<figure class=\"wp-block-image\"><img decoding=\"async\" class=\"wp-image-5156\" src=\"https:\/\/asanb.noblogs.org\/files\/2022\/11\/demo-gegen-siko-berlin-2022-727x1024.jpg\" alt=\"\" \/><\/figure>\r\n \r\n\r\n<strong>+++ Mittwoch 30.11.2022 +++<\/strong>\r\n\r\n \r\n\r\nwir berichten am Mittwoch <a href=\"https:\/\/twitter.com\/hashtag\/b3011?src=hashtag_click\" target=\"_blank\" rel=\"noreferrer noopener\">#b3011<\/a> <strong>ab 17:00 Uhr<\/strong>\u00a0von der Demonstration\r\n\r\n \r\n\r\n\ud83d\udd25<strong>Antimilitaristische Demo: Krieg beginnt hier! Keine Kriegskonferenz!<\/strong>\ud83d\udd25\r\n\r\n \r\n\r\n<strong>Mittwoch, 30.11.2022 | 17:00 Uhr | Boxhagener Platz 10245 Berlin<\/strong>\r\n\r\n \r\n\r\n<strong>Anreise: U5 Samariter Stra\u00dfe, Bus 240, Tram 21 Wismarplatz, M13 Simplonstra\u00dfe oder W\u00fchlischstra\u00dfe<\/strong>\r\n\r\n \r\n\r\nWeb-Ticker:\u00a0<a href=\"https:\/\/berlin.demoticker.org\/\" target=\"_blank\" rel=\"noreferrer noopener\">https:\/\/berlin.demoticker.org<\/a>\r\nMastodon:\u00a0<a href=\"https:\/\/todon.eu\/@Demo_Ticker_Berlin\" target=\"_blank\" rel=\"noreferrer noopener\">@Demo_Ticker_Berlin@todon.eu<\/a>\r\nTelegram Ticker:\u00a0<a href=\"https:\/\/t.me\/demotickerberlin\" target=\"_blank\" rel=\"noreferrer noopener\">https:\/\/t.me\/demotickerberlin<\/a>\r\nTelegram Ticker English:\u00a0<a href=\"https:\/\/t.me\/demotickerEng\" target=\"_blank\" rel=\"noreferrer noopener\">https:\/\/t.me\/demotickerEng<\/a>\r\nTwitter Accounts: \ud83d\udce2<a href=\"https:\/\/twitter.com\/demo_ticker\" target=\"_blank\" rel=\"noreferrer noopener\">@demo_ticker<\/a>\r\nTwitter Hashtags: <a href=\"https:\/\/twitter.com\/hashtag\/b3011?src=hashtag_click\" target=\"_blank\" rel=\"noreferrer noopener\">#b3011<\/a> <a href=\"https:\/\/twitter.com\/hashtag\/nobsc?src=hashtag_click\" target=\"_blank\" rel=\"noreferrer noopener\">#nobsc<\/a>\r\n\r\n \r\n\r\n<a href=\"https:\/\/deutschlandistbrandstifter.noblogs.org\/68\/demo-gegen-die-berlin-security-conference\/\" target=\"_blank\" rel=\"noreferrer noopener\">\ud83d\udce3 Aufruf&#8230;<\/a>\r\n\r\n \r\n\r\n<strong>\ud83d\uddfa\ufe0f Voraussichtliche Route:<\/strong>\r\n\r\n \r\n<ul class=\"wp-block-list\">\r\n \t<li>Krossener Stra\u00dfe \/ Gabriel Max Stra\u00dfe<\/li>\r\n \t<li>G\u00e4rtnerstra\u00dfe<\/li>\r\n \t<li>Gr\u00fcnberger Stra\u00dfe<\/li>\r\n \t<li>Simon-Dach-Stra\u00dfe<\/li>\r\n \t<li>Niederbarnimstra\u00dfe<\/li>\r\n \t<li>Proskauer Stra\u00dfe<\/li>\r\n \t<li>Rigaer Stra\u00dfe<\/li>\r\n \t<li>Liebigstra\u00dfe<\/li>\r\n \t<li>Eldenaer Stra\u00dfe<\/li>\r\n \t<li>Ebertystra\u00dfe<\/li>\r\n \t<li>Landsberger Allee<\/li>\r\n \t<li>Landsberger Allee 106 (Zwischenkundgebung)<\/li>\r\n \t<li>Kreuzung Storkower Stra\u00dfe<\/li>\r\n \t<li>Landsberger Allee<\/li>\r\n \t<li>Landsberger Allee\/Fritz-Riedel-Stra\u00dfe<\/li>\r\n<\/ul>\r\n \r\n\r\nAm 30. November und 1. Dezember findet die Berlin Security Conference (BSC) zum 21. Mal statt \u2013\u00a0 direkt am \u201eDreil\u00e4ndereck\u201c Friedrichshain\/Lichtenberg\/Prenzlauer Berg \u2013 im Andels Hotel am S-Bhf. Storkower Stra\u00dfe.\r\n\r\n \r\n\r\nAuf der BSC kommen allj\u00e4hrlich Politiker*innen, hochrangige Milit\u00e4rs und Vertreter*innen internationaler R\u00fcstungsfirmen zusammen. Veranstalter ist der Beh\u00f6rden Spiegel, welcher allj\u00e4hrlich den europ\u00e4ischen Polizeikongress in Berlin organisiert, auf dem sich Vertreter*innen der EU-Sicherheitsarchitektur die Klinke in die Hand geben. Als Kongressmesse schafft die BSC neben inhaltlichen Vortr\u00e4gen den n\u00f6tigen Rahmen f\u00fcr diese zivilen, milit\u00e4rischen und politischen Funktionstr\u00e4ger, um sich auch informell auszutauschen. Beim Mettbr\u00f6tchen kann am Buffet gemeinsam geplauscht und beim Aussteller nebenan das neuste Drohnenfabrikat in Augenschein genommen werden. Klingt polemisch. Ist aber so.\r\n\r\n \r\n\r\nUnterst\u00fctzt wurde und wird die BSC vom whoiswho der deutschen R\u00fcstungsindustrie, darunter in den letzten Jahren Heckler &amp; Koch, Rheinmetall, Siemens und\u00a0 ThyssenKrupp und verzahnt damit eine Maschinerie, die zu Kriegszeiten l\u00e4uft wie geschmiert. Die genannten Firmen profitierten schon w\u00e4hrend des deutschen Faschismus an der Kriegs- und Waffenproduktion. Kostenschonend versteht sich. Schlie\u00dflich konnten diese Firmen durch ihre Unterst\u00fctzung der\u00a0 Nazis und deren Vernichtungspolitik,Millionen Zwangsarbeiter*innen als kostenlose Arbeitskr\u00e4fte \u2013 bis hin zu deren Tod \u2013 ausbeuten. Dass sich auch viele Tech-Unternehmen unter den Unterst\u00fctzenden finden, zeigt, dass auch die sog. neuen Technologien Krieg und Militarisierung ein lukratives Gesch\u00e4ftsfeld ist.\r\n\r\n \r\n\r\nIn den letzten Jahren hat die BSC an politischem Gewicht gewonnen, unter dem Eindruck des Ukraine-Krieges scheint die BSC nun aber endg\u00fcltig einen \u00e4hnlichen Stellenwert wie die M\u00fcnchner Sicherheitskonferenz einzunehmen. Denn neben Kriegsministerin Lambrecht werden mit NATO-Generalsekret\u00e4r Stoltenberg auch die obersten Gener\u00e4le der Armeen Finnlands und Schwedens vertreten sein, um f\u00fcr die angestrebte Aufnahme ihrer Staaten in die NATO schon einmal Fakten zu schaffen.\r\n\r\n \r\n\r\nDass sich mit Olaf Scholz das erste Mal seit ihrem Bestehen ein deutscher Regierungschef auf der BSC blicken lassen will, ist nicht nur ein Indiz f\u00fcr die gewachsene Bedeutung der Kongressmesse, sondern auch ein Statement f\u00fcr den F\u00fchrunganspruch der Bundesrepublik. Deutschland will als gro\u00dfer Fisch in der Suppe des westlichen Militarismus mitschwimmen.\r\n\r\n \r\n\r\nDass ein Sozialdemokrat Aush\u00e4ngeschild f\u00fcr wiedererwachten deutschen Militarismus wurde, sollte sp\u00e4testens seit dem Ausbruch des ersten Weltkrieges niemanden mehr wundern. Und dass in der hiesigen Politiklandschaft eine b\u00fcndnisgr\u00fcne Partei ihre pazifistischen Wurzeln nur in ihrer Rolle als Oppositionspartei ausgr\u00e4bt und hochh\u00e4lt, ist sp\u00e4testens seit dem v\u00f6lkerrechtswidrigen Jugoslawienkrieg 1999 auch nichts Neues mehr. Dass die Gr\u00fcnen mittlerweile zur treibenden bellizistischen Kraft geworden sind, spricht aber B\u00e4nde daf\u00fcr, wie weit ins Abseits antimilitaristische Positionen schon gedr\u00e4ngt wurden. So war es ein leichtes Spiel, Krieg und Militarismus zu Beginn des Ukraine-Krieges in den Herzen und K\u00f6pfen zu verankern. Und im Zuge dessen, auf die Konsequenzen des Krieges \u2013 Energiekrise und Inflation \u2013 mit sozialchauvinistischen Ma\u00dfnahmen zu reagieren.\r\n\r\n \r\n\r\nDabei ist und sollte allen klar sein, dass Krieg und Miltarismus nie L\u00f6sungen waren. F\u00fcr Nichts und Niemanden. Deshalb wollen wir der Kriegskonferenz einen fr\u00fchabendlichen Besuch abstatten und klar und deutlich sagen:\r\n\r\n \r\n\r\n<strong>Ohne uns! <\/strong>\r\n\r\n \r\n\r\n<strong>Kein Krieg, kein Milit\u00e4r, nieder mit der Bundeswehr! <\/strong>\r\n\r\n \r\n\r\n<strong>R\u00fcstungskonzerne zerschlagen! BSC versenken!<\/strong>\r\n\r\n","protected":false},"excerpt":{"rendered":"<p>Mittwoch, 30.11.2022 | 17:00 Uhr | Boxhagener Platz 10245 Berlin<\/p>\n<p>Anreise: U5 Samariter Stra\u00dfe, Bus 240, Tram 21 Wismarplatz, M13 Simplonstra\u00dfe oder W\u00fchlischstra\u00dfe<\/p>\n<p>\ud83d\udce3 Aufruf: https:\/\/deutschlandistbrandstifter.noblogs.org\/68\/demo-gegen-die-berlin-security-conference\/<\/p>\n<p>#b3011 #nobsc<\/p>\n","protected":false},"author":13687,"featured_media":0,"comment_status":"closed","ping_status":"closed","sticky":false,"template":"","format":"aside","meta":{"footnotes":""},"categories":[13],"tags":[22,23],"class_list":["post-2758","post","type-post","status-publish","format-aside","hentry","category-antimilitarismus","tag-b3011","tag-nobsc","post_format-post-format-aside"],"_links":{"self":[{"href":"https:\/\/demotickerberlin.noblogs.org\/index.php?rest_route=\/wp\/v2\/posts\/2758","targetHints":{"allow":["GET"]}}],"collection":[{"href":"https:\/\/demotickerberlin.noblogs.org\/index.php?rest_route=\/wp\/v2\/posts"}],"about":[{"href":"https:\/\/demotickerberlin.noblogs.org\/index.php?rest_route=\/wp\/v2\/types\/post"}],"author":[{"embeddable":true,"href":"https:\/\/demotickerberlin.noblogs.org\/index.php?rest_route=\/wp\/v2\/users\/13687"}],"replies":[{"embeddable":true,"href":"https:\/\/demotickerberlin.noblogs.org\/index.php?rest_route=%2Fwp%2Fv2%2Fcomments&post=2758"}],"version-history":[{"count":1,"href":"https:\/\/demotickerberlin.noblogs.org\/index.php?rest_route=\/wp\/v2\/posts\/2758\/revisions"}],"predecessor-version":[{"id":2759,"href":"https:\/\/demotickerberlin.noblogs.org\/index.php?rest_route=\/wp\/v2\/posts\/2758\/revisions\/2759"}],"wp:attachment":[{"href":"https:\/\/demotickerberlin.noblogs.org\/index.php?rest_route=%2Fwp%2Fv2%2Fmedia&parent=2758"}],"wp:term":[{"taxonomy":"category","embeddable":true,"href":"https:\/\/demotickerberlin.noblogs.org\/index.php?rest_route=%2Fwp%2Fv2%2Fcategories&post=2758"},{"taxonomy":"post_tag","embeddable":true,"href":"https:\/\/demotickerberlin.noblogs.org\/index.php?rest_route=%2Fwp%2Fv2%2Ftags&post=2758"}],"curies":[{"name":"wp","href":"https:\/\/api.w.org\/{rel}","templated":true}]}}