{"id":2762,"date":"2022-12-02T18:53:22","date_gmt":"2022-12-02T17:53:22","guid":{"rendered":"https:\/\/demotickerberlin.noblogs.org\/?p=2762"},"modified":"2022-12-02T18:53:22","modified_gmt":"2022-12-02T17:53:22","slug":"memorial-and-solidarity-ptotest-free-china-a4-revolution-03-12-2022","status":"publish","type":"post","link":"https:\/\/demotickerberlin.noblogs.org\/?p=2762","title":{"rendered":"Memorial and Solidarity Ptotest &#8211; Free China, A4 Revolution! (03.12.2022)"},"content":{"rendered":"<p><img loading=\"lazy\" decoding=\"async\" class=\"alignnone size-large wp-image-5198\" src=\"https:\/\/asanb.noblogs.org\/files\/2022\/12\/Bild_2022-12-02_171141128-1022x1024.png\" alt=\"\" width=\"840\" height=\"842\" \/><\/p>\n<p><strong>+++ Samstag 03.12.2022 +++<\/strong><\/p>\n<p>wir berichten am Samstag\u00a0<a href=\"https:\/\/twitter.com\/hashtag\/b0312?src=hashtag_click\" target=\"_blank\" rel=\"noreferrer noopener\" aria-label=\"#b3011 (\u00f6ffnet in neuem Tab)\">#b0312<\/a>\u00a0<strong>ab 13:00 Uhr<\/strong>\u00a0von der Demonstration<\/p>\n<p>\ud83d\udd25<strong>Memorial and Solidarity Ptotest \u2013 Free China, A4 Revolution!<\/strong>\ud83d\udd25<\/p>\n<p><strong>Samstag, 03.12.2022 | 13:00 Uhr | Alexanderplatz 10178 Berlin<\/strong><\/p>\n<p><strong>Anreise: U5, U2, U8, S3, S5, S7, S9, Tram 12, M1, M2, M4, M5, M6, Bus 100, 200 Alexanderplatz<\/strong><\/p>\n<p>Web-Ticker:\u00a0<a href=\"https:\/\/berlin.demoticker.org\/\" target=\"_blank\" rel=\"noreferrer noopener\">https:\/\/berlin.demoticker.org<\/a><br \/>\nMastodon:\u00a0<a href=\"https:\/\/todon.eu\/@Demo_Ticker_Berlin\" target=\"_blank\" rel=\"noreferrer noopener\">@Demo_Ticker_Berlin@todon.eu<\/a><br \/>\nTelegram Ticker:\u00a0<a href=\"https:\/\/t.me\/demotickerberlin\" target=\"_blank\" rel=\"noreferrer noopener\">https:\/\/t.me\/demotickerberlin<\/a><br \/>\nTelegram Ticker English:\u00a0<a href=\"https:\/\/t.me\/demotickerEng\" target=\"_blank\" rel=\"noreferrer noopener\">https:\/\/t.me\/demotickerEng<\/a><br \/>\nTwitter Accounts: \ud83d\udce2<a href=\"https:\/\/twitter.com\/demo_ticker\" target=\"_blank\" rel=\"noreferrer noopener\">@demo_ticker<\/a><br \/>\nTwitter Hashtags:\u00a0\u00a0<a href=\"https:\/\/twitter.com\/hashtag\/b0312?src=hashtag_click\" target=\"_blank\" rel=\"noreferrer noopener\">#b0312<\/a>\u00a0<a href=\"https:\/\/twitter.com\/hashtag\/A4Revolution?src=hashtag_click\" target=\"_blank\" rel=\"noreferrer noopener\">#A4Revolution<\/a><\/p>\n<p><strong>\ud83d\uddfa\ufe0f Voraussichtliche Route:<\/strong><\/p>\n<ul>\n<li>Alexanderplatz\/Dirckenstra\u00dfe<\/li>\n<li>Dircksenstra\u00dfe<\/li>\n<li>Grunerstra\u00dfe<\/li>\n<li>Neue J\u00fcden Stra\u00dfe<\/li>\n<li>Stralauer Stra\u00dfe<\/li>\n<li>Alexanderstra\u00dfe<\/li>\n<li>Jannowitzbr\u00fccke \/ M\u00e4rkisches Ufer<\/li>\n<\/ul>\n<p><em><strong>*english below*<\/strong><\/em><\/p>\n<p>Die landesweiten Proteste in ganz China werden durch die brutale Niederschlagung und strenge \u00dcberwachung durch die Kommunistische Partei Chinas erschwert. Trotz der schwierigen Situation wird die Leidenschaft der Menschen f\u00fcr Freiheit und Widerstand gegen das Regime nicht aufh\u00f6ren. Die\u00a0<a href=\"https:\/\/twitter.com\/hashtag\/A4Revolution?src=hashtag_click\" target=\"_blank\" rel=\"noreferrer noopener\">#A4Revolution<\/a>\u00a0, die durch die Brandtoten in Urumqi ausgel\u00f6st wurde, wird weitergehen und wir, Free China Berlin, werden den mutigen Demonstranten in China unsere Unterst\u00fctzung zeigen.<\/p>\n<p>Wir werden am Samstag, den 3. Dezember, von 13 bis 17 Uhr eine Demonstration unter dem Motto \u201eA4 Revolution \u2013 Free China\u201c starten. Die Demonstration beginnt mit einer Kundgebung am Alexanderplatz zwischen 13:00 und 13:40 Uhr. Anschlie\u00dfend werden wir \u00fcber die Dircksenstra\u00dfe zur chinesischen Botschaft marschieren und ab 14:30 Uhr vor der Botschaft protestieren.<\/p>\n<p><strong>Wir rufen alle Menschen, die f\u00fcr Freiheit und gegen Tyrannei eintreten, auf, sich mit uns zu solidarisieren! Nehmt leere Bl\u00e4tter mit, um die unausgesprochene Wahrheit zu vertreten!<\/strong><\/p>\n<p><strong>Seien wir solidarisch mit den Demonstranten in China.<\/strong><\/p>\n<p><strong>Gemeinsam: Lasst die Freiheit erklingen und die Gerechtigkeit siegen!<\/strong><\/p>\n<hr class=\"wp-block-separator\" \/>\n<p><strong>Saturday, 03.12.2022 | 01:00 pm | Alexanderplatz 10178 Berlin<\/strong><\/p>\n<p><strong>Arrival: U5, U2, U8, S3, S5, S7, S9, Tram 12, M1, M2, M4, M5, M6, Bus 100, 200 Alexanderplatz.<\/strong><\/p>\n<p><strong>\ud83d\uddfa\ufe0f Expected route:<\/strong><\/p>\n<ul>\n<li>Alexanderplatz\/Dirckenstra\u00dfe<\/li>\n<li>Dircksenstra\u00dfe<\/li>\n<li>Grunerstra\u00dfe<\/li>\n<li>Neue J\u00fcden Stra\u00dfe<\/li>\n<li>Stralauer Stra\u00dfe<\/li>\n<li>Alexanderstra\u00dfe<\/li>\n<li>Jannowitzbr\u00fccke \/ M\u00e4rkisches Ufer<\/li>\n<\/ul>\n<p><a href=\"https:\/\/twitter.com\/hashtag\/b0312?src=hashtag_click\" target=\"_blank\" rel=\"noreferrer noopener\">#b0312<\/a>\u00a0<a href=\"https:\/\/twitter.com\/hashtag\/A4Revolution?src=hashtag_click\" target=\"_blank\" rel=\"noreferrer noopener\">#A4Revolution<\/a><\/p>\n<p>Nationwide protests all over China are facing challenges due to the brutal crackdown and severe surveillance by the Chinese Communist Party. Despite the hard situation, people\u2019s passion for freedom and resistance against the regime will not stop. The\u00a0<a href=\"https:\/\/twitter.com\/hashtag\/A4Revolution?src=hashtag_click\" target=\"_blank\" rel=\"noreferrer noopener\">#A4Revolution<\/a>\u00a0\u00a0triggered by the fire deaths in Urumqi will continue and we, Free China Berlin, will show our support to the brave protestors in China.<\/p>\n<p>We will start a demonstration, theme: \u2018A4 Revolution \u2022 Free China\u2019, from 1 pm to 5 pm on Saturday 3 December. The demonstration begins with a gathering at Alexanderplatz between 01:00 pm to 01:40 pm. We will then march via Dircksenstrasse to the Chinese embassy and protest in front of the embassy from 02:30 pm onwards.<\/p>\n<p><strong>We hereby call on all people standing for freedom and against tyranny: join our ranks in solidarity!<\/strong><\/p>\n<p><strong>Take blank sheets of paper to represent the unspoken truth!<\/strong><\/p>\n<p><strong>Let\u2019s stand in solidarity with the protesters in China. Together, Let freedom ring and justice prevail!<\/strong><\/p>\n","protected":false},"excerpt":{"rendered":"<p>Samstag, 03.12.2022 | 13:00 Uhr | Alexanderplatz 10178 Berlin<\/p>\n<p>wir berichten am Samstag\u00a0#b0312\u00a0ab 13:00 Uhr\u00a0von der Demonstration.<\/p>\n<p>Anreise: U5, U2, U8, S3, S5, S7, S9, Tram 12, M1, M2, M4, M5, M6, Bus 100, 200 Alexanderplatz<\/p>\n<p>#b0312\u00a0#A4Revolution<\/p>\n","protected":false},"author":13687,"featured_media":0,"comment_status":"closed","ping_status":"closed","sticky":false,"template":"","format":"aside","meta":{"footnotes":""},"categories":[19],"tags":[25,24],"class_list":["post-2762","post","type-post","status-publish","format-aside","hentry","category-soziale-kaempfe","tag-a4revolution","tag-b0312","post_format-post-format-aside"],"_links":{"self":[{"href":"https:\/\/demotickerberlin.noblogs.org\/index.php?rest_route=\/wp\/v2\/posts\/2762","targetHints":{"allow":["GET"]}}],"collection":[{"href":"https:\/\/demotickerberlin.noblogs.org\/index.php?rest_route=\/wp\/v2\/posts"}],"about":[{"href":"https:\/\/demotickerberlin.noblogs.org\/index.php?rest_route=\/wp\/v2\/types\/post"}],"author":[{"embeddable":true,"href":"https:\/\/demotickerberlin.noblogs.org\/index.php?rest_route=\/wp\/v2\/users\/13687"}],"replies":[{"embeddable":true,"href":"https:\/\/demotickerberlin.noblogs.org\/index.php?rest_route=%2Fwp%2Fv2%2Fcomments&post=2762"}],"version-history":[{"count":1,"href":"https:\/\/demotickerberlin.noblogs.org\/index.php?rest_route=\/wp\/v2\/posts\/2762\/revisions"}],"predecessor-version":[{"id":2763,"href":"https:\/\/demotickerberlin.noblogs.org\/index.php?rest_route=\/wp\/v2\/posts\/2762\/revisions\/2763"}],"wp:attachment":[{"href":"https:\/\/demotickerberlin.noblogs.org\/index.php?rest_route=%2Fwp%2Fv2%2Fmedia&parent=2762"}],"wp:term":[{"taxonomy":"category","embeddable":true,"href":"https:\/\/demotickerberlin.noblogs.org\/index.php?rest_route=%2Fwp%2Fv2%2Fcategories&post=2762"},{"taxonomy":"post_tag","embeddable":true,"href":"https:\/\/demotickerberlin.noblogs.org\/index.php?rest_route=%2Fwp%2Fv2%2Ftags&post=2762"}],"curies":[{"name":"wp","href":"https:\/\/api.w.org\/{rel}","templated":true}]}}