{"id":2767,"date":"2022-12-28T13:31:12","date_gmt":"2022-12-28T12:31:12","guid":{"rendered":"https:\/\/demotickerberlin.noblogs.org\/?p=2767"},"modified":"2022-12-28T22:44:54","modified_gmt":"2022-12-28T21:44:54","slug":"wir-fordern-lueckenlose-aufklaerung-der-morde-in-paris-em-daxwaza-zelalkirina-temame-cinayeten-li-parise-dikin","status":"publish","type":"post","link":"https:\/\/demotickerberlin.noblogs.org\/?p=2767","title":{"rendered":"Wir fordern l\u00fcckenlose Aufkl\u00e4rung der Morde in Paris! Em daxwaza zelalkirina temam\u00ea c\u00eenayet\u00ean li Par\u00ees\u00ea dikin! (29.12.2022)"},"content":{"rendered":"<p><img loading=\"lazy\" decoding=\"async\" class=\"alignnone size-large wp-image-5230\" src=\"https:\/\/asanb.noblogs.org\/files\/2022\/12\/b2912_1_1-724x1024.jpg\" alt=\"\" width=\"724\" height=\"1024\" \/><\/p>\n<p><strong>+++ Donnerstag 29.12.2022 +++<\/strong><\/p>\n<p>wir berichten am Donnerstag <a class=\"css-4rbku5 css-18t94o4 css-901oao css-16my406 r-1cvl2hr r-1loqt21 r-poiln3 r-bcqeeo r-1ny4l3l r-1ddef8g r-tjvw6i r-qvutc0\" dir=\"ltr\" role=\"link\" href=\"https:\/\/twitter.com\/hashtag\/b2912?src=hashtag_click\" target=\"_blank\" rel=\"noopener\">#b2912<\/a>\u00a0<strong>ab 16:00 Uhr<\/strong>\u00a0von der Demonstration<\/p>\n<p>\ud83d\udd25<strong>Wir fordern l\u00fcckenlose Aufkl\u00e4rung der Morde in Paris!\ud83d\udd25<\/strong><br \/>\n<strong>\ud83d\udd25Em daxwaza zelalkirina temam\u00ea c\u00eenayet\u00ean li Par\u00ees\u00ea dikin!<\/strong>\ud83d\udd25<\/p>\n<p><strong>Donnerstag, 29.12.2022 | 16:00 Uhr | Alexanderplatz 10178 Berlin<\/strong><\/p>\n<p><strong>Anreise: U5, U2, U8, S3, S5, S7, S9, Tram 12, M1, M2, M4, M5, M6, Bus 100, 200 Alexanderplatz<\/strong><\/p>\n<p>Web-Ticker:\u00a0<a href=\"https:\/\/berlin.demoticker.org\/\" target=\"_blank\" rel=\"noreferrer noopener\">https:\/\/berlin.demoticker.org<\/a><br \/>\nMastodon:\u00a0<a href=\"https:\/\/todon.eu\/@Demo_Ticker_Berlin\" target=\"_blank\" rel=\"noreferrer noopener\">@Demo_Ticker_Berlin@todon.eu<\/a><br \/>\nTelegram Ticker:\u00a0<a href=\"https:\/\/t.me\/demotickerberlin\" target=\"_blank\" rel=\"noreferrer noopener\">https:\/\/t.me\/demotickerberlin<\/a><br \/>\nTelegram Ticker English:\u00a0<a href=\"https:\/\/t.me\/demotickerEng\" target=\"_blank\" rel=\"noreferrer noopener\">https:\/\/t.me\/demotickerEng<\/a><br \/>\nTwitter Accounts: \ud83d\udce2<a href=\"https:\/\/twitter.com\/demo_ticker\" target=\"_blank\" rel=\"noreferrer noopener\">@demo_ticker<\/a><br \/>\nTwitter Hashtags: <a class=\"css-4rbku5 css-18t94o4 css-901oao css-16my406 r-1cvl2hr r-1loqt21 r-poiln3 r-bcqeeo r-1ny4l3l r-1ddef8g r-tjvw6i r-qvutc0\" dir=\"ltr\" role=\"link\" href=\"https:\/\/twitter.com\/hashtag\/b2912?src=hashtag_click\" target=\"_blank\" rel=\"noopener\">#b2912<\/a> <a class=\"css-4rbku5 css-18t94o4 css-901oao css-16my406 r-1cvl2hr r-1loqt21 r-poiln3 r-bcqeeo r-1ny4l3l r-1ddef8g r-tjvw6i r-qvutc0\" dir=\"ltr\" role=\"link\" href=\"https:\/\/twitter.com\/search?q=%23DefendKurdistan&amp;src=hashtag_click\" target=\"_blank\" rel=\"noopener\">#DefendKurdistan<\/a><\/p>\n<p><strong>\ud83d\uddfa\ufe0f Voraussichtliche Route:<\/strong><\/p>\n<ul>\n<li>Alexanderplatz (Weltzeituhr)<\/li>\n<li>Dircksenstra\u00dfe<\/li>\n<li>Karl-Liebknecht-Stra\u00dfe<\/li>\n<li>Unter den Linden<\/li>\n<li>Unter den Linden 74<\/li>\n<\/ul>\n<p>Am 23.12.2022 sind drei kurdische Aktivist:innen vor dem kurdischen Kulturzentrum in Paris ermordet worden. Daraufhin gab es Gro\u00dfdemos und Riots, europaweit gibt es Gedenk- und Protestaktionen.<\/p>\n<p>Das Massaker ruft Erinnerungen hoch an 9.1.20213, als drei kurdische Revolution\u00e4r:innen vom t\u00fcrkischen Geheimdienst im Pariser Informationszentrum Kurdistan ermordet wurden.<\/p>\n<p><strong>Auch diese Tat wurde nie l\u00fcckenlos aufgekl\u00e4rt.<\/strong><\/p>\n<p>Der Dest-Dan FrauenRat Berlin und Nav-Berlin (Freie Kurdische Gemeinde Berlin eV) rufen daher in Gedenken an die Gefallenen von Paris zur Demonstration auf:<\/p>\n<p>\ud83d\udd25Wir fordern l\u00fcckenlose Aufkl\u00e4rung der Morde in Paris!\ud83d\udd25<br \/>\n\ud83d\udd25Em daxwaza zelalkirina temam\u00ea c\u00eenayet\u00ean li Par\u00ees\u00ea dikin!\ud83d\udd25<\/p>\n<p><strong>+++ \u2020 9.1.2013 +++<\/strong><br \/>\n\ud83c\udf39Sakine Cansiz<br \/>\n\ud83c\udf39Fidan Dogan<br \/>\n\ud83c\udf39Leyla Seylamez<\/p>\n<p><strong>+++ \u2020 23.12.2022 +++<\/strong><br \/>\n\ud83c\udf39M\u00eer Perwer<br \/>\n\ud83c\udf39Ev\u00een Goyi<br \/>\n\ud83c\udf39Abdullah Kizil<\/p>\n","protected":false},"excerpt":{"rendered":"<p>Donnerstag, 29.12.2022 | 16:00 Uhr | Alexanderplatz 10178 Berlin<\/p>\n<p>Anreise: U5, U2, U8, S3, S5, S7, S9, Tram 12, M1, M2, M4, M5, M6, Bus 100, 200 Alexanderplatz<\/p>\n<p>#b2912 #DefendKurdistan<\/p>\n","protected":false},"author":13687,"featured_media":0,"comment_status":"closed","ping_status":"closed","sticky":false,"template":"","format":"aside","meta":{"footnotes":""},"categories":[12,14],"tags":[26,27],"class_list":["post-2767","post","type-post","status-publish","format-aside","hentry","category-antifa-demos","category-antirassismus","tag-b2912","tag-defendkurdistan","post_format-post-format-aside"],"_links":{"self":[{"href":"https:\/\/demotickerberlin.noblogs.org\/index.php?rest_route=\/wp\/v2\/posts\/2767","targetHints":{"allow":["GET"]}}],"collection":[{"href":"https:\/\/demotickerberlin.noblogs.org\/index.php?rest_route=\/wp\/v2\/posts"}],"about":[{"href":"https:\/\/demotickerberlin.noblogs.org\/index.php?rest_route=\/wp\/v2\/types\/post"}],"author":[{"embeddable":true,"href":"https:\/\/demotickerberlin.noblogs.org\/index.php?rest_route=\/wp\/v2\/users\/13687"}],"replies":[{"embeddable":true,"href":"https:\/\/demotickerberlin.noblogs.org\/index.php?rest_route=%2Fwp%2Fv2%2Fcomments&post=2767"}],"version-history":[{"count":2,"href":"https:\/\/demotickerberlin.noblogs.org\/index.php?rest_route=\/wp\/v2\/posts\/2767\/revisions"}],"predecessor-version":[{"id":2773,"href":"https:\/\/demotickerberlin.noblogs.org\/index.php?rest_route=\/wp\/v2\/posts\/2767\/revisions\/2773"}],"wp:attachment":[{"href":"https:\/\/demotickerberlin.noblogs.org\/index.php?rest_route=%2Fwp%2Fv2%2Fmedia&parent=2767"}],"wp:term":[{"taxonomy":"category","embeddable":true,"href":"https:\/\/demotickerberlin.noblogs.org\/index.php?rest_route=%2Fwp%2Fv2%2Fcategories&post=2767"},{"taxonomy":"post_tag","embeddable":true,"href":"https:\/\/demotickerberlin.noblogs.org\/index.php?rest_route=%2Fwp%2Fv2%2Ftags&post=2767"}],"curies":[{"name":"wp","href":"https:\/\/api.w.org\/{rel}","templated":true}]}}