{"id":2769,"date":"2022-12-28T13:40:57","date_gmt":"2022-12-28T12:40:57","guid":{"rendered":"https:\/\/demotickerberlin.noblogs.org\/?p=2769"},"modified":"2022-12-28T22:45:20","modified_gmt":"2022-12-28T21:45:20","slug":"%f0%9f%94%a5silvester-zum-knast-die-isolation-brechen-new-years-eve-to-jail-break-the-isolation%f0%9f%94%a5","status":"publish","type":"post","link":"https:\/\/demotickerberlin.noblogs.org\/?p=2769","title":{"rendered":"\ud83d\udd25Silvester zum Knast: die Isolation brechen! &#8211; New Year\u2019s Eve to jail: break the isolation!\ud83d\udd25(31.12.2022)"},"content":{"rendered":"<p><img loading=\"lazy\" decoding=\"async\" class=\"alignnone size-large wp-image-5208\" src=\"https:\/\/asanb.noblogs.org\/files\/2022\/12\/b3112_1_1-1024x718.jpg\" alt=\"\" width=\"840\" height=\"589\" \/><\/p>\n<p><strong>+++ Samstag 31.12.2022 +++<\/strong><\/p>\n<p>wir berichten am Samstag <a class=\"css-4rbku5 css-18t94o4 css-901oao css-16my406 r-1cvl2hr r-1loqt21 r-poiln3 r-b88u0q r-bcqeeo r-1ny4l3l r-1ddef8g r-tjvw6i r-qvutc0\" dir=\"ltr\" role=\"link\" href=\"https:\/\/twitter.com\/hashtag\/b3112?src=hashtag_click\" target=\"_blank\" rel=\"noopener\">#b3112<\/a>\u00a0<strong>ab 22:30 Uhr<\/strong>\u00a0von der Demonstration<\/p>\n<p>\ud83d\udd25<strong>Silvester zum Knast: die Isolation brechen!\ud83d\udd25<\/strong><br \/>\n<strong>\ud83d\udd25New Year\u2019s Eve to jail: break the isolation!<\/strong>\ud83d\udd25<\/p>\n<p><strong>Samstag, 31.12.2022 | 22:30 Uhr | Alt-Moabit\/Rathenower Stra\u00dfe 10557 Berlin<\/strong><\/p>\n<p><strong>Anreise: Bus 123, 187, 245 Alt-Moabit\/Rathenower Stra\u00dfe | M5, M8, M10 Lesser-Ury-Weg | S3, S5, S7, S9 Bellevue | U9 Turmstra\u00dfe<\/strong><\/p>\n<p>Web-Ticker:\u00a0<a href=\"https:\/\/berlin.demoticker.org\/\" target=\"_blank\" rel=\"noreferrer noopener\">https:\/\/berlin.demoticker.org<\/a><br \/>\nMastodon:\u00a0<a href=\"https:\/\/todon.eu\/@Demo_Ticker_Berlin\" target=\"_blank\" rel=\"noreferrer noopener\">@Demo_Ticker_Berlin@todon.eu<\/a><br \/>\nTelegram Ticker:\u00a0<a href=\"https:\/\/t.me\/demotickerberlin\" target=\"_blank\" rel=\"noreferrer noopener\">https:\/\/t.me\/demotickerberlin<\/a><br \/>\nTelegram Ticker English:\u00a0<a href=\"https:\/\/t.me\/demotickerEng\" target=\"_blank\" rel=\"noreferrer noopener\">https:\/\/t.me\/demotickerEng<\/a><br \/>\nTwitter Accounts: \ud83d\udce2<a href=\"https:\/\/twitter.com\/demo_ticker\" target=\"_blank\" rel=\"noreferrer noopener\">@demo_ticker<\/a><br \/>\nTwitter Hashtags: <a class=\"css-4rbku5 css-18t94o4 css-901oao css-16my406 r-1cvl2hr r-1loqt21 r-poiln3 r-b88u0q r-bcqeeo r-1ny4l3l r-1ddef8g r-tjvw6i r-qvutc0\" dir=\"ltr\" role=\"link\" href=\"https:\/\/twitter.com\/hashtag\/b3112?src=hashtag_click\" target=\"_blank\" rel=\"noopener\">#b3112<\/a> <a class=\"css-4rbku5 css-18t94o4 css-901oao css-16my406 r-1cvl2hr r-1loqt21 r-poiln3 r-bcqeeo r-qvutc0\" dir=\"ltr\" role=\"link\" href=\"https:\/\/twitter.com\/hashtag\/FreeThemAll?src=hashtag_click\" target=\"_blank\" rel=\"noopener\">#FreeThemAll<\/a><\/p>\n<p><strong>\ud83d\uddfa\ufe0f Voraussichtliche Route:<\/strong><\/p>\n<ul>\n<li>Alt-Moabit\/Rathenower Stra\u00dfe<\/li>\n<li>Alt-Moabit<\/li>\n<li>Wilsnacker Stra\u00dfe<\/li>\n<li>Turmstra\u00dfe<\/li>\n<li>Rathenower Stra\u00dfe<\/li>\n<li>Rathenower Stra\u00dfe\/Alt-Moabit<\/li>\n<\/ul>\n<p><em><strong>***english below***<\/strong><\/em><\/p>\n<hr \/>\n<p><strong>\ud83d\udd25Silvester zum Knast: die Isolation brechen!\ud83d\udd25<\/strong><\/p>\n<p>Am 31.12.22 wollen wir ab 22.30 Uhr gemeinsam an der JVA Moabit demonstrieren. Wir wollen mit einem Antiknastspaziergang starten, der um das Gef\u00e4ngnis f\u00fchrt und so von m\u00f6glichst vielen Menschen drinnen geh\u00f6rt werden kann. Anschlie\u00dfend wollen wir zusammen eine Kundgebung gestalten, die neben Reden, Projektionen und Texten, Live Musik auch Raum f\u00fcr Liederw\u00fcnsche, Gru\u00dfworte und Kreativit\u00e4t bieten soll.<\/p>\n<p>In diesem Sinne brechen wir (auch) an Silvester die Isolation des Knast-Systems. Isolation wird in unserer kapitalistischen Gesellschaft als Bestrafung benutzt, denn es soll nur der Einzelk\u00e4mpfer, individualisiert und im Wettbewerb gegen Andere, existieren. Dadurch entfernen wir uns immer weiter voneinander. Dies geschieht nicht nur durch Anonymit\u00e4t und Kontaktlosigkeit, sondern auch durch fehlende gegenseitige Verantwortungs\u00fcbernahme. Anstatt uns umeinander zu k\u00fcmmern, sollen wir lernen, dem Staat zu vertrauen und ihm die Kontrolle zu \u00fcberlassen. So wird versucht, jede Form des Widerstands schon im Keim zu ersticken. Die Abgabe unserer gegenseitigen Hilfe, bedeutet aber mehr Macht in den H\u00e4nden der Profiteur_innen von einem rassistischen und ausbeuterischen System.<\/p>\n<p>Armut wird von dem kapitalistischen System produziert und bitter ben\u00f6tigt, um Menschen abh\u00e4ngig von der Gunst ihrer eigenen Ausbeuter_innen zu machen. Menschen, die sich diesem zugewiesenen Schicksal nicht beugen wollen, die von den Verh\u00e4ltnissen gezwungen werden, zu stehlen und zu betr\u00fcgen, werden eingesperrt. 23% der Menschen in Berlin sitzen wegen Diebstahls und Unterschlagung, weitere 13% sitzen wegen Raub und Erpressung im Gef\u00e4ngnis. So bestraft das kapitalistische System einzelne Menschen f\u00fcr Probleme, ohne die es gar nicht existieren k\u00f6nnte. Die Doppelmoral zeigt sich, wenn Richter_innen mit b\u00fcrgerlichem Zeigefinger auf eine_n Dieb_in deuten, w\u00e4hrend gleichzeitig Immobilienkonzerne legal tausende von Menschen aus ihren Wohnungen auf die Stra\u00dfe werfen.<\/p>\n<p>Die Kriminalisierung von Widerstand sehen wir nicht nur in Deutschland, sondern auch im neofaschistischen Italien und dem dort als \u201c hartes Gef\u00e4ngnis\u201c bekannten Knastregime 41bis . Auch in den Kn\u00e4sten selbst gibt es ein System aus Belohnung und Bestrafung. So gibt es kein \u201ePrivileg\u201c, das den Gefangenen nicht auch wieder weggenommen werden kann. Das Knastsystem bestraft durch die Kontrolle aller Lebensvorg\u00e4nge, dem Entzug von sozialem und liebvollem Kontakt und dem Begraben menschlicher Bed\u00fcrfnisse in Antragsformularen. Im Falle des 41bis Gef\u00e4ngnisses werden diese Druckmittel noch versch\u00e4rft: z. B durch 24 Stunden Kamera\u00fcberwachung der Zelle und in den Badezimmern; 23 Stunden Isolation am Tag; das Verbot B\u00fccher, Magazine oder andere Drucksachen von drau\u00dfen zu besitzen; Gefangene d\u00fcrfen nur drei B\u00fccher besitzen, die von der Gef\u00e4ngnissleitung genehmigt werden; Besuch der Familie ist nur f\u00fcr eine Stunde im Monat und nur durch eine Glasscheibe ( Kinder unter 12 Jahre d\u00fcrfen ihre Eltern nur kurz unter Aufsicht umarmen) gestattet; Gefangene d\u00fcrfen nur per Videokonferenz an ihren eigenen Gerichtsprozessen teilnehmen.<\/p>\n<p>Anfangs f\u00fcr als \u201eder Mafia nahestehend\u201c bezeichnete Personen eingef\u00fchrt, wurde 41bis auch schon bald auf \u201ehochgef\u00e4hrliche\u201c Menschen\u201c mit kriminellen, terroristischen und\/oder subversiven Verbindungen\u201c angewandt. Dieses \u201eEtikett\u201c f\u00fchrte Anfang 2000 zur Verhaftung von Aktivisten der \u201eNuove Brigate Rosse\u201c nach 41bis und nun das ersten Mal zur Verhaftung eines anarchistischen Aktivisten: Alfredo Cospito. Er befindet sich seid Oktober 2022 im Hungerstreik gegen die unertr\u00e4glichen Haftbedingungen.<\/p>\n<p><strong>Wir fordern die sofortige Freilassung aller Gefangenen und die sofortige Beendigung des 41bis Regimes!<\/strong><\/p>\n<p>Die Bestrafung durch Isolierung von Menschen, die sich ihrem Schicksal nicht beugen wollen, sehen wir auch am Beispiel des Abschiebeknastes am BER. Menschen werden gefangen genommen, da sie den Mut hatten, zu migrieren und ihr Ziel nicht zu verlassen, auch wenn der Staat ihnen das vorschreibt. Das bereits bestehende Abschiebegef\u00e4ngniss am BER soll bis 2025, auf 4 Hektar mit sieben Geb\u00e4uden vergr\u00f6\u00dfert werden. Hinter dem Namen \u201eEin-und Ausreisezentrum\u201c verbirgt das Brandenburger Innenministerium sein Millionenschweres Bauprojekt zur Umsetzung der menschenverachtenden, rassistsichen Migrations- und Einreisepolitik. Es umfasst neben einem Ankunfts-, Gewahrsams-, und R\u00fcckf\u00fchrungsgeb\u00e4ude, auch ein Transitgeb\u00e4ude. Hier werden auch minderj\u00e4hrige Kinder bis zu ihrer Abschiebung eingeperrt.<\/p>\n<p><strong>Wir wollen, dass alle Menschen die Freiheit haben, sich zu bewegen und zu leben, wo sie wollen, wann sie es wollen. Keine Kriminalisierung von Migration! Keine Festung Europa!<\/strong><\/p>\n<p>Die rassistische Normalit\u00e4t zeigt sich im Knast genauso wie au\u00dferhalb der Gef\u00e4ngnisse. 2020 verbrannte Ferhat Mayouf in seiner Zelle in der JVA Moabit, die Justiz sprach reflexartig von Suizid. Isolationshaft und W\u00e4rter, die seine Zelle trotz Hilferufe nicht \u00f6ffneten, sprechen gegen diese Bewertung. Wir sagen: Das war Mord. Es war genauso Mord, wie er allein in diesem Jahr auch au\u00dferhalb der Gef\u00e4ngnisse stattgefunden hat.<\/p>\n<p><strong>So t\u00f6tete die Polizei allein in einer Woche im August 2022 vier Menschen in Dortmund. Einer von ihnen der 16 j\u00e4hrige Mouhamed Lamine Dram\u00e9. Weiter wurden in diesem Jahr Kupa Illunga Medard Mutombo in Berlin, Amin F. in Frankfurt, A.P. aus Mannheim durch die Polizei ermordet.<\/strong><\/p>\n<p>Diese Morde sind keine Einzelf\u00e4lle. Immer wieder sterben Gefangene, vor allem People of Color in den Kn\u00e4sten und Lagern. Immer wieder ermordet die Polizei Menschen in psychischen Ausnahmesituationen auf offener Stra\u00dfe.<\/p>\n<p><strong>All das sind Gr\u00fcnde, auch dieses Jahr gemeinsam und w\u00fctend gegen die herrschenden Verh\u00e4ltnisse auf die Stra\u00dfe zu gehen.<\/strong><\/p>\n<hr \/>\n<p><strong>\ud83d\udd25New Year\u2019s Eve to jail: break the isolation\ud83d\udd25<\/strong><\/p>\n<p>On 31.12.22 we want to demonstrate together from 22.30 at the JVA Moabit. We will start with an anti-prison walk, which leads around the prison so we can be heard by as many people inside as possible. Afterwards, we will hold a rally together, which, in addition to speeches, texts, and a live act should also offer space for song requests, greetings and creativity.<\/p>\n<p>In this sense, we (also) break the isolation of the prison system on New Year\u2019s Eve. Isolation is used as punishment in our society, because in the capitalist patriarchy only the lone fighter, individualized and in competition against others, is supposed to exist. As a result, we are moving further and further away from each other. This happens not only on an interpersonal level, through anonymity and lack of contact, but also on the level of not taking responsibility for each other. Instead of taking care of each other, we are supposed to learn to trust the state and let it take control. This is an attempt to nip any form of resistance in the bud. Giving up our power to help each other concentrates power in the hands of the profiteers of a racist and exploitative system.<\/p>\n<p>Poverty is produced by the capitalist system and bitterly needed to make human lives dependent on the favor of their own exploiters. People who do not want to bow to this assigned fate, who are forced by circumstances to steal and cheat, are imprisoned. 23% of the people in Berlin are in prison for theft and embezzlement, another 13% are in prison for robbery and extortion. Thus, the capitalist system punishes individuals for problems without which it could not exist. In a world where everything belongs to everyone and we live in collectivity, such crimes would not exist. The double standard is shown when judges point a bourgeois finger at a thief, while at the same time real estate companies legally throw thousands of people out of their homes onto the street.<\/p>\n<p>We see the criminalization of resistance not only in Germany, but also in neo-fascist Italy and the prison regime known there as \u201ehard prison\u201c : 41bis . Even inside the prisons themselves there is a system of reward and punishment, so there is no \u201eprivilege\u201c that cannot be taken away from the prisoners for punishment. The prison system punishes by controlling all life processes, depriving prisoners of social and affectionate contact, and burying human needs in application forms. In the case of 41bis prison, these pressures are compounded: e.g., 24-hour camera surveillance of the cell and in the bathrooms; 23 hours of isolation a day; the ban on owning books, magazines, or other printed materials from the outside; prisoners may own only three books approved by the prison administration; visiting family only one hour a month and only through a pane of glass (children under 12 may hug their parents only briefly under supervision); prisoners may attend their own court proceedings only by videoconference.<\/p>\n<p>Initially introduced for, \u201c people close to the mafia\u201c, 41bis was also soon applied to \u201c highly dangerous\u201c people \u201ewith criminal, terrorist and\/or subversive links\u201c. This \u201elabel\u201c led to the arrest of activists of the \u201eNuove Brigate Rosse\u201c under 41bis in early 2000 and now, for the first time, to the arrest of an anarchist activist Alfredo Cospito. He is on hunger strike since October 2022 against the unbearable prison conditions.<\/p>\n<p><strong>We demand the immediate release of all prisoners and the immediate end of the 41bis regime!<\/strong><\/p>\n<p>We also see the punishment by isolation of people who do not want to bow to their fate in the example of the deportation prison at BER. People are imprisoned because they dared to migrate and not leave their destination when the state commands them to do so. The already existing deportation prison at BER is to be enlarged by 2025 , to 4 hectares with seven buildings. Behind the name \u201c Ein-und Ausreisezentrum\u201c the Ministry of the Interior of Brandenburg hides its million building project for the implementation of the inhuman and racist migration policy. It includes an arrival, detention and repatriation building, as well as a transit building. Underage children are also locked up here until they are deported.<\/p>\n<p><strong>We want the freedom of movement for everybody! Every human should live whereever they want, whenever they want! No criminalisation of migration! No Fortress Europe!<\/strong><\/p>\n<p>Racist normality is just as evident in prison as it is outside it. In 2020, Ferhat Mayouf burned to death in his cell in Moabit Prison; the judiciary reflexively spoke of suicide. Solitary confinement and guards who did not open his cell despite calls for help speak against this assessment. We say: This was murder. It was murder just as it has been outside prisons this year alone.<\/p>\n<p><strong>So the police killed four people in Dortmund in one week alone in August 2022. One of them 16 year old Mouhamed Lamine Dram\u00e9. Further in this year Kupa Illunga Medard Mutombo in Berlin, Amin F. in Frankfurt, A.P. from Mannheim were murdered by the police.<\/strong><\/p>\n<p>These murders are not isolated cases. Again and again prisoners, especially People of Color die in jails and camps. Again and again, the police murder people in psychologically exceptional situations on the open street.<\/p>\n<p><strong>All of these are reasons to take to the streets again this year, together and angrily, against the prevailing conditions.<\/strong><\/p>\n","protected":false},"excerpt":{"rendered":"<p>Samstag, 31.12.2022 | 22:30 Uhr | Alt-Moabit\/Rathenower Stra\u00dfe 10557 Berlin<\/p>\n<p>Anreise: Bus 123, 187, 245 Alt-Moabit\/Rathenower Stra\u00dfe | M5, M8, M10 Lesser-Ury-Weg | S3, S5, S7, S9 Bellevue | U9 Turmstra\u00dfe<\/p>\n<p>#b3112 #FreeThemAll<\/p>\n","protected":false},"author":13687,"featured_media":0,"comment_status":"closed","ping_status":"closed","sticky":false,"template":"","format":"aside","meta":{"footnotes":""},"categories":[11],"tags":[28,10],"class_list":["post-2769","post","type-post","status-publish","format-aside","hentry","category-antirep","tag-b3112","tag-freethemall","post_format-post-format-aside"],"_links":{"self":[{"href":"https:\/\/demotickerberlin.noblogs.org\/index.php?rest_route=\/wp\/v2\/posts\/2769","targetHints":{"allow":["GET"]}}],"collection":[{"href":"https:\/\/demotickerberlin.noblogs.org\/index.php?rest_route=\/wp\/v2\/posts"}],"about":[{"href":"https:\/\/demotickerberlin.noblogs.org\/index.php?rest_route=\/wp\/v2\/types\/post"}],"author":[{"embeddable":true,"href":"https:\/\/demotickerberlin.noblogs.org\/index.php?rest_route=\/wp\/v2\/users\/13687"}],"replies":[{"embeddable":true,"href":"https:\/\/demotickerberlin.noblogs.org\/index.php?rest_route=%2Fwp%2Fv2%2Fcomments&post=2769"}],"version-history":[{"count":2,"href":"https:\/\/demotickerberlin.noblogs.org\/index.php?rest_route=\/wp\/v2\/posts\/2769\/revisions"}],"predecessor-version":[{"id":2774,"href":"https:\/\/demotickerberlin.noblogs.org\/index.php?rest_route=\/wp\/v2\/posts\/2769\/revisions\/2774"}],"wp:attachment":[{"href":"https:\/\/demotickerberlin.noblogs.org\/index.php?rest_route=%2Fwp%2Fv2%2Fmedia&parent=2769"}],"wp:term":[{"taxonomy":"category","embeddable":true,"href":"https:\/\/demotickerberlin.noblogs.org\/index.php?rest_route=%2Fwp%2Fv2%2Fcategories&post=2769"},{"taxonomy":"post_tag","embeddable":true,"href":"https:\/\/demotickerberlin.noblogs.org\/index.php?rest_route=%2Fwp%2Fv2%2Ftags&post=2769"}],"curies":[{"name":"wp","href":"https:\/\/api.w.org\/{rel}","templated":true}]}}