{"id":2799,"date":"2023-01-02T12:24:42","date_gmt":"2023-01-02T11:24:42","guid":{"rendered":"https:\/\/demotickerberlin.noblogs.org\/?p=2799"},"modified":"2023-01-02T21:32:06","modified_gmt":"2023-01-02T20:32:06","slug":"zum-gedenken-der-opfer-in-paris","status":"publish","type":"post","link":"https:\/\/demotickerberlin.noblogs.org\/?p=2799","title":{"rendered":"Zum Gedenken der Opfer in Paris! (06.01.2023)"},"content":{"rendered":"\n<figure class=\"wp-block-image\"><img decoding=\"async\" src=\"https:\/\/asanb.noblogs.org\/files\/2023\/01\/C7C10AD9-A24E-4937-9D95-C5218F4941A1-1024x1024.jpg\" alt=\"\" class=\"wp-image-5268\" \/><\/figure>\n\n\n\n<p><strong>+++ Freitag 06.01.2023 +++<\/strong><\/p>\n\n\n\n<p>wir berichten am Freitag&nbsp;<a rel=\"noreferrer noopener\" href=\"https:\/\/twitter.com\/hashtag\/b3112?src=hashtag_click\" target=\"_blank\"><\/a><a rel=\"noreferrer noopener\" href=\"https:\/\/twitter.com\/hashtag\/b0601?src=hashtag_click\" target=\"_blank\">#b0601<\/a>&nbsp;<strong>ab 17:00 Uhr<\/strong>&nbsp;von der Demonstration<\/p>\n\n\n\n<p>\ud83d\udd6f\ufe0f<strong>Zum Gedenken der Opfer in Paris!<\/strong>\ud83d\udd6f\ufe0f<\/p>\n\n\n\n<p><strong>Freitag, 06.01.2023 | 17:00 Uhr | Hermannplatz 10967 Berlin&nbsp;<\/strong><br><strong>Anreise:&nbsp;U7, U8, Bus M29, M41, 171, 194 Hermannplatz<\/strong><\/p>\n\n\n\n<p>Web-Ticker:&nbsp;<a rel=\"noreferrer noopener\" href=\"https:\/\/berlin.demoticker.org\/\" target=\"_blank\">https:\/\/berlin.demoticker.org<\/a><br>Mastodon:&nbsp;<a rel=\"noreferrer noopener\" href=\"https:\/\/todon.eu\/@Demo_Ticker_Berlin\" target=\"_blank\">@Demo_Ticker_Berlin@todon.eu<\/a><br>Telegram Ticker:&nbsp;<a rel=\"noreferrer noopener\" href=\"https:\/\/t.me\/demotickerberlin\" target=\"_blank\">https:\/\/t.me\/demotickerberlin<\/a><br>Telegram Ticker English:&nbsp;<a rel=\"noreferrer noopener\" href=\"https:\/\/t.me\/demotickerEng\" target=\"_blank\">https:\/\/t.me\/demotickerEng<\/a><br>Twitter Accounts: \ud83d\udce2<a rel=\"noreferrer noopener\" href=\"https:\/\/twitter.com\/demo_ticker\" target=\"_blank\">@demo_ticker<\/a><br>Twitter Hashtags:&nbsp;<a rel=\"noreferrer noopener\" href=\"https:\/\/twitter.com\/hashtag\/b0601?src=hashtag_click\" target=\"_blank\">#b0601<\/a> <a rel=\"noreferrer noopener\" href=\"https:\/\/twitter.com\/hashtag\/ParisMassacreOfKurds?src=hashtag_click\" target=\"_blank\">#ParisMassacreOfKurds<\/a><\/p>\n\n\n\n<p><strong>\ud83d\uddfa\ufe0f Voraussichtliche Route:<\/strong><\/p>\n\n\n\n<ul class=\"wp-block-list\">\n<li>Kottbusser Damm<\/li>\n\n\n\n<li>Kottbusser Br\u00fccke (ZK)<\/li>\n\n\n\n<li>Kottbusser Stra\u00dfe<\/li>\n\n\n\n<li>Adalbertstra\u00dfe<\/li>\n\n\n\n<li>Oranienstra\u00dfe<\/li>\n\n\n\n<li>Mariannenstra\u00dfe<\/li>\n<\/ul>\n\n\n\n<p><strong>Zum Gedenken der Opfer in Paris!<\/strong><\/p>\n\n\n\n<p>Am 06.01.2023 findet aufgrund des 10. Jahrestages der Morde an Sara, Rojbin, Ronahi und des erneuten Anschlags vergangenen Monats eine Demonstration statt.<\/p>\n\n\n\n<p>Um 17 Uhr vom Hermannplatz aus beginnt die Demonstration.<\/p>\n\n\n\n<p>F\u00fcr die Aufkl\u00e4rung der Morde und Sicherheit der KurdInnen in der Diaspora gehen wir gemeinsam auf die Stra\u00dfe!<\/p>\n","protected":false},"excerpt":{"rendered":"<p>\ud83d\udd6f\ufe0fZum Gedenken der Opfer in Paris!\ud83d\udd6f\ufe0f<\/p>\n<p>Freitag, 06.01.2023 | 17:00 Uhr | Hermannplatz 10967 Berlin\u00a0<br \/>\nAnreise:\u00a0U7, U8, Bus M29, M41, 171, 194 Hermannplatz<\/p>\n<p>Web-Ticker:\u00a0https:\/\/berlin.demoticker.org<br \/>\nMastodon:\u00a0@Demo_Ticker_Berlin@todon.eu<br \/>\nTelegram Ticker:\u00a0https:\/\/t.me\/demotickerberlin<br \/>\nTelegram Ticker English:\u00a0https:\/\/t.me\/demotickerEng<br \/>\nTwitter Accounts: \ud83d\udce2@demo_ticker<br \/>\nTwitter Hashtags:\u00a0#b0601 #ParisMassacreOfKurds<\/p>\n","protected":false},"author":13687,"featured_media":0,"comment_status":"closed","ping_status":"closed","sticky":false,"template":"","format":"aside","meta":{"footnotes":""},"categories":[12,14],"tags":[30,31],"class_list":["post-2799","post","type-post","status-publish","format-aside","hentry","category-antifa-demos","category-antirassismus","tag-b0601","tag-parismassacreofkurds","post_format-post-format-aside"],"_links":{"self":[{"href":"https:\/\/demotickerberlin.noblogs.org\/index.php?rest_route=\/wp\/v2\/posts\/2799","targetHints":{"allow":["GET"]}}],"collection":[{"href":"https:\/\/demotickerberlin.noblogs.org\/index.php?rest_route=\/wp\/v2\/posts"}],"about":[{"href":"https:\/\/demotickerberlin.noblogs.org\/index.php?rest_route=\/wp\/v2\/types\/post"}],"author":[{"embeddable":true,"href":"https:\/\/demotickerberlin.noblogs.org\/index.php?rest_route=\/wp\/v2\/users\/13687"}],"replies":[{"embeddable":true,"href":"https:\/\/demotickerberlin.noblogs.org\/index.php?rest_route=%2Fwp%2Fv2%2Fcomments&post=2799"}],"version-history":[{"count":4,"href":"https:\/\/demotickerberlin.noblogs.org\/index.php?rest_route=\/wp\/v2\/posts\/2799\/revisions"}],"predecessor-version":[{"id":2808,"href":"https:\/\/demotickerberlin.noblogs.org\/index.php?rest_route=\/wp\/v2\/posts\/2799\/revisions\/2808"}],"wp:attachment":[{"href":"https:\/\/demotickerberlin.noblogs.org\/index.php?rest_route=%2Fwp%2Fv2%2Fmedia&parent=2799"}],"wp:term":[{"taxonomy":"category","embeddable":true,"href":"https:\/\/demotickerberlin.noblogs.org\/index.php?rest_route=%2Fwp%2Fv2%2Fcategories&post=2799"},{"taxonomy":"post_tag","embeddable":true,"href":"https:\/\/demotickerberlin.noblogs.org\/index.php?rest_route=%2Fwp%2Fv2%2Ftags&post=2799"}],"curies":[{"name":"wp","href":"https:\/\/api.w.org\/{rel}","templated":true}]}}