{"id":2803,"date":"2023-01-02T13:04:06","date_gmt":"2023-01-02T12:04:06","guid":{"rendered":"https:\/\/demotickerberlin.noblogs.org\/?p=2803"},"modified":"2023-01-02T21:27:05","modified_gmt":"2023-01-02T20:27:05","slug":"aufruf-zur-gedenkdemonstration-am-7-januar-2023-in-dessau","status":"publish","type":"post","link":"https:\/\/demotickerberlin.noblogs.org\/?p=2803","title":{"rendered":"Aufruf zur Gedenkdemonstration am 7. Januar 2023 in Dessau! (07.01.2023)"},"content":{"rendered":"\n<figure class=\"wp-block-image\"><img decoding=\"async\" src=\"https:\/\/asanb.noblogs.org\/files\/2022\/12\/b0701_1_1-724x1024.jpg\" alt=\"\" class=\"wp-image-5234\" \/><\/figure>\n\n\n\n<p><strong>+++ Samstag 07.01.2023 +++<\/strong><\/p>\n\n\n\n<p>wir berichten am Samstag <a rel=\"noreferrer noopener\" href=\"https:\/\/twitter.com\/hashtag\/b0701?src=hashtag_click\" target=\"_blank\">#b0701<\/a>&nbsp;<a rel=\"noreferrer noopener\" href=\"https:\/\/twitter.com\/hashtag\/de0701?src=hashtag_click\" target=\"_blank\">#de0701<\/a><strong> <\/strong><strong>ab 14:00 Uhr<\/strong>&nbsp;von der Demonstration<\/p>\n\n\n\n<p>\ud83d\udd25<strong>Gedenkdemonstration am 7. Januar 2023 in Dessau!<\/strong>\ud83d\udd25<\/p>\n\n\n\n<p><strong>Samstag, 07.01.2023 | 14:00 Uhr | Hauptbahnhof Dessau 06844 Dessau-Ro\u00dflau<\/strong><\/p>\n\n\n\n<p class=\"has-vivid-red-color has-text-color\"><strong>Gemeinsame Anreisen:<\/strong><\/p>\n\n\n\n<p><strong>Zuganreise:&nbsp;11:00 Uhr | HBF BERLIN | Abfahrt 11:14 Uhr | Gleis 14<\/strong><br><strong>U5, S3, S7, S9, Tram M5, M8, M10, Bus 120, 123, 142, 147, 245, M10, M41, M85 Berlin Hauptbahnhof<\/strong><\/p>\n\n\n\n<p><strong>Bus Anreise IBN:&nbsp;Bustickets \u00fcber: ibnordberlin@riseup.org<\/strong><br><strong>Bus Anreise Die URBANE:&nbsp;Weitere Infos &amp; Anmeldung&nbsp;<a rel=\"noreferrer noopener\" href=\"https:\/\/www.facebook.com\/events\/5518979438198245\/\" target=\"_blank\">Link \/ Facebook-Event<\/a><\/strong><\/p>\n\n\n\n<p>Web-Ticker:&nbsp;<a rel=\"noreferrer noopener\" href=\"https:\/\/berlin.demoticker.org\/\" target=\"_blank\">https:\/\/berlin.demoticker.org<\/a><br>Mastodon:&nbsp;<a rel=\"noreferrer noopener\" href=\"https:\/\/todon.eu\/@Demo_Ticker_Berlin\" target=\"_blank\">@Demo_Ticker_Berlin@todon.eu<\/a><br>Telegram Ticker:&nbsp;<a rel=\"noreferrer noopener\" href=\"https:\/\/t.me\/demotickerberlin\" target=\"_blank\">https:\/\/t.me\/demotickerberlin<\/a><br>Telegram Ticker English:&nbsp;<a rel=\"noreferrer noopener\" href=\"https:\/\/t.me\/demotickerEng\" target=\"_blank\">https:\/\/t.me\/demotickerEng<\/a><br>Twitter Accounts: \ud83d\udce2<a rel=\"noreferrer noopener\" href=\"https:\/\/twitter.com\/demo_ticker\" target=\"_blank\">@demo_ticker<\/a><br>Twitter Hashtags: <a rel=\"noreferrer noopener\" href=\"https:\/\/twitter.com\/hashtag\/b0701?src=hashtag_click\" target=\"_blank\">#b0701<\/a>&nbsp;<a rel=\"noreferrer noopener\" href=\"https:\/\/twitter.com\/hashtag\/de0701?src=hashtag_click\" target=\"_blank\">#de0701<\/a>&nbsp;<a href=\"https:\/\/twitter.com\/hashtag\/OuryJalloh?src=hashtag_click\">#OuryJalloh<\/a><\/p>\n\n\n\n<p class=\"has-black-color has-text-color\">\ud83d\udce3<a href=\"https:\/\/initiativeouryjalloh.wordpress.com\/2022\/11\/10\/aufruf-zur-gedenkdemonstration-am-7-januar-2023-in-dessau\/\" target=\"_blank\" rel=\"noreferrer noopener\">Aufruf&#8230;<\/a><\/p>\n\n\n\n<p><strong>18 Jahre Kampf f\u00fcr die Aufkl\u00e4rung des Mordes an Oury Jalloh!<\/strong><\/p>\n\n\n\n<p>Am Samstag, dem 7. Januar 2023, ist der 18. Todestag von Oury Jalloh. Vor 18 Jahren wurde Oury rechtswidrig in Dessau in Polizeigewahrsam genommen, k\u00f6rperlich misshandelt, auf einer Matratze fixiert und angez\u00fcndet.<\/p>\n\n\n\n<p>18 Jahre sp\u00e4ter liegen alle Beweise auf dem Tisch: Rassistische Polizeibeamte aus Dessau haben Oury get\u00f6tet und mit Hilfe von Brandbeschleunigern verbrannt! Doch die bundesdeutsche Justiz will weiter vertuschen und weigert sich nach wie vor zuzugeben, was sich nicht mehr leugnen l\u00e4sst:<\/p>\n\n\n\n<p><strong>Oury Jalloh \u2013 Das war Mord!<\/strong><\/p>\n\n\n\n<p>Oury ist kein Einzelfall und die letzten Jahre und insbesondere die letzten Monate haben nachdr\u00fccklich gezeigt, dass Polizeibeamte keine Hemmungen haben Menschen aufgrund ihrer Hautfarbe, ihrer Herkunft, ihrer sozialen oder psychischen Situation zu erschie\u00dfen, zu ersticken oder sonst wie umzubringen. Wenn der offensichtliche Mord an Oury Jalloh ohne Konsequenzen f\u00fcr die T\u00e4ter bleibt, weil diese durch Staatsanwaltschaften, Gerichte und Politik gesch\u00fctzt werden, dann ist das auch in Zukunft ihr Freibrief zum T\u00f6ten!<\/p>\n\n\n\n<p>Damit die T\u00e4ter nicht davonkommen ist es notwendig, dass wir den Oury Jalloh Komplex aufl\u00f6sen und die Angeh\u00f6rigen und Freund*innen der Opfer ihren Frieden finden k\u00f6nnen!<\/p>\n\n\n\n<p><strong>Deshalb ist es so wichtig, dass wir unsere Trauer und unsere Wut am 7. Januar 2023 gemeinsam in Dessau auf die Stra\u00dfe tragen!<\/strong><\/p>\n\n\n\n<p><strong>In Gedenken an Oury Jalloh, Hans-J\u00fcrgen Rose und Mario Bichtemann \u2013 ermordet im Polizeirevier Dessau. In Gedenken an Laye-Alama Cond\u00e9, Dominique Koumadio, Halim Dener, N`deye Mariame Sarr, Dennis, Christy Schwundeck, Mikael Haile, Adel B., Hussam Fadl, Ferhat Mayouf, Ali J., Amed Ahmad, Georgios Zantiotis, Ante P., Mouhamed L. Dram\u00e8, Mutombo Mansamba und alle anderen Opfer t\u00f6dlicher Polizeigewalt!<\/strong><\/p>\n\n\n\n<p><strong>Touch One \u2013 Touch All!<\/strong><\/p>\n","protected":false},"excerpt":{"rendered":"<p>wir berichten am Samstag #b0701 #de0701 ab 14:00 Uhr von der Demonstration<\/p>\n<p>\ud83d\udd25Gedenkdemonstration am 7. Januar 2023 in Dessau!\ud83d\udd25<\/p>\n<p>#b0701\u00a0#de0701\u00a0#OuryJalloh<\/p>\n","protected":false},"author":13687,"featured_media":0,"comment_status":"closed","ping_status":"closed","sticky":false,"template":"","format":"aside","meta":{"footnotes":""},"categories":[11,12,14],"tags":[33,34,35],"class_list":["post-2803","post","type-post","status-publish","format-aside","hentry","category-antirep","category-antifa-demos","category-antirassismus","tag-b0701","tag-de0701","tag-ouryjalloh","post_format-post-format-aside"],"_links":{"self":[{"href":"https:\/\/demotickerberlin.noblogs.org\/index.php?rest_route=\/wp\/v2\/posts\/2803","targetHints":{"allow":["GET"]}}],"collection":[{"href":"https:\/\/demotickerberlin.noblogs.org\/index.php?rest_route=\/wp\/v2\/posts"}],"about":[{"href":"https:\/\/demotickerberlin.noblogs.org\/index.php?rest_route=\/wp\/v2\/types\/post"}],"author":[{"embeddable":true,"href":"https:\/\/demotickerberlin.noblogs.org\/index.php?rest_route=\/wp\/v2\/users\/13687"}],"replies":[{"embeddable":true,"href":"https:\/\/demotickerberlin.noblogs.org\/index.php?rest_route=%2Fwp%2Fv2%2Fcomments&post=2803"}],"version-history":[{"count":3,"href":"https:\/\/demotickerberlin.noblogs.org\/index.php?rest_route=\/wp\/v2\/posts\/2803\/revisions"}],"predecessor-version":[{"id":2807,"href":"https:\/\/demotickerberlin.noblogs.org\/index.php?rest_route=\/wp\/v2\/posts\/2803\/revisions\/2807"}],"wp:attachment":[{"href":"https:\/\/demotickerberlin.noblogs.org\/index.php?rest_route=%2Fwp%2Fv2%2Fmedia&parent=2803"}],"wp:term":[{"taxonomy":"category","embeddable":true,"href":"https:\/\/demotickerberlin.noblogs.org\/index.php?rest_route=%2Fwp%2Fv2%2Fcategories&post=2803"},{"taxonomy":"post_tag","embeddable":true,"href":"https:\/\/demotickerberlin.noblogs.org\/index.php?rest_route=%2Fwp%2Fv2%2Ftags&post=2803"}],"curies":[{"name":"wp","href":"https:\/\/api.w.org\/{rel}","templated":true}]}}