{"id":2873,"date":"2023-01-04T21:19:43","date_gmt":"2023-01-04T20:19:43","guid":{"rendered":"https:\/\/demotickerberlin.noblogs.org\/?p=2873"},"modified":"2023-01-05T16:09:56","modified_gmt":"2023-01-05T15:09:56","slug":"freiraeume-verteidigen-solidaritaet-mit-luetzerath-09-01-2023","status":"publish","type":"post","link":"https:\/\/demotickerberlin.noblogs.org\/?p=2873","title":{"rendered":"Freir\u00e4ume verteidigen! Solidarit\u00e4t mit L\u00fctzerath! (09.01.2023)"},"content":{"rendered":"\n<figure class=\"wp-block-image\"><img decoding=\"async\" src=\"https:\/\/asanb.noblogs.org\/files\/2023\/01\/b0901.jpg\" alt=\"\" class=\"wp-image-5272\" \/><\/figure>\n\n\n\n<p><strong>+++ Montag 09.01.2023 +++<\/strong><\/p>\n\n\n\n<p>wir berichten am Montag&nbsp;<a href=\"https:\/\/twitter.com\/hashtag\/b0901?src=hashtag_click\">#b0901<\/a><strong> <\/strong><strong>ab 19:00 Uhr<\/strong>&nbsp;von der Demonstration<\/p>\n\n\n\n<p>\ud83d\udd25<strong>Freir\u00e4ume verteidigen! Solidarit\u00e4t mit L\u00fctzerath!<\/strong>\ud83d\udd25<\/p>\n\n\n\n<p><strong>Montag, 09.01.2023 | 19:00 Uhr | Tram H Revaler Stra\u00dfe 10243 Berlin<\/strong><\/p>\n\n\n\n<p><strong>Anreise: Tram M10, Bus M13 Revaler Stra\u00dfe | U1, U3, S3, S5, S7, S9, S75, Bus 300, 347 Warschauer Stra\u00dfe<\/strong><\/p>\n\n\n\n<p>Web-Ticker:\u00a0<a rel=\"noreferrer noopener\" href=\"https:\/\/berlin.demoticker.org\/\" target=\"_blank\">https:\/\/berlin.demoticker.org<\/a><br>Mastodon:\u00a0<a rel=\"noreferrer noopener\" href=\"https:\/\/todon.eu\/@Demo_Ticker_Berlin\" target=\"_blank\">@Demo_Ticker_Berlin@todon.eu<\/a><br>Telegram Ticker:\u00a0<a rel=\"noreferrer noopener\" href=\"https:\/\/t.me\/demotickerberlin\" target=\"_blank\">https:\/\/t.me\/demotickerberlin<\/a><br>Telegram Ticker English:\u00a0<a rel=\"noreferrer noopener\" href=\"https:\/\/t.me\/demotickerEng\" target=\"_blank\">https:\/\/t.me\/demotickerEng<\/a><br>Twitter Accounts: \ud83d\udce2<a rel=\"noreferrer noopener\" href=\"https:\/\/twitter.com\/demo_ticker\" target=\"_blank\">@demo_ticker<\/a><br>Twitter Hashtags:\u00a0<a href=\"https:\/\/twitter.com\/hashtag\/b0901?src=hashtag_click\" target=\"_blank\" rel=\"noreferrer noopener\">#b0901<\/a> <a href=\"https:\/\/twitter.com\/hashtag\/L%C3%BCtzerathBleibt?src=hashtag_click\" target=\"_blank\" rel=\"noreferrer noopener\">#L\u00fctzerathBleibt<\/a><\/p>\n\n\n\n<p>\ud83d\udce3<a rel=\"noreferrer noopener\" href=\"https:\/\/de.indymedia.org\/node\/250250\" target=\"_blank\">Indymedia Aufruf&#8230;<\/a><\/p>\n\n\n\n<p><strong>\ud83d\uddfa\ufe0f Voraussichtliche Route:<\/strong><\/p>\n\n\n\n<figure class=\"wp-block-image\"><img decoding=\"async\" src=\"https:\/\/asanb.noblogs.org\/files\/2023\/01\/b0901-Route.jpg\" alt=\"\" class=\"wp-image-5273\" \/><\/figure>\n\n\n\n<ul class=\"wp-block-list\">\n<li>Revaler Stra\u00dfe<\/li>\n\n\n\n<li>Warschauer Stra\u00dfe<\/li>\n\n\n\n<li>Kopernikusstra\u00dfe<\/li>\n\n\n\n<li>Simon-Dach-Stra\u00dfe<\/li>\n\n\n\n<li>Niederbarnimstra\u00dfe<\/li>\n\n\n\n<li>Porskauer Stra\u00dfe<\/li>\n\n\n\n<li>Rigaer Stra\u00dfe<\/li>\n\n\n\n<li>Liebigstra\u00dfe<\/li>\n\n\n\n<li>B\u00e4nschstra\u00dfe<\/li>\n\n\n\n<li>B\u00e4nschstra\u00dfe (vor dem Forckenbeckplatz)<\/li>\n<\/ul>\n\n\n\n<p><strong>Aufruf zur linksradikalen Demonstration in Solidarit\u00e4t mit L\u00fctzerath am 9. Januar in Berlin.<\/strong><\/p>\n\n\n\n<p>Am 10. Januar soll L\u00fctzerath und am 23. Januar der Heibo ger\u00e4umt und gerodet werden, wobei Cops grade schon in L\u00fctzerath zum Teil eingedrungen sind. Bullen, Staat und Konzerne wollen Safer Spaces f\u00fcr BiPoC und Queerfems zerst\u00f6ren und mit Gewalt zertreten.<\/p>\n\n\n\n<p>2023 bleibt ein Jahr der Krisen und es wird nicht besser. Die Klimakrise zeigt sich immer deutlicher, insbesondere auf anderen Kontinenten dieser Erde ist der menschengemachte Klimawandel f\u00fcr unz\u00e4hlige Tote verantwortlich. Jeder gef\u00e4llte Baum treibt die Kriese voran. R\u00e4umungen, Polizeigewalt, Rechtsruck in der Politik und Gesellschaft und Verdr\u00e4ngung aus den Kiezen sind nur wenige weitere Beispiele weswegen es auch wichtig ist auf die Stra\u00dfe zu gehen.<\/p>\n\n\n\n<p><strong>Es ist Zeit diesen Zust\u00e4nden, auch hier in Berlin wieder entgegenzutreten. Es ist Zeit unsere Wut und unseren Frust wieder auf die Stra\u00dfe zu bringen. Es ist Zeit sich nicht mehr zu verteidigen, sondern anzugreifen!<\/strong><\/p>\n\n\n\n<p>Die Silvesternacht in Berlin zeigt, dass die Flamme noch lange nicht erloschen ist.<\/p>\n\n\n\n<p><strong>Deshalb rufen wir am 9 .Januar um 19:00 Uhr zur Abenddemo auf! Bringen wir die Cops wieder zum rennen, bringen wir Berlin wieder zum leuchten und zeigen wir, dass ein Angriff auf Freir\u00e4ume, ein Angriff auf uns ist.<\/strong><\/p>\n\n\n\n<p><strong>Demokonsens: Jegliche Partei-, Gruppenflaggen sind nicht erw\u00fcnscht, lasst diese bitte zuhause.<\/strong><\/p>\n\n\n\n<p>Was sollte ich mitbringen und was nicht?: Pers\u00f6nliche Gegenst\u00e4nde (Tagebuch, Handy) sollten zuhause bleiben. Au\u00dferdem sollten eure tierischen Liebsten ebenfalls kein Teil dieser Demo sein. Druckt euch ebenfalls die Demoroute aus und bringt Handschuhe und M\u00fctze mit, es k\u00f6nnte n\u00e4mlich kalt sein. Au\u00dferdem sind Regenschirme und Wechselklamotten von Vorteil, schlie\u00dflich kann es auch regnen.<\/p>\n\n\n\n<p>Wie kann ich mich auf der Demo sch\u00fctzen?: Bildet Ketten und Bezugsgruppen, bringt Transparente (!) mit und achtet aufeinander. Gemeinsam sind wir von au\u00dfen weniger angreifbar!<\/p>\n\n\n\n<p><strong>Wir sagen: Antifa bleibt Handarbeit! Solidarit\u00e4t mit L\u00fctzerath und allen anderen linken Freir\u00e4umen!<\/strong><\/p>\n","protected":false},"excerpt":{"rendered":"<p>wir berichten am Montag #b0901 ab 19:00 Uhr von der Demonstration<\/p>\n<p>\ud83d\udd25Freir\u00e4ume verteidigen! Solidarit\u00e4t mit L\u00fctzerath!\ud83d\udd25<\/p>\n<p>Montag, 09.01.2023 | 19:00 Uhr | Tram H Revaler Stra\u00dfe 10243 Berlin<\/p>\n<p>Anreise: Tram M10, Bus M13 Revaler Stra\u00dfe | U1, U3, S3, S5, S7, S9, S75, Bus 300, 347 Warschauer Stra\u00dfe<\/p>\n<p>\ud83d\udce3indymedia Aufruf: https:\/\/de.indymedia.org\/node\/250250<\/p>\n<p>#b0901 #L\u00fctzerathBleibt<\/p>\n","protected":false},"author":13687,"featured_media":0,"comment_status":"closed","ping_status":"closed","sticky":false,"template":"","format":"aside","meta":{"footnotes":""},"categories":[17],"tags":[37,38],"class_list":["post-2873","post","type-post","status-publish","format-aside","hentry","category-klimakampf","tag-b0901","tag-luetzerathbleibt","post_format-post-format-aside"],"_links":{"self":[{"href":"https:\/\/demotickerberlin.noblogs.org\/index.php?rest_route=\/wp\/v2\/posts\/2873","targetHints":{"allow":["GET"]}}],"collection":[{"href":"https:\/\/demotickerberlin.noblogs.org\/index.php?rest_route=\/wp\/v2\/posts"}],"about":[{"href":"https:\/\/demotickerberlin.noblogs.org\/index.php?rest_route=\/wp\/v2\/types\/post"}],"author":[{"embeddable":true,"href":"https:\/\/demotickerberlin.noblogs.org\/index.php?rest_route=\/wp\/v2\/users\/13687"}],"replies":[{"embeddable":true,"href":"https:\/\/demotickerberlin.noblogs.org\/index.php?rest_route=%2Fwp%2Fv2%2Fcomments&post=2873"}],"version-history":[{"count":2,"href":"https:\/\/demotickerberlin.noblogs.org\/index.php?rest_route=\/wp\/v2\/posts\/2873\/revisions"}],"predecessor-version":[{"id":2884,"href":"https:\/\/demotickerberlin.noblogs.org\/index.php?rest_route=\/wp\/v2\/posts\/2873\/revisions\/2884"}],"wp:attachment":[{"href":"https:\/\/demotickerberlin.noblogs.org\/index.php?rest_route=%2Fwp%2Fv2%2Fmedia&parent=2873"}],"wp:term":[{"taxonomy":"category","embeddable":true,"href":"https:\/\/demotickerberlin.noblogs.org\/index.php?rest_route=%2Fwp%2Fv2%2Fcategories&post=2873"},{"taxonomy":"post_tag","embeddable":true,"href":"https:\/\/demotickerberlin.noblogs.org\/index.php?rest_route=%2Fwp%2Fv2%2Ftags&post=2873"}],"curies":[{"name":"wp","href":"https:\/\/api.w.org\/{rel}","templated":true}]}}