{"id":2890,"date":"2023-01-10T19:50:16","date_gmt":"2023-01-10T18:50:16","guid":{"rendered":"https:\/\/demotickerberlin.noblogs.org\/?p=2890"},"modified":"2023-01-10T20:04:21","modified_gmt":"2023-01-10T19:04:21","slug":"global-movement-for-womenss-rights-in-afghanistan-14-01-2022","status":"publish","type":"post","link":"https:\/\/demotickerberlin.noblogs.org\/?p=2890","title":{"rendered":"Global movement for womens\u2019s rights in Afghanistan! (14.01.2022)"},"content":{"rendered":"<p><img loading=\"lazy\" decoding=\"async\" class=\"alignnone size-full wp-image-5289\" src=\"https:\/\/asanb.noblogs.org\/files\/2023\/01\/b1401_1_1.jpg\" alt=\"\" width=\"746\" height=\"772\" \/><\/p>\n<p><strong>+++ Samstag 14.01.2023 +++<\/strong><\/p>\n<p>wir berichten am Samstag <a class=\"css-4rbku5 css-18t94o4 css-901oao css-16my406 r-1cvl2hr r-1loqt21 r-poiln3 r-b88u0q r-bcqeeo r-1ny4l3l r-1ddef8g r-tjvw6i r-qvutc0\" dir=\"ltr\" role=\"link\" href=\"https:\/\/twitter.com\/hashtag\/b1401?src=hashtag_click\" target=\"_blank\" rel=\"noopener\">#b1401<\/a><strong>\u00a0<\/strong><strong>ab 14:00 Uhr<\/strong> von der Kundgebung<\/p>\n<p>\ud83d\udd25<strong>Global movement for womens\u2019s rights in Afghanistan!<\/strong>\ud83d\udd25<\/p>\n<p><strong>Samstag, 14.01.2023 | 14:00 Uhr | Alexanderplatz Weltzeituhr 10178 Berlin<\/strong><\/p>\n<p class=\"has-vivid-red-color has-text-color\"><span style=\"color: #000000\"><strong>Anreise: U5, U2, U8, S3, S5, S7, S9, Tram 12, M1, M2, M4, M5, M6, Bus 100, 200 Alexanderplatz<\/strong><\/span><\/p>\n<p>Web-Ticker:\u00a0<a href=\"https:\/\/berlin.demoticker.org\/\" target=\"_blank\" rel=\"noreferrer noopener\">https:\/\/berlin.demoticker.org<\/a><br \/>\nMastodon:\u00a0<a href=\"https:\/\/todon.eu\/@Demo_Ticker_Berlin\" target=\"_blank\" rel=\"noreferrer noopener\">@Demo_Ticker_Berlin@todon.eu<\/a><br \/>\nTelegram Ticker:\u00a0<a href=\"https:\/\/t.me\/demotickerberlin\" target=\"_blank\" rel=\"noreferrer noopener\">https:\/\/t.me\/demotickerberlin<\/a><br \/>\nTelegram Ticker English:\u00a0<a href=\"https:\/\/t.me\/demotickerEng\" target=\"_blank\" rel=\"noreferrer noopener\">https:\/\/t.me\/demotickerEng<\/a><br \/>\nTwitter Accounts: \ud83d\udce2<a href=\"https:\/\/twitter.com\/demo_ticker\" target=\"_blank\" rel=\"noreferrer noopener\">@demo_ticker<\/a><br \/>\nTwitter Hashtags: <a class=\"css-4rbku5 css-18t94o4 css-901oao css-16my406 r-1cvl2hr r-1loqt21 r-poiln3 r-b88u0q r-bcqeeo r-1ny4l3l r-1ddef8g r-tjvw6i r-qvutc0\" dir=\"ltr\" role=\"link\" href=\"https:\/\/twitter.com\/hashtag\/b1401?src=hashtag_click\" target=\"_blank\" rel=\"noopener\">#b1401<\/a>\u00a0<a class=\"css-4rbku5 css-18t94o4 css-901oao css-16my406 r-1cvl2hr r-1loqt21 r-poiln3 r-b88u0q r-bcqeeo r-1ny4l3l r-1ddef8g r-tjvw6i r-qvutc0\" dir=\"ltr\" role=\"link\" href=\"https:\/\/twitter.com\/hashtag\/DontForgetAfghanistan?src=hashtag_click\" target=\"_blank\" rel=\"noopener\">#DontForgetAfghanistan<\/a><\/p>\n<p><em><strong>*** english below ***<\/strong><\/em><\/p>\n<hr \/>\n<p><strong>Erhebt eure Stimmen und brecht das Schweigen!<\/strong><\/p>\n<p><strong>Nehmt an unserer Kundgebung am 14.01.2022 um 14 Uhr in Berlin am Alexanderplatz bei der Weltzeituhr teil, um Solidarit\u00e4t mit den Menschen in Afghanistan zu zeigen!<\/strong><\/p>\n<p>Die Taliban-Terrorgruppe praktiziert Gender-Apartheid und hat es auf marginalisierte Gruppen, speziell Frauen und M\u00e4dchen, abgesehen. WIR wussten die ganze Zeit, dass sie niemals die \u201eTaliban 2.0\u201c sein w\u00fcrden, wie uns die Massenmedien weismachen wollten.<\/p>\n<p>Vor allem Frauen und M\u00e4dchen, marginalisierte Ethnien, die LGTBQ+ Community und andere gef\u00e4hrdete Menschen, die ihre Stimme erhoben haben, leiden darunter.<\/p>\n<p>Das Doha-Abkommen, die dazugeh\u00f6rigen Gespr\u00e4che zwischen der US-Regierung und den Taliban welche 2018 starteten und die imperialistische Pr\u00e4senz des Westens in Afghanistan, haben die Taliban erm\u00e4chtigt und gest\u00e4rkt. Unter anderem indem sie gefangene Terroristen aus Gef\u00e4ngnissen freigelassen haben, Handelsabkommen geschlossen und Waffen sowie milit\u00e4rische Ausr\u00fcstung im Wert von Millionen hinterlassen haben.<\/p>\n<p>W\u00e4hrend sie als Gruppe normalisiert werden, stehen wir an der Seite der Menschen in Afghanistan, die seit der Macht\u00fcbergabe im August 2021 ihre Stimme erheben, die sie ablehnen und die Weltgemeinschaft wiederholt auffordern, ihnen keine Plattform mehr zu geben und sie nicht als legitime Regierung anzuerkennen.<\/p>\n<p>Ihre Menschenrechtsverletzungen beginnen bei \u00f6ffentlichen Steinigungen und enden damit, dass Frauen nicht ohne m\u00e4nnliche Begleitung zum Markt gehen k\u00f6nnen.<\/p>\n<p><strong>Wir rufen Menschenrechtsaktivist*innen, Feminist*innen und alle, die sich gegen Unterdr\u00fcckung und Diskriminierung wehren, dazu auf, sich uns anzuschlie\u00dfen, Solidarit\u00e4t zu zeigen und ihre Stimme zu erheben!<\/strong><\/p>\n<hr \/>\n<p><strong>Raise your voices and break the silence!<\/strong><\/p>\n<p><strong>Join our rally in Berlin at Alexanderplatz by the Weltzeituhr on the 14.01.2022 at 2pm to show solidarity with people in Afghanistan!<\/strong><\/p>\n<p>The Taliban terrorist group is practicing gender apartheid and targeting marginalized groups. We knew all along that they were never going to be the \u201eTaliban 2.0\u201c as the mass media tried to feed us.<\/p>\n<p>Particularly women and girls, marginalised ethnicities, LGTBQ+ community and others endangered people who raised voice are suffering.<\/p>\n<p>The doha agreement of which the processs started from 2018 and the presence of the West in Afghanistan has empowered the Taliban and strengthened them by releasing prisoners, making trade agreements and leaving millions worth of weapons.<\/p>\n<p>Whilst normalizing them as a group we stand with the voices of Afghanistan in rejecting them and demanding the world community to stop giving them a platform, and enabling them to be recognized.<\/p>\n<p>Their human rights violations start from public stoning and end with women not being able to go to a market without a male companion.<\/p>\n<p><strong>We call out human rights activists, feminists, as well as anyone that stands against oppression and discrimination to join us, show solidarity spread the word and make their voices be heard!<\/strong><\/p>\n","protected":false},"excerpt":{"rendered":"<p>wir berichten am Samstag #b1401\u00a0ab 14:00 Uhr von der Kundgebung<\/p>\n<p>\ud83d\udd25Global movement for womens\u2019s rights in Afghanistan!\ud83d\udd25<\/p>\n<p>Samstag, 14.01.2023 | 14:00 Uhr | Alexanderplatz Weltzeituhr 10178 Berlin<\/p>\n<p>Anreise: U5, U2, U8, S3, S5, S7, S9, Tram 12, M1, M2, M4, M5, M6, Bus 100, 200 Alexanderplatz<\/p>\n<p>#b1401\u00a0#DontForgetAfghanistan<\/p>\n","protected":false},"author":13687,"featured_media":0,"comment_status":"closed","ping_status":"closed","sticky":false,"template":"","format":"aside","meta":{"footnotes":""},"categories":[15],"tags":[41,42],"class_list":["post-2890","post","type-post","status-publish","format-aside","hentry","category-feministische-kaempfe","tag-b1401","tag-dontforgetafghanistan","post_format-post-format-aside"],"_links":{"self":[{"href":"https:\/\/demotickerberlin.noblogs.org\/index.php?rest_route=\/wp\/v2\/posts\/2890","targetHints":{"allow":["GET"]}}],"collection":[{"href":"https:\/\/demotickerberlin.noblogs.org\/index.php?rest_route=\/wp\/v2\/posts"}],"about":[{"href":"https:\/\/demotickerberlin.noblogs.org\/index.php?rest_route=\/wp\/v2\/types\/post"}],"author":[{"embeddable":true,"href":"https:\/\/demotickerberlin.noblogs.org\/index.php?rest_route=\/wp\/v2\/users\/13687"}],"replies":[{"embeddable":true,"href":"https:\/\/demotickerberlin.noblogs.org\/index.php?rest_route=%2Fwp%2Fv2%2Fcomments&post=2890"}],"version-history":[{"count":2,"href":"https:\/\/demotickerberlin.noblogs.org\/index.php?rest_route=\/wp\/v2\/posts\/2890\/revisions"}],"predecessor-version":[{"id":2896,"href":"https:\/\/demotickerberlin.noblogs.org\/index.php?rest_route=\/wp\/v2\/posts\/2890\/revisions\/2896"}],"wp:attachment":[{"href":"https:\/\/demotickerberlin.noblogs.org\/index.php?rest_route=%2Fwp%2Fv2%2Fmedia&parent=2890"}],"wp:term":[{"taxonomy":"category","embeddable":true,"href":"https:\/\/demotickerberlin.noblogs.org\/index.php?rest_route=%2Fwp%2Fv2%2Fcategories&post=2890"},{"taxonomy":"post_tag","embeddable":true,"href":"https:\/\/demotickerberlin.noblogs.org\/index.php?rest_route=%2Fwp%2Fv2%2Ftags&post=2890"}],"curies":[{"name":"wp","href":"https:\/\/api.w.org\/{rel}","templated":true}]}}