{"id":2917,"date":"2023-01-26T18:44:28","date_gmt":"2023-01-26T17:44:28","guid":{"rendered":"https:\/\/demotickerberlin.noblogs.org\/?p=2917"},"modified":"2023-01-27T09:04:59","modified_gmt":"2023-01-27T08:04:59","slug":"%f0%9f%94%a5demo-for-peru%f0%9f%94%a5","status":"publish","type":"post","link":"https:\/\/demotickerberlin.noblogs.org\/?p=2917","title":{"rendered":"\ud83d\udd25Demo for Peru!\ud83d\udd25(28.01.2023)"},"content":{"rendered":"<p><img loading=\"lazy\" decoding=\"async\" class=\"alignnone size-large wp-image-5350\" src=\"https:\/\/asanb.noblogs.org\/files\/2023\/01\/5IXpNmsv.jpg\" alt=\"\" width=\"549\" height=\"680\" \/><\/p>\n<p><strong>+++ Samstag 28.01.2023 +++<\/strong><\/p>\n<p>wir berichten am Samstag <a class=\"css-4rbku5 css-18t94o4 css-901oao css-16my406 r-1cvl2hr r-1loqt21 r-poiln3 r-b88u0q r-bcqeeo r-1ny4l3l r-1ddef8g r-tjvw6i r-qvutc0\" dir=\"ltr\" role=\"link\" href=\"https:\/\/twitter.com\/hashtag\/b2801?src=hashtag_click\" target=\"_blank\" rel=\"noopener\">#b2801<\/a><strong>\u00a0<\/strong><strong>ab 14:00 Uhr<\/strong>\u00a0von der Demonstration<\/p>\n<p>\ud83d\udd25<strong>Demo for Peru!<\/strong>\ud83d\udd25<\/p>\n<p><strong>Samstag, 28.01.2023 | 14:00 Uhr |Taubenstra\u00dfe 20 10117 Berlin<\/strong><\/p>\n<p><strong>Anreise: U2 Hausvogteiplatz U6 Stadtmitte| Bus 200 Jerusalemerstr. | Bus 265 Stadtmitte\/Krausenstra\u00dfe<\/strong><\/p>\n<p>Web-Ticker:\u00a0<a href=\"https:\/\/berlin.demoticker.org\/\" target=\"_blank\" rel=\"noreferrer noopener\">https:\/\/berlin.demoticker.org<\/a><br \/>\nMastodon:\u00a0<a href=\"https:\/\/todon.eu\/@Demo_Ticker_Berlin\" target=\"_blank\" rel=\"noreferrer noopener\">@Demo_Ticker_Berlin@todon.eu<\/a><br \/>\nTelegram Ticker:\u00a0<a href=\"https:\/\/t.me\/demotickerberlin\" target=\"_blank\" rel=\"noreferrer noopener\">https:\/\/t.me\/demotickerberlin<\/a><br \/>\nTelegram Ticker English:\u00a0<a href=\"https:\/\/t.me\/demotickerEng\" target=\"_blank\" rel=\"noreferrer noopener\">https:\/\/t.me\/demotickerEng<\/a><br \/>\nTwitter Accounts: \ud83d\udce2<a href=\"https:\/\/twitter.com\/demo_ticker\" target=\"_blank\" rel=\"noreferrer noopener\">@demo_ticker<\/a><br \/>\nTwitter Hashtags: <a class=\"css-4rbku5 css-18t94o4 css-901oao css-16my406 r-1cvl2hr r-1loqt21 r-poiln3 r-b88u0q r-bcqeeo r-1ny4l3l r-1ddef8g r-tjvw6i r-qvutc0\" dir=\"ltr\" role=\"link\" href=\"https:\/\/twitter.com\/hashtag\/b2801?src=hashtag_click\" target=\"_blank\" rel=\"noopener\">#b2801<\/a> <span class=\"r-18u37iz\"><a class=\"css-4rbku5 css-18t94o4 css-901oao css-16my406 r-1cvl2hr r-1loqt21 r-poiln3 r-bcqeeo r-qvutc0\" dir=\"ltr\" role=\"link\" href=\"https:\/\/twitter.com\/hashtag\/FujimoriNuncaM%C3%A1s?src=hashtag_click\" target=\"_blank\" rel=\"noopener\">#FujimoriNuncaM\u00e1s<\/a><\/span><span class=\"css-901oao css-16my406 r-poiln3 r-bcqeeo r-qvutc0\">!<\/span><\/p>\n<p><em><strong>*** english below ***<\/strong><\/em><\/p>\n<p><strong>\ud83d\uddfa\ufe0f Voraussichtliche Route:<\/strong><\/p>\n<ul>\n<li>Taubenstra\u00dfe 20<\/li>\n<li>Taubenstra\u00dfe<\/li>\n<li>Markgrafenstra\u00dfe<\/li>\n<li>Franz\u00f6sische Stra\u00dfe<\/li>\n<li>Charlottenstra\u00dfe<\/li>\n<li>Unter den Linden<\/li>\n<li>Pariser Platz<\/li>\n<\/ul>\n<p>Das Kollektiv Fujimori Nunca M\u00e1s &#8211; Berlin ruft die peruanische und die Abya Yala-Gemeinschaft in Berlin und in ganz Deutschland sowie alle internationalen Organisationen, die sich mit dem Kampf der indigenen und l\u00e4ndlichen V\u00f6lker Perus solidarisieren, zu der Demonstration auf, die am Samstag, den 28. Januar 2023 um 14.00 Uhr an der peruanischen Botschaft in Berlin (Taubenstra\u00dfe 20) stattfinden und sp\u00e4ter zum Brandenburger Tor gehen wird.<\/p>\n<p>Wir verurteilen vor der internationalen Gemeinschaft die v\u00f6llige Straflosigkeit, mit der die Menschenrechte der Demonstranten verletzt werden.<\/p>\n<p>Wir fordern die Beendigung der brutalen Repression und der Militarisierung des Landes, die bereits mehr als 60 Menschen das Leben gekostet hat, haupts\u00e4chlich indigene Demonstranten (darunter Minderj\u00e4hrige).<\/p>\n<p>Dar\u00fcber hinaus unterst\u00fctzen wir die Forderungen unserer Br\u00fcder und Schwestern in Peru:<\/p>\n<ul>\n<li>den sofortigen R\u00fccktritt von Pr\u00e4sidentin Dina Boluarte und des Pr\u00e4sidiums des Kongresses.<\/li>\n<li>einen Ausweg aus der Krise durch die sofortige Ausrufung von Neuwahlen durch eine Regierung des demokratischen \u00dcbergangs.<\/li>\n<li>die Forderung nach einem Referendum f\u00fcr eine verfassungsgebende Versammlung.<\/li>\n<li>die Freilassung der unrechtm\u00e4\u00dfig Inhaftierten und Gerechtigkeit f\u00fcr die Opfer.<\/li>\n<\/ul>\n<hr \/>\n<p>Saturday, 28.01.2023 | 14:00 h |Taubenstra\u00dfe 20 10117 Berlin<\/p>\n<p>Arrival: U2 Hausvogteiplatz U6 Stadtmitte | Bus 200 Jerusalemerstr. | Bus 265 Stadtmitte\/Krausenstra\u00dfe<\/p>\n<p><a class=\"css-4rbku5 css-18t94o4 css-901oao css-16my406 r-1cvl2hr r-1loqt21 r-poiln3 r-b88u0q r-bcqeeo r-1ny4l3l r-1ddef8g r-tjvw6i r-qvutc0\" dir=\"ltr\" role=\"link\" href=\"https:\/\/twitter.com\/hashtag\/b2801?src=hashtag_click\" target=\"_blank\" rel=\"noopener\">#b2801<\/a> <span class=\"r-18u37iz\"><a class=\"css-4rbku5 css-18t94o4 css-901oao css-16my406 r-1cvl2hr r-1loqt21 r-poiln3 r-bcqeeo r-qvutc0\" dir=\"ltr\" role=\"link\" href=\"https:\/\/twitter.com\/hashtag\/FujimoriNuncaM%C3%A1s?src=hashtag_click\" target=\"_blank\" rel=\"noopener\">#FujimoriNuncaM\u00e1s<\/a><\/span><span class=\"css-901oao css-16my406 r-poiln3 r-bcqeeo r-qvutc0\">!<\/span><\/p>\n<p><strong>\ud83d\uddfa\ufe0f Expected route:<\/strong><\/p>\n<ul>\n<li>Taubenstra\u00dfe 20<\/li>\n<li>Taubenstra\u00dfe<\/li>\n<li>Markgrafenstra\u00dfe<\/li>\n<li>Franz\u00f6sische Stra\u00dfe<\/li>\n<li>Charlottenstra\u00dfe<\/li>\n<li>Unter den Linden<\/li>\n<li>Pariser Platz<\/li>\n<\/ul>\n<p>The Fujimori Nunca M\u00e1s \u2013 Berlin collective summons the Peruvian and Abya Yala community in Berlin and throughout Germany, as well as all the international organizations that stand in solidarity with the struggle of the indigenous and rural peoples of Peru, to the demonstration that will take place on Saturday, January 28, 2023 at 2:00 p.m. at the Embassy of Peru in Berlin (Taubenstrasse 20) and that will later go to the Brandenburg Gate.<\/p>\n<p>We denounce before the international community the total impunity with which the human rights of the protesters are being violated.<\/p>\n<p>We demand the cessation of the brutal repression and militarization of the country, which has already taken the lives of more than 60 people, mainly indigenous protestors (among them minors).<\/p>\n<p>Additionally, we support the demands of our brothers and sisters in Peru:<\/p>\n<ul>\n<li>the immediate resignation of President Dina Boluarte and the board of the Presidency of the Congress.<\/li>\n<li>a way out of the crisis through the immediate call for new national elections by a government of democratic transition.<\/li>\n<li>the call for a referendum for a Constitutional Assembly.<\/li>\n<li>the release of those illegally detained and JUSTICE for the victims.<\/li>\n<\/ul>\n","protected":false},"excerpt":{"rendered":"<p>+++ Samstag 28.01.2023 +++ wir berichten am Samstag #b2801\u00a0ab 14:00 Uhr\u00a0von der Demonstration \ud83d\udd25Demo for Peru!\ud83d\udd25 Samstag, 28.01.2023 | 14:00 Uhr |Taubenstra\u00dfe 20 10117 Berlin Anreise: U2 Hausvogteiplatz U6 Stadtmitte| Bus 200 Jerusalemerstr. | Bus 265 Stadtmitte\/Krausenstra\u00dfe Web-Ticker:\u00a0https:\/\/berlin.demoticker.org Mastodon:\u00a0@Demo_Ticker_Berlin@todon.eu Telegram Ticker:\u00a0https:\/\/t.me\/demotickerberlin Telegram Ticker English:\u00a0https:\/\/t.me\/demotickerEng Twitter Accounts: \ud83d\udce2@demo_ticker Twitter Hashtags: #b2801 #FujimoriNuncaM\u00e1s! *** english below *** &hellip; <\/p>\n<p class=\"link-more\"><a href=\"https:\/\/demotickerberlin.noblogs.org\/?p=2917\" class=\"more-link\"><span class=\"screen-reader-text\">\u201e\ud83d\udd25Demo for Peru!\ud83d\udd25(28.01.2023)\u201c <\/span>weiterlesen<\/a><\/p>\n","protected":false},"author":13687,"featured_media":0,"comment_status":"closed","ping_status":"closed","sticky":false,"template":"","format":"aside","meta":{"footnotes":""},"categories":[14,19],"tags":[52,53],"class_list":["post-2917","post","type-post","status-publish","format-aside","hentry","category-antirassismus","category-soziale-kaempfe","tag-b2801","tag-fujimorinuncamas","post_format-post-format-aside"],"_links":{"self":[{"href":"https:\/\/demotickerberlin.noblogs.org\/index.php?rest_route=\/wp\/v2\/posts\/2917","targetHints":{"allow":["GET"]}}],"collection":[{"href":"https:\/\/demotickerberlin.noblogs.org\/index.php?rest_route=\/wp\/v2\/posts"}],"about":[{"href":"https:\/\/demotickerberlin.noblogs.org\/index.php?rest_route=\/wp\/v2\/types\/post"}],"author":[{"embeddable":true,"href":"https:\/\/demotickerberlin.noblogs.org\/index.php?rest_route=\/wp\/v2\/users\/13687"}],"replies":[{"embeddable":true,"href":"https:\/\/demotickerberlin.noblogs.org\/index.php?rest_route=%2Fwp%2Fv2%2Fcomments&post=2917"}],"version-history":[{"count":3,"href":"https:\/\/demotickerberlin.noblogs.org\/index.php?rest_route=\/wp\/v2\/posts\/2917\/revisions"}],"predecessor-version":[{"id":2925,"href":"https:\/\/demotickerberlin.noblogs.org\/index.php?rest_route=\/wp\/v2\/posts\/2917\/revisions\/2925"}],"wp:attachment":[{"href":"https:\/\/demotickerberlin.noblogs.org\/index.php?rest_route=%2Fwp%2Fv2%2Fmedia&parent=2917"}],"wp:term":[{"taxonomy":"category","embeddable":true,"href":"https:\/\/demotickerberlin.noblogs.org\/index.php?rest_route=%2Fwp%2Fv2%2Fcategories&post=2917"},{"taxonomy":"post_tag","embeddable":true,"href":"https:\/\/demotickerberlin.noblogs.org\/index.php?rest_route=%2Fwp%2Fv2%2Ftags&post=2917"}],"curies":[{"name":"wp","href":"https:\/\/api.w.org\/{rel}","templated":true}]}}