{"id":2920,"date":"2023-01-26T18:00:42","date_gmt":"2023-01-26T17:00:42","guid":{"rendered":"https:\/\/demotickerberlin.noblogs.org\/?p=2920"},"modified":"2023-01-27T09:03:42","modified_gmt":"2023-01-27T08:03:42","slug":"luetzerath-lebt-der-kampf-geht-weiter","status":"publish","type":"post","link":"https:\/\/demotickerberlin.noblogs.org\/?p=2920","title":{"rendered":"L\u00fctzerath Lebt! Der Kampf geht weiter! (28.01.2023)"},"content":{"rendered":"<p><img loading=\"lazy\" decoding=\"async\" class=\"alignnone size-large wp-image-5353\" src=\"https:\/\/asanb.noblogs.org\/files\/2023\/01\/4AA40776-49C0-4238-AC36-0C68693A090D-1024x1024.jpeg\" alt=\"\" width=\"840\" height=\"840\" \/><\/p>\n<p><strong>+++ Samstag 28.01.2023 +++<\/strong><\/p>\n<p>wir berichten am Samstag\u00a0<a class=\"css-4rbku5 css-18t94o4 css-901oao css-16my406 r-1cvl2hr r-1loqt21 r-poiln3 r-b88u0q r-bcqeeo r-1ny4l3l r-1ddef8g r-tjvw6i r-qvutc0\" dir=\"ltr\" role=\"link\" href=\"https:\/\/twitter.com\/hashtag\/b2801?src=hashtag_click\" target=\"_blank\" rel=\"noopener\">#b2801<\/a><strong>\u00a0<\/strong><strong>ab 12:00 Uhr<\/strong> von der Kundgebung<\/p>\n<p>\ud83d\udd25<strong>L\u00fctzerath Lebt! Der Kampf geht weiter!<\/strong>\ud83d\udd25<\/p>\n<p><strong>Samstag, 28.01.2023 | 12:00 Uhr | Invalidenpark 10115 Berlin<\/strong><\/p>\n<p><strong>Anreise: U6, Tram M12 Naturkundemuseum |\u00a0M5, M8, M10, Bus 120, 142, 147, 245, M10\u00a0 Invalidenpark |\u00a0U5,\u00a0S3, S7, S9, Bus 120, 123, M41, M85 Berlin Hauptbahnhof<\/strong><\/p>\n<p>Web-Ticker:\u00a0<a href=\"https:\/\/berlin.demoticker.org\/\" target=\"_blank\" rel=\"noreferrer noopener\">https:\/\/berlin.demoticker.org<\/a><br \/>\nMastodon:\u00a0<a href=\"https:\/\/todon.eu\/@Demo_Ticker_Berlin\" target=\"_blank\" rel=\"noreferrer noopener\">@Demo_Ticker_Berlin@todon.eu<\/a><br \/>\nTelegram Ticker:\u00a0<a href=\"https:\/\/t.me\/demotickerberlin\" target=\"_blank\" rel=\"noreferrer noopener\">https:\/\/t.me\/demotickerberlin<\/a><br \/>\nTelegram Ticker English:\u00a0<a href=\"https:\/\/t.me\/demotickerEng\" target=\"_blank\" rel=\"noreferrer noopener\">https:\/\/t.me\/demotickerEng<\/a><br \/>\nTwitter Accounts: \ud83d\udce2<a href=\"https:\/\/twitter.com\/demo_ticker\" target=\"_blank\" rel=\"noreferrer noopener\">@demo_ticker<\/a><br \/>\nTwitter Hashtags: <a class=\"css-4rbku5 css-18t94o4 css-901oao css-16my406 r-1cvl2hr r-1loqt21 r-poiln3 r-b88u0q r-bcqeeo r-1ny4l3l r-1ddef8g r-tjvw6i r-qvutc0\" dir=\"ltr\" role=\"link\" href=\"https:\/\/twitter.com\/hashtag\/b2801?src=hashtag_click\" target=\"_blank\" rel=\"noopener\">#b2801<\/a> <span class=\"r-18u37iz\"><a class=\"css-4rbku5 css-18t94o4 css-901oao css-16my406 r-1cvl2hr r-1loqt21 r-poiln3 r-b88u0q r-bcqeeo r-1ny4l3l r-1ddef8g r-tjvw6i r-qvutc0\" dir=\"ltr\" role=\"link\" href=\"https:\/\/twitter.com\/hashtag\/LuetzerathLebt?src=hashtag_click\" target=\"_blank\" rel=\"noopener\">#LuetzerathLebt<\/a><\/span>!<\/p>\n<p><strong>Bewegungen lassen sich nicht r\u00e4umen!<\/strong><\/p>\n<p>\ud83d\udccd<strong> Kundgebung 28.01. 12:00 Invalidenpark<\/strong><br \/>\n<strong>\ud83d\udce2 Demo 05.02. 12:00 Invalidenpark<\/strong><\/p>\n<p><strong>Was ist passiert? (CN-Polizeigewalt)<\/strong><\/p>\n<p>In den letzten Wochen wurde das besetzte Dorf L\u00fctzerath ger\u00e4umt. Besonders bei der Gro\u00dfdemo am 14.01 kam es zu heftiger Polizeigewalt. Die Demosanit\u00e4terin Iza Hofmann schrieb: &#8222;Was ich heute erlebt habe, sprengte meine Vorstellungen. Basically jeden Knochen des menschlichen K\u00f6rpers habe ich heute gebrochen gesehen&#8220;.<\/p>\n<p><strong>Worum geht es?<\/strong><\/p>\n<p>Unmengen an Kohle liegen unter L\u00fctzi. Bei der Verstromung entstehen gigantische Mengen an CO\u2082. Trotz der (vorallem im globalen S\u00fcden) immer bedrohlicheren Klimakatastrophe weiter auf Kohle zu setzen, ist Wahnsinn!<\/p>\n<p><strong>Zwei Schl\u00fcsse daraus:<\/strong><\/p>\n<ol>\n<li>Die Polizei ist kapitalistische Schutzmacht und setzt Konzerninteressen gewaltsam gegen die Bev\u00f6lkerung durch. Konkreter: &#8222;Polizei NRW, Schl\u00e4gertrupp von RWE!&#8220;, um einen Demospruch aus L\u00fctzi zu zitieren.<\/li>\n<li>Die Gr\u00fcne ist keine Partei der Klimagerechtigkeit. Statt sich an ihr Wahlversprechen zu halten, keine weiteren D\u00f6rfer abzubaggern, macht sie einen schmutzigen Deal mit RWE, bezeichnet diesen als gelungenen Kompromiss und stellt kapitalistische Profite an erste Stelle.<\/li>\n<\/ol>\n<p><strong>Was jetzt?<\/strong><\/p>\n<p>L\u00fctzerath ist ger\u00e4umt, aber die Klimagerechtigkeitsbewegung hat ihre St\u00e4rke gezeigt: Eine neue Generation an Aktivisti stellt sich radikal gegen den zerst\u00f6rerischen Kapitalismus!<\/p>\n<p>Wir solidarisieren uns mit allen kriminalisierten Aktivisti und unterst\u00fctzen die Besetzungen im Fecher (Fechenheimer Wald, Frankfurt) und Heibo (Heidebogen, Dresden), welche akut r\u00e4umungsbedroht sind. Die Enteignung aller Energiekonzerne und die \u00dcberf\u00fchrung in \u00f6ffentliche Hand ist notwendig, damit wir die Energiepolitik als Bev\u00f6lkerung demokratisch bestimmen k\u00f6nnen.<\/p>\n<p><strong>Eine gro\u00dfe Mehrheit will nicht, dass die Kohle unter L\u00fctzerath verstromt wird!<\/strong><\/p>\n<p><strong>Es ist nicht zu sp\u00e4t: Das Dorf mag zerst\u00f6rt sein, aber die Kohle ist noch unter der Erde. Wir k\u00e4mpfen daf\u00fcr, dass sie dort bleibt!<\/strong><\/p>\n<p><strong>Mit kollektiver Kraft gehen wir am 05.02. auf die Stra\u00dfe.<\/strong><\/p>\n<p><strong>Wir zeigen, dass wir viele sind! <\/strong><\/p>\n<p>Bringt eure Familie, Nachbar*innen, Freund*innen und Kolleg*innen mit, malt Schilder und solidarisiert euch mit L\u00fctzi, Fecher und Heibo!<\/p>\n","protected":false},"excerpt":{"rendered":"<p>+++ Samstag 28.01.2023 +++ wir berichten am Samstag\u00a0#b2801\u00a0ab 12:00 Uhr von der Kundgebung \ud83d\udd25L\u00fctzerath Lebt! Der Kampf geht weiter!\ud83d\udd25 Samstag, 28.01.2023 | 12:00 Uhr | Invalidenpark 10115 Berlin Anreise: U6, Tram M12 Naturkundemuseum |\u00a0M5, M8, M10, Bus 120, 142, 147, 245, M10\u00a0 Invalidenpark |\u00a0U5,\u00a0S3, S7, S9, Bus 120, 123, M41, M85 Berlin Hauptbahnhof Web-Ticker:\u00a0https:\/\/berlin.demoticker.org Mastodon:\u00a0@Demo_Ticker_Berlin@todon.eu &hellip; <\/p>\n<p class=\"link-more\"><a href=\"https:\/\/demotickerberlin.noblogs.org\/?p=2920\" class=\"more-link\"><span class=\"screen-reader-text\">\u201eL\u00fctzerath Lebt! Der Kampf geht weiter! (28.01.2023)\u201c <\/span>weiterlesen<\/a><\/p>\n","protected":false},"author":13687,"featured_media":0,"comment_status":"closed","ping_status":"closed","sticky":false,"template":"","format":"standard","meta":{"footnotes":""},"categories":[17],"tags":[],"class_list":["post-2920","post","type-post","status-publish","format-standard","hentry","category-klimakampf"],"_links":{"self":[{"href":"https:\/\/demotickerberlin.noblogs.org\/index.php?rest_route=\/wp\/v2\/posts\/2920","targetHints":{"allow":["GET"]}}],"collection":[{"href":"https:\/\/demotickerberlin.noblogs.org\/index.php?rest_route=\/wp\/v2\/posts"}],"about":[{"href":"https:\/\/demotickerberlin.noblogs.org\/index.php?rest_route=\/wp\/v2\/types\/post"}],"author":[{"embeddable":true,"href":"https:\/\/demotickerberlin.noblogs.org\/index.php?rest_route=\/wp\/v2\/users\/13687"}],"replies":[{"embeddable":true,"href":"https:\/\/demotickerberlin.noblogs.org\/index.php?rest_route=%2Fwp%2Fv2%2Fcomments&post=2920"}],"version-history":[{"count":4,"href":"https:\/\/demotickerberlin.noblogs.org\/index.php?rest_route=\/wp\/v2\/posts\/2920\/revisions"}],"predecessor-version":[{"id":2924,"href":"https:\/\/demotickerberlin.noblogs.org\/index.php?rest_route=\/wp\/v2\/posts\/2920\/revisions\/2924"}],"wp:attachment":[{"href":"https:\/\/demotickerberlin.noblogs.org\/index.php?rest_route=%2Fwp%2Fv2%2Fmedia&parent=2920"}],"wp:term":[{"taxonomy":"category","embeddable":true,"href":"https:\/\/demotickerberlin.noblogs.org\/index.php?rest_route=%2Fwp%2Fv2%2Fcategories&post=2920"},{"taxonomy":"post_tag","embeddable":true,"href":"https:\/\/demotickerberlin.noblogs.org\/index.php?rest_route=%2Fwp%2Fv2%2Ftags&post=2920"}],"curies":[{"name":"wp","href":"https:\/\/api.w.org\/{rel}","templated":true}]}}