{"id":2940,"date":"2023-01-29T18:28:06","date_gmt":"2023-01-29T17:28:06","guid":{"rendered":"https:\/\/demotickerberlin.noblogs.org\/?p=2940"},"modified":"2023-01-29T18:28:06","modified_gmt":"2023-01-29T17:28:06","slug":"%f0%9f%94%a5free-leonard-peltier-free-them-all%f0%9f%94%a5-05-02-2023","status":"publish","type":"post","link":"https:\/\/demotickerberlin.noblogs.org\/?p=2940","title":{"rendered":"\ud83d\udd25Free Leonard Peltier \u2013 FREE THEM ALL!\ud83d\udd25 (05.02.2023)"},"content":{"rendered":"<p><img loading=\"lazy\" decoding=\"async\" class=\"alignnone size-large wp-image-5295\" src=\"https:\/\/asanb.noblogs.org\/files\/2023\/01\/b0502_1_1-1024x1024.jpg\" alt=\"\" width=\"840\" height=\"840\" \/><\/p>\n<p><strong>+++ Sonntag 05.02.2023 +++<\/strong><\/p>\n<p>wir berichten am Sonntag\u00a0<a href=\"https:\/\/twitter.com\/hashtag\/b0502?src=hashtag_click\">#b0502<\/a>\u00a0<strong>ab 16:00 Uhr<\/strong> von der Kundgebung<\/p>\n<p>\ud83d\udd25<strong>Free Leonard Peltier \u2013 FREE THEM ALL!<\/strong>\ud83d\udd25<\/p>\n<p><strong>Sonntag, 05.02.2023 | 16:00 Uhr | Pariser Platz 10117 Berlin<br \/>\nAnreise: U5, S1, S2, S25, S26 Bus 100 Brandenburger Tor<\/strong><\/p>\n<p>Web-Ticker:\u00a0<a href=\"https:\/\/berlin.demoticker.org\/\" target=\"_blank\" rel=\"noreferrer noopener\">https:\/\/berlin.demoticker.org<\/a><br \/>\nMastodon:\u00a0<a href=\"https:\/\/todon.eu\/@Demo_Ticker_Berlin\" target=\"_blank\" rel=\"noreferrer noopener\">@Demo_Ticker_Berlin@todon.eu<\/a><br \/>\nTelegram Ticker:\u00a0<a href=\"https:\/\/t.me\/demotickerberlin\" target=\"_blank\" rel=\"noreferrer noopener\">https:\/\/t.me\/demotickerberlin<\/a><br \/>\nTelegram Ticker English:\u00a0<a href=\"https:\/\/t.me\/demotickerEng\" target=\"_blank\" rel=\"noreferrer noopener\">https:\/\/t.me\/demotickerEng<\/a><br \/>\nTwitter Accounts: \ud83d\udce2<a href=\"https:\/\/twitter.com\/demo_ticker\" target=\"_blank\" rel=\"noreferrer noopener\">@demo_ticker<\/a><br \/>\nTwitter Hashtags: <a class=\"css-4rbku5 css-18t94o4 css-901oao css-16my406 r-1cvl2hr r-1loqt21 r-poiln3 r-b88u0q r-bcqeeo r-1ny4l3l r-1ddef8g r-tjvw6i r-qvutc0\" dir=\"ltr\" role=\"link\" href=\"https:\/\/twitter.com\/hashtag\/b0502?src=hashtag_click\" target=\"_blank\" rel=\"noopener\">#b0502<\/a> <a class=\"css-4rbku5 css-18t94o4 css-901oao css-16my406 r-1cvl2hr r-1loqt21 r-poiln3 r-b88u0q r-bcqeeo r-qvutc0\" dir=\"ltr\" role=\"link\" href=\"https:\/\/twitter.com\/hashtag\/FreeThemAll?src=hashtag_click\" target=\"_blank\" rel=\"noopener\">#FreeThemAll<\/a><\/p>\n<p>\ud83d\udce3 <a href=\"https:\/\/freethemallberlin.nostate.net\/2023\/01\/10\/kundgebung-am-47-haftjahrestag-freiheit-fuer-leonard-peltier\/\" target=\"_blank\" rel=\"noopener\">Aufruf&#8230;<\/a><\/p>\n<p>Anfang 2023 j\u00e4hrt sich zum f\u00fcnfzigsten mal die Besetzung des Ortes Wounded Knee in S\u00fcd Dakota \/ USA. Hier fand 1890 ein Massaker an 300 Kindern, Frauen und M\u00e4nnern vom Stamm der Lakota durch die 7. US Kavallerie statt.<\/p>\n<p>Im Januar 1973 besetzten Aktivisten*innen des American Indian Movement (AIM) diesen Ort, um gegen die m\u00f6rderische Politik der US Regierung zu demonstrieren. Sie machten damit auf Landraub und die kulturelle sowie physische Zerst\u00f6rung der amerikanischen Ureinwohner*innen aufmerksam. So war in der Pine Ridge Reservation, in der N\u00e4he von Wounded Knee eine m\u00f6rderische Paramiliz aktiv, welche die Bev\u00f6lkerung und insbesondere AIM Sympathisant*innen angriffen und auch ermordeten.<\/p>\n<p>Die gegen derartige Praktiken gerichtete Protestaktion in Wounded Knee fand eine gro\u00dfe Aufmerksamkeit in nationaler und internationaler Presse. Die Zust\u00e4nde auf der Pine Ridge Reservation \u00e4nderten sich dadurch jedoch leider nicht.<\/p>\n<p>Der AIM Aktivist Leonard Peltier befand sich 1975 dort, um die Bev\u00f6lkerung in dieser Situation zu unterst\u00fctzen und wurde in Folge eines angeblichen Mordes, unter konstruierten Vorw\u00fcrfen, am 6. Februar 1976 verhaftet. Er ist seit diesem Zeitpunkt, nunmehr fast 47 Jahre, als politischer Gefangener in verschiedenen US amerikanischen Gef\u00e4ngnissen inhaftiert.<\/p>\n<p>Erm\u00f6glicht wurde die zu seiner Verhaftung f\u00fchrende Operation durch den Einsatz des sogenannten COINTELPRO Programmes verschiedener US amerikanischer Bundesbeh\u00f6rden, welches zur Zersetzung der damals in vielen Bereichen sehr starken Protestbewegung, so unter anderem auch der Black Panther Party, entwickelt wurde.<\/p>\n<p>Leonard Peltiers Verurteilung zu zwei Mal lebensl\u00e4nglicher Haft war nur in Folge der Bedrohung mehrerer Zeug*innen, welche ihre Aussagen sp\u00e4ter widerriefen, massiver Beeinflussung der Geschworenen und erfundener, heute als falsch nachgewiesener Beweise m\u00f6glich.<\/p>\n<p>Verschiedenste B\u00fccher, Filme und Songs griffen seinen Fall in den folgenden Jahrzehnten weltweit auf und trotz einer starken und breiten Protestbewegung hat der Pr\u00e4sident der USA ihn noch immer nicht freigelassen.<\/p>\n<p>So fand im Herbst vergangenen Jahres ein 1100 Meilen langer Protestmarsch nach Washington D.C. f\u00fcr seine Freilassung statt, an welchem sich ca. 2000 Menschen beteiligten. Und auch im Rahmen der weltweiten Proteste im Jahr 2016 gegen die Black Snake Pipline in Standing Rock \u2013 North Dakota, welche f\u00fcr die Profitinteressen eines \u00d6lkonzerns indigenes Territorium unwiederbringlich zerst\u00f6rt, wurde sein Fall immer wieder thematisiert.<\/p>\n<p>Mittlerweile ist er im Gef\u00e4ngnis von Coleman in Florida inhaftiert und sein Gesundheitszustand ist in Folge mehrerer chronischer Erkrankungen, einer \u00fcberstandenen Coronainfektion sowie seines fortgeschrittenen Alters von nunmehr 78 Jahren, schlecht. Eine lebensbedrohliche Aortaaussackung k\u00f6nnte durch eine Operation behoben werden, was aber seit Jahren verweigert wird.<\/p>\n<p><strong>Kundgebung \u2013 Sonntag 5. Februar 2023 \u2013 16:00 Uhr \u2013 US Botschaft<\/strong><br \/>\n<strong>Pariser Platz \/ Brandenburger Tor Berlin<\/strong><\/p>\n<p><strong>Wir fordern Leonard Peltiers Freilassung sowie das Selbstbestimmungsrecht und die umfassende Entsch\u00e4digung der amerikanischen Ureinwohner*innen!<\/strong><\/p>\n<p><strong>Freiheit f\u00fcr alle politischen Gefangenen!<\/strong><\/p>\n<p><strong>Free Them All!<\/strong><\/p>\n","protected":false},"excerpt":{"rendered":"<p>+++ Sonntag 05.02.2023 +++ wir berichten am Sonntag\u00a0#b0502\u00a0ab 16:00 Uhr von der Kundgebung \ud83d\udd25Free Leonard Peltier \u2013 FREE THEM ALL!\ud83d\udd25 Sonntag, 05.02.2023 | 16:00 Uhr | Pariser Platz 10117 Berlin Anreise: U5, S1, S2, S25, S26 Bus 100 Brandenburger Tor Web-Ticker:\u00a0https:\/\/berlin.demoticker.org Mastodon:\u00a0@Demo_Ticker_Berlin@todon.eu Telegram Ticker:\u00a0https:\/\/t.me\/demotickerberlin Telegram Ticker English:\u00a0https:\/\/t.me\/demotickerEng Twitter Accounts: \ud83d\udce2@demo_ticker Twitter Hashtags: #b0502 #FreeThemAll \ud83d\udce3 &hellip; <\/p>\n<p class=\"link-more\"><a href=\"https:\/\/demotickerberlin.noblogs.org\/?p=2940\" class=\"more-link\"><span class=\"screen-reader-text\">\u201e\ud83d\udd25Free Leonard Peltier \u2013 FREE THEM ALL!\ud83d\udd25 (05.02.2023)\u201c <\/span>weiterlesen<\/a><\/p>\n","protected":false},"author":13687,"featured_media":0,"comment_status":"closed","ping_status":"closed","sticky":false,"template":"","format":"aside","meta":{"footnotes":""},"categories":[11,14],"tags":[56,10],"class_list":["post-2940","post","type-post","status-publish","format-aside","hentry","category-antirep","category-antirassismus","tag-b0502","tag-freethemall","post_format-post-format-aside"],"_links":{"self":[{"href":"https:\/\/demotickerberlin.noblogs.org\/index.php?rest_route=\/wp\/v2\/posts\/2940","targetHints":{"allow":["GET"]}}],"collection":[{"href":"https:\/\/demotickerberlin.noblogs.org\/index.php?rest_route=\/wp\/v2\/posts"}],"about":[{"href":"https:\/\/demotickerberlin.noblogs.org\/index.php?rest_route=\/wp\/v2\/types\/post"}],"author":[{"embeddable":true,"href":"https:\/\/demotickerberlin.noblogs.org\/index.php?rest_route=\/wp\/v2\/users\/13687"}],"replies":[{"embeddable":true,"href":"https:\/\/demotickerberlin.noblogs.org\/index.php?rest_route=%2Fwp%2Fv2%2Fcomments&post=2940"}],"version-history":[{"count":1,"href":"https:\/\/demotickerberlin.noblogs.org\/index.php?rest_route=\/wp\/v2\/posts\/2940\/revisions"}],"predecessor-version":[{"id":2941,"href":"https:\/\/demotickerberlin.noblogs.org\/index.php?rest_route=\/wp\/v2\/posts\/2940\/revisions\/2941"}],"wp:attachment":[{"href":"https:\/\/demotickerberlin.noblogs.org\/index.php?rest_route=%2Fwp%2Fv2%2Fmedia&parent=2940"}],"wp:term":[{"taxonomy":"category","embeddable":true,"href":"https:\/\/demotickerberlin.noblogs.org\/index.php?rest_route=%2Fwp%2Fv2%2Fcategories&post=2940"},{"taxonomy":"post_tag","embeddable":true,"href":"https:\/\/demotickerberlin.noblogs.org\/index.php?rest_route=%2Fwp%2Fv2%2Ftags&post=2940"}],"curies":[{"name":"wp","href":"https:\/\/api.w.org\/{rel}","templated":true}]}}