{"id":2948,"date":"2023-02-12T14:52:13","date_gmt":"2023-02-12T13:52:13","guid":{"rendered":"https:\/\/demotickerberlin.noblogs.org\/?p=2948"},"modified":"2023-02-12T14:52:13","modified_gmt":"2023-02-12T13:52:13","slug":"mehr-polizei-nichts-zu-feiern-15-02-2023","status":"publish","type":"post","link":"https:\/\/demotickerberlin.noblogs.org\/?p=2948","title":{"rendered":"Mehr Polizei? Nichts zu feiern! (15.02.2023)"},"content":{"rendered":"<p><img loading=\"lazy\" decoding=\"async\" class=\"alignnone size-large wp-image-5396\" src=\"https:\/\/asanb.noblogs.org\/files\/2023\/02\/b1502_1_1-1024x1024.jpg\" alt=\"\" width=\"840\" height=\"840\" \/><\/p>\n<p><strong>+++ Mittwoch 15.02.2023 +++<\/strong><\/p>\n<p>wir berichten am Mittwoch <a class=\"css-4rbku5 css-18t94o4 css-901oao css-16my406 r-1cvl2hr r-1loqt21 r-poiln3 r-b88u0q r-bcqeeo r-qvutc0\" dir=\"ltr\" role=\"link\" href=\"https:\/\/twitter.com\/hashtag\/b1502?src=hashtag_click\" target=\"_blank\" rel=\"noopener\">#b1502<\/a>\u00a0<strong>ab 09:00 Uhr<\/strong> von der Kundgebung<\/p>\n<p><strong>\ud83d\udd25Mehr Polizei? Nichts zu feiern!\ud83d\udd25<\/strong><\/p>\n<p><strong>Mittwoch, den 15.02.2023 | ab 09:00 Uhr | Kottbusser Tor 10999 Berlin<\/strong><\/p>\n<p><strong>Anreise: U1, U3, U8, Bus 140 Kottbusser Tor | M29 Adalbert Ecke Oranienstra\u00dfe<\/strong><\/p>\n<p>Web-Ticker:\u00a0<a href=\"https:\/\/berlin.demoticker.org\/\" target=\"_blank\" rel=\"noreferrer noopener\">https:\/\/berlin.demoticker.org<\/a><br \/>\nMastodon:\u00a0<a href=\"https:\/\/todon.eu\/@Demo_Ticker_Berlin\" target=\"_blank\" rel=\"noreferrer noopener\">@Demo_Ticker_Berlin@todon.eu<\/a><br \/>\nTelegram Ticker:\u00a0<a href=\"https:\/\/t.me\/demotickerberlin\" target=\"_blank\" rel=\"noreferrer noopener\">https:\/\/t.me\/demotickerberlin<\/a><br \/>\nTelegram Ticker English:\u00a0<a href=\"https:\/\/t.me\/demotickerEng\" target=\"_blank\" rel=\"noreferrer noopener\">https:\/\/t.me\/demotickerEng<\/a><br \/>\nTwitter Accounts: \ud83d\udce2<a href=\"https:\/\/twitter.com\/demo_ticker\" target=\"_blank\" rel=\"noreferrer noopener\">@demo_ticker<\/a><br \/>\nTwitter Hashtags: <a class=\"css-4rbku5 css-18t94o4 css-901oao css-16my406 r-1cvl2hr r-1loqt21 r-poiln3 r-bcqeeo r-1ny4l3l r-1ddef8g r-tjvw6i r-qvutc0\" dir=\"ltr\" role=\"link\" href=\"https:\/\/twitter.com\/hashtag\/b1502?src=hashtag_click\" target=\"_blank\" rel=\"noopener\">#b1502<\/a>\u00a0<a class=\"css-4rbku5 css-18t94o4 css-901oao css-16my406 r-1cvl2hr r-1loqt21 r-poiln3 r-bcqeeo r-qvutc0\" dir=\"ltr\" role=\"link\" href=\"https:\/\/twitter.com\/hashtag\/kottif%C3%BCralle?src=hashtag_click\" target=\"_blank\" rel=\"noopener\">#KottiF\u00fcrAlle<\/a><\/p>\n<p>Am 15.02.2023 er\u00f6ffnet die neue Polizei-Wache am Kotti.<\/p>\n<p>Das ist keine \u00dcberraschung, nachdem im Sommer \u00fcber alle K\u00f6pfe hinweg der Mietvertrag unterzeichnet wurde.<\/p>\n<p>Trotzdem ist es eine Schande f\u00fcr die Menschen, den Kotti und ein Spiegelbild f\u00fcr die kurze Amtszeit von Franziska Giffey. Wie sollen mehr Polizei und mehr \u00dcberwachung zu mehr Sicherheit f\u00fchren?<\/p>\n<p>Armut, Drogenabh\u00e4ngigkeit, Kriminalit\u00e4t und Wohnungskrise werden durch Repression nicht gel\u00f6st, sondern nur verdr\u00e4ngt.<\/p>\n<p><strong>Wir brauchen soziale L\u00f6sungen f\u00fcr soziale Probleme.<\/strong><\/p>\n<p>Wir lassen uns nicht entmutigen, f\u00fcr Antworten f\u00fcr den Kotti zu k\u00e4mpfen, die nicht Polizei und Gewalt hei\u00dfen.<\/p>\n<p>Kommt vorbei \u2013 die Er\u00f6ffnung darf nicht einfach passieren, ohne nochmal zu zeigen was wir von ihr halten!<\/p>\n<p><strong>\ud83d\udea7 KUNDGEBUNG 15.02.23 AB 9:00 KOTTBUSSER TOR \ud83d\udea7<\/strong><\/p>\n","protected":false},"excerpt":{"rendered":"<p>+++ Mittwoch 15.02.2023 +++ wir berichten am Mittwoch #b1502\u00a0ab 09:00 Uhr von der Kundgebung \ud83d\udd25Mehr Polizei? Nichts zu feiern!\ud83d\udd25 Mittwoch, den 15.02.2023 | ab 09:00 Uhr | Kottbusser Tor 10999 Berlin Anreise: U1, U3, U8, Bus 140 Kottbusser Tor | M29 Adalbert Ecke Oranienstra\u00dfe Web-Ticker:\u00a0https:\/\/berlin.demoticker.org Mastodon:\u00a0@Demo_Ticker_Berlin@todon.eu Telegram Ticker:\u00a0https:\/\/t.me\/demotickerberlin Telegram Ticker English:\u00a0https:\/\/t.me\/demotickerEng Twitter Accounts: \ud83d\udce2@demo_ticker Twitter &hellip; <\/p>\n<p class=\"link-more\"><a href=\"https:\/\/demotickerberlin.noblogs.org\/?p=2948\" class=\"more-link\"><span class=\"screen-reader-text\">\u201eMehr Polizei? Nichts zu feiern! (15.02.2023)\u201c <\/span>weiterlesen<\/a><\/p>\n","protected":false},"author":13687,"featured_media":0,"comment_status":"closed","ping_status":"closed","sticky":false,"template":"","format":"aside","meta":{"footnotes":""},"categories":[11,14],"tags":[62,63],"class_list":["post-2948","post","type-post","status-publish","format-aside","hentry","category-antirep","category-antirassismus","tag-b1502","tag-kottifueralle","post_format-post-format-aside"],"_links":{"self":[{"href":"https:\/\/demotickerberlin.noblogs.org\/index.php?rest_route=\/wp\/v2\/posts\/2948","targetHints":{"allow":["GET"]}}],"collection":[{"href":"https:\/\/demotickerberlin.noblogs.org\/index.php?rest_route=\/wp\/v2\/posts"}],"about":[{"href":"https:\/\/demotickerberlin.noblogs.org\/index.php?rest_route=\/wp\/v2\/types\/post"}],"author":[{"embeddable":true,"href":"https:\/\/demotickerberlin.noblogs.org\/index.php?rest_route=\/wp\/v2\/users\/13687"}],"replies":[{"embeddable":true,"href":"https:\/\/demotickerberlin.noblogs.org\/index.php?rest_route=%2Fwp%2Fv2%2Fcomments&post=2948"}],"version-history":[{"count":1,"href":"https:\/\/demotickerberlin.noblogs.org\/index.php?rest_route=\/wp\/v2\/posts\/2948\/revisions"}],"predecessor-version":[{"id":2949,"href":"https:\/\/demotickerberlin.noblogs.org\/index.php?rest_route=\/wp\/v2\/posts\/2948\/revisions\/2949"}],"wp:attachment":[{"href":"https:\/\/demotickerberlin.noblogs.org\/index.php?rest_route=%2Fwp%2Fv2%2Fmedia&parent=2948"}],"wp:term":[{"taxonomy":"category","embeddable":true,"href":"https:\/\/demotickerberlin.noblogs.org\/index.php?rest_route=%2Fwp%2Fv2%2Fcategories&post=2948"},{"taxonomy":"post_tag","embeddable":true,"href":"https:\/\/demotickerberlin.noblogs.org\/index.php?rest_route=%2Fwp%2Fv2%2Ftags&post=2948"}],"curies":[{"name":"wp","href":"https:\/\/api.w.org\/{rel}","templated":true}]}}