{"id":2957,"date":"2023-02-12T15:54:21","date_gmt":"2023-02-12T14:54:21","guid":{"rendered":"https:\/\/demotickerberlin.noblogs.org\/?p=2957"},"modified":"2023-02-12T15:54:21","modified_gmt":"2023-02-12T14:54:21","slug":"erinnern-heisst-kaempfen-3-jahre-nach-hanau-19-02-2023","status":"publish","type":"post","link":"https:\/\/demotickerberlin.noblogs.org\/?p=2957","title":{"rendered":"Erinnern hei\u00dft k\u00e4mpfen! 3 Jahre nach Hanau! (19.02.2023)"},"content":{"rendered":"<p><img loading=\"lazy\" decoding=\"async\" class=\"alignnone size-large wp-image-5394\" src=\"https:\/\/asanb.noblogs.org\/files\/2023\/02\/b1902_2_1-1024x1024.jpg\" alt=\"\" width=\"840\" height=\"840\" \/><\/p>\n<p><strong>+++ Sonntag 19.02.2023 +++<\/strong><\/p>\n<p>wir berichten am Sonntag <a class=\"css-4rbku5 css-18t94o4 css-901oao css-16my406 r-1cvl2hr r-1loqt21 r-poiln3 r-bcqeeo r-qvutc0\" dir=\"ltr\" role=\"link\" href=\"https:\/\/twitter.com\/hashtag\/b1902?src=hashtag_click\" target=\"_blank\" rel=\"noopener\">#b1902<\/a>\u00a0<strong>ab 14:00 Uhr<\/strong>\u00a0von der Kundgebung<\/p>\n<p><strong>\ud83d\udd6f\ufe0fErinnern hei\u00dft k\u00e4mpfen! 3 Jahre nach Hanau!\ud83d\udd6f\ufe0f<\/strong><\/p>\n<p><strong>Sonntag, den 19.02.2023 | 14:00 Uhr | Oranienplatz 10999 Berlin<\/strong><\/p>\n<p><strong>Anreise:\u00a0U8, Bus 248 Moritzplatz | M29 Oranienplatz | U1, U3,\u00a0U8 Kottbusser Tor<\/strong><\/p>\n<p>Web-Ticker:\u00a0<a href=\"https:\/\/berlin.demoticker.org\/\" target=\"_blank\" rel=\"noreferrer noopener\">https:\/\/berlin.demoticker.org<\/a><br \/>\nMastodon:\u00a0<a href=\"https:\/\/todon.eu\/@Demo_Ticker_Berlin\" target=\"_blank\" rel=\"noreferrer noopener\">@Demo_Ticker_Berlin@todon.eu<\/a><br \/>\nTelegram Ticker:\u00a0<a href=\"https:\/\/t.me\/demotickerberlin\" target=\"_blank\" rel=\"noreferrer noopener\">https:\/\/t.me\/demotickerberlin<\/a><br \/>\nTelegram Ticker English:\u00a0<a href=\"https:\/\/t.me\/demotickerEng\" target=\"_blank\" rel=\"noreferrer noopener\">https:\/\/t.me\/demotickerEng<\/a><br \/>\nTwitter Accounts: \ud83d\udce2<a href=\"https:\/\/twitter.com\/demo_ticker\" target=\"_blank\" rel=\"noreferrer noopener\">@demo_ticker<\/a><br \/>\nTwitter Hashtags: <a class=\"css-4rbku5 css-18t94o4 css-901oao css-16my406 r-1cvl2hr r-1loqt21 r-poiln3 r-bcqeeo r-qvutc0\" dir=\"ltr\" role=\"link\" href=\"https:\/\/twitter.com\/hashtag\/b1902?src=hashtag_click\" target=\"_blank\" rel=\"noopener\">#b1902<\/a>\u00a0<a class=\"css-4rbku5 css-18t94o4 css-901oao css-16my406 r-1cvl2hr r-1loqt21 r-poiln3 r-bcqeeo r-1ny4l3l r-1ddef8g r-tjvw6i r-qvutc0\" dir=\"ltr\" role=\"link\" href=\"https:\/\/twitter.com\/hashtag\/ErinnernHei%C3%9FtK%C3%A4mpfen?src=hashtag_click\" target=\"_blank\" rel=\"noopener\">#ErinnernHei\u00dftK\u00e4mpfen<\/a><\/p>\n<p><strong><span class=\"css-901oao css-16my406 r-poiln3 r-bcqeeo r-qvutc0\">Gedenkkundgebung: zum dritten Mal j\u00e4hrt sich der rechtsterroristische <\/span><span class=\"r-18u37iz\">Anschlag<\/span><span class=\"css-901oao css-16my406 r-poiln3 r-bcqeeo r-qvutc0\">\u00a0in\u00a0<\/span><span class=\"r-18u37iz\">Hanau.<\/span><\/strong><\/p>\n<p>Vor 3 Jahren wurden G\u00f6khan G\u00fcltekin, Sedat G\u00fcrb\u00fcz, Said Nesar Hashemi, Mercedes Kierpacz, Hamza Kurtovi\u0107, Vili Viorel P\u0103un, Fatih Sara\u00e7o\u011flu, Ferhat Unvar, Kaloyan Velkov ermordet.<\/p>\n<p>Noch immer wurde weder nach dem Ruf nach Aufkl\u00e4rung und Konsequenzen nachgegangen, noch aktiv etwas unternommen, dass sich diese Tat nicht wiederholt.<\/p>\n<p>Es sind nun 3 Jahre vergangen &amp; noch immer gibt es keine Aufkl\u00e4rung des unbegreiflichen Polizeieinsatzes, der Ermittlungsfehler, nicht funktionierende Notrufleitungen, nicht verwendete Zeugenaussagen und das explizite Versagen der hessischen\u00a0Polizei\u00a0auch in Bezug auf den NSU 2.0<\/p>\n<p><strong>Umso wichtiger ist es deshalb, dass WIR als antirassistische Initiativen und Antirassist:innen um die Aufkl\u00e4rung k\u00e4mpfen.<\/strong><\/p>\n<p><strong>Deshalb rufen wir euch alle zu unserer Kundgebung auf!<\/strong><\/p>\n<p><strong>Kommt zahlreich, seid dabei und lasst uns ein lautes Zeichen setzen!<\/strong><\/p>\n","protected":false},"excerpt":{"rendered":"<p>+++ Sonntag 19.02.2023 +++ wir berichten am Sonntag #b1902\u00a0ab 14:00 Uhr\u00a0von der Kundgebung \ud83d\udd6f\ufe0fErinnern hei\u00dft k\u00e4mpfen! 3 Jahre nach Hanau!\ud83d\udd6f\ufe0f Sonntag, den 19.02.2023 | 14:00 Uhr | Oranienplatz 10999 Berlin Anreise:\u00a0U8, Bus 248 Moritzplatz | M29 Oranienplatz | U1, U3,\u00a0U8 Kottbusser Tor Web-Ticker:\u00a0https:\/\/berlin.demoticker.org Mastodon:\u00a0@Demo_Ticker_Berlin@todon.eu Telegram Ticker:\u00a0https:\/\/t.me\/demotickerberlin Telegram Ticker English:\u00a0https:\/\/t.me\/demotickerEng Twitter Accounts: \ud83d\udce2@demo_ticker Twitter Hashtags: #b1902\u00a0#ErinnernHei\u00dftK\u00e4mpfen &hellip; <\/p>\n<p class=\"link-more\"><a href=\"https:\/\/demotickerberlin.noblogs.org\/?p=2957\" class=\"more-link\"><span class=\"screen-reader-text\">\u201eErinnern hei\u00dft k\u00e4mpfen! 3 Jahre nach Hanau! (19.02.2023)\u201c <\/span>weiterlesen<\/a><\/p>\n","protected":false},"author":13687,"featured_media":0,"comment_status":"closed","ping_status":"closed","sticky":false,"template":"","format":"aside","meta":{"footnotes":""},"categories":[14],"tags":[66,67],"class_list":["post-2957","post","type-post","status-publish","format-aside","hentry","category-antirassismus","tag-b1902","tag-erinnernheisstkaempfen","post_format-post-format-aside"],"_links":{"self":[{"href":"https:\/\/demotickerberlin.noblogs.org\/index.php?rest_route=\/wp\/v2\/posts\/2957","targetHints":{"allow":["GET"]}}],"collection":[{"href":"https:\/\/demotickerberlin.noblogs.org\/index.php?rest_route=\/wp\/v2\/posts"}],"about":[{"href":"https:\/\/demotickerberlin.noblogs.org\/index.php?rest_route=\/wp\/v2\/types\/post"}],"author":[{"embeddable":true,"href":"https:\/\/demotickerberlin.noblogs.org\/index.php?rest_route=\/wp\/v2\/users\/13687"}],"replies":[{"embeddable":true,"href":"https:\/\/demotickerberlin.noblogs.org\/index.php?rest_route=%2Fwp%2Fv2%2Fcomments&post=2957"}],"version-history":[{"count":1,"href":"https:\/\/demotickerberlin.noblogs.org\/index.php?rest_route=\/wp\/v2\/posts\/2957\/revisions"}],"predecessor-version":[{"id":2958,"href":"https:\/\/demotickerberlin.noblogs.org\/index.php?rest_route=\/wp\/v2\/posts\/2957\/revisions\/2958"}],"wp:attachment":[{"href":"https:\/\/demotickerberlin.noblogs.org\/index.php?rest_route=%2Fwp%2Fv2%2Fmedia&parent=2957"}],"wp:term":[{"taxonomy":"category","embeddable":true,"href":"https:\/\/demotickerberlin.noblogs.org\/index.php?rest_route=%2Fwp%2Fv2%2Fcategories&post=2957"},{"taxonomy":"post_tag","embeddable":true,"href":"https:\/\/demotickerberlin.noblogs.org\/index.php?rest_route=%2Fwp%2Fv2%2Ftags&post=2957"}],"curies":[{"name":"wp","href":"https:\/\/api.w.org\/{rel}","templated":true}]}}