{"id":2971,"date":"2023-02-21T17:10:43","date_gmt":"2023-02-21T16:10:43","guid":{"rendered":"https:\/\/demotickerberlin.noblogs.org\/?p=2971"},"modified":"2023-02-22T18:49:43","modified_gmt":"2023-02-22T17:49:43","slug":"gegen-den-deutschen-imperialismus-26-02-2023","status":"publish","type":"post","link":"https:\/\/demotickerberlin.noblogs.org\/?p=2971","title":{"rendered":"Gegen den deutschen Imperialismus! (26.02.2023)"},"content":{"rendered":"<p><img loading=\"lazy\" decoding=\"async\" class=\"alignnone size-large wp-image-5410\" src=\"https:\/\/asanb.noblogs.org\/files\/2023\/02\/b2602-768x1024.jpg\" alt=\"\" width=\"768\" height=\"1024\" \/><\/p>\n<p><strong>\ud83d\udca5Sonntag 26.02.2023\ud83d\udca5<\/strong><\/p>\n<p>wir berichten am Sonntag <span class=\"r-18u37iz\"><a class=\"css-4rbku5 css-18t94o4 css-901oao css-16my406 r-1cvl2hr r-1loqt21 r-poiln3 r-bcqeeo r-1ny4l3l r-1ddef8g r-tjvw6i r-qvutc0\" dir=\"ltr\" role=\"link\" href=\"https:\/\/twitter.com\/hashtag\/b2602?src=hashtag_click\" target=\"_blank\" rel=\"noopener\">#b2602<\/a><\/span>\u00a0<strong>ab 15:00 Uhr<\/strong>\u00a0von der Demonstration<\/p>\n<p><strong>\ud83d\udd25Gegen den deutschen Imperialismus!<\/strong><strong>\ud83d\udd25<\/strong><\/p>\n<p><strong>Sonntag, den 26.02.2023 | 15:00 Uhr | Herzbergplatz 12059 Berlin<\/strong><\/p>\n<p><strong>Anreise: Bus 171, M41 Herzbergplatz\u00a0| S41, S42 Sonnenallee<\/strong><\/p>\n<p>Web-Ticker:\u00a0<a href=\"https:\/\/berlin.demoticker.org\/\" target=\"_blank\" rel=\"noreferrer noopener\">https:\/\/berlin.demoticker.org<\/a><br \/>\nMastodon:\u00a0<a href=\"https:\/\/todon.eu\/@Demo_Ticker_Berlin\" target=\"_blank\" rel=\"noreferrer noopener\">@Demo_Ticker_Berlin@todon.eu<\/a><br \/>\nTelegram Ticker:\u00a0<a href=\"https:\/\/t.me\/demotickerberlin\" target=\"_blank\" rel=\"noreferrer noopener\">https:\/\/t.me\/demotickerberlin<\/a><br \/>\nTelegram Ticker English:\u00a0<a href=\"https:\/\/t.me\/demotickerEng\" target=\"_blank\" rel=\"noreferrer noopener\">https:\/\/t.me\/demotickerEng<\/a><br \/>\nTwitter Accounts: \ud83d\udce2<a href=\"https:\/\/twitter.com\/demo_ticker\" target=\"_blank\" rel=\"noreferrer noopener\">@demo_ticker<\/a><br \/>\nTwitter Hashtags: <a class=\"css-4rbku5 css-18t94o4 css-901oao css-16my406 r-1cvl2hr r-1loqt21 r-poiln3 r-bcqeeo r-1ny4l3l r-1ddef8g r-tjvw6i r-qvutc0\" dir=\"ltr\" role=\"link\" href=\"https:\/\/twitter.com\/hashtag\/b2602?src=hashtag_click\" target=\"_blank\" rel=\"noopener\">#b2602<\/a>\u00a0<a class=\"css-4rbku5 css-18t94o4 css-901oao css-16my406 r-1cvl2hr r-1loqt21 r-poiln3 r-bcqeeo r-qvutc0\" dir=\"ltr\" role=\"link\" href=\"https:\/\/twitter.com\/hashtag\/FrentePolisario?src=hashtag_click\" target=\"_blank\" rel=\"noopener\">#FrentePolisario<\/a><\/p>\n<p>\ud83d\udce3\u00a0<a href=\"https:\/\/sahara-antiimperialista.org\/2023\/01\/31\/aufruf-gegen-den-deutschen-imperialismus\/\" target=\"_blank\" rel=\"noopener\">Aufruf\u2026<\/a><\/p>\n<p><strong>\ud83d\uddfa\ufe0f\u00a0Voraussichtliche Route:<\/strong><\/p>\n<ul>\n<li>Hertzbergplatz<\/li>\n<li>Sonnenallee<\/li>\n<li>Sonnenallee\/Rossegger Str (Zwischenkundgebung)<\/li>\n<li>Sonnenallee\/Innstra\u00dfe (Zwischenkundgebung)<\/li>\n<li>Sonnenallee\/Finowstra\u00dfe (Zwischenkundgebung)<\/li>\n<li>Sonnenallee\/Fuldastra\u00dfe (Zwischenkundgebung)<\/li>\n<li>Sonnenallee\/Hobrechtstra\u00dfe (Zwischenkundgebung)<\/li>\n<li>Hermannplatz (EK)<\/li>\n<\/ul>\n<p class=\"entry-title\"><strong>\ud83d\udd25Gegen den deutschen Imperialismus\ud83d\udd25<\/strong><\/p>\n<p><strong>Was ist die Frente Polisario?<\/strong><\/p>\n<p>Die Westsahara war eine spanische Kolonie, bis sich 1973 die Volksbefreiungsfront der Westsahara (von Spanisch:\u00a0<strong>Frente Po<\/strong>pular para la\u00a0<strong>Li<\/strong>beraci\u00f3n de\u00a0<strong>Sa<\/strong>gu\u00eda-el-Hamra y\u00a0<strong>R\u00edo<\/strong>\u00a0de Oro) im Exil gr\u00fcndete und den bewaffneten Kampf gegen das faschistische Franco-Regime und dessen Besatzung aufnahm.<\/p>\n<p>Nach 2 Jahren Befreiungskampf zog Spanien die Truppen ab und verkaufte die Westsahara an das benachbarte K\u00f6nigreich Marokko gegen Phosphat- und Fischereilizenzen. Infolgedessen entschied der Internationale Gerichtshof, 1975, dass Marokko keinen Anspruch auf die Westsahara hat. Trotzdem startete Marokko eine von den imperialistischen M\u00e4chten Frankreich und der USA unterst\u00fctzte Milit\u00e4rinvasion. Die Frente Polisario rief am 27. Februar 1976 die Demokratische Arabische Republik Sahara aus und k\u00e4mpfte 16 Jahre lang unterst\u00fctzt von Algerien, Kuba und Lybien gegen die marokkanische Besatzung. Marokko h\u00e4lt bis jetzt 70 % der Westsahara besetzt und baute w\u00e4hrend dem Krieg mit 2`700 Km die gr\u00f6sste Milit\u00e4rmauer der Welt, welche ca. 10 Millionen Landminen, 200`000 Soldaten und unz\u00e4hlige Bodenradars umfasst, um die Frente Polisario vor den St\u00e4dten im besetzten Gebiet fernzuhalten.<\/p>\n<p>1991 ging die Frente Polisario einen von der UN organisierten Waffenstillstand mit Marokko ein, mit der Bedingung, dass die UN Mission MINURSO (Mission der Vereinten Nationen zu Organisierung eines Referendums in der Westsahara) 1992 ein Referendum durchf\u00fchrt, bei dem das sahrauische Volk abstimmt ob es einen unabh\u00e4ngigen Staat oder Anschluss an Marokko will.<\/p>\n<p>Die Sahrauis, die es schafften vor den Schrecken des marokkanischen Besatzungsregimes zu fliehen, leben bis heute in Fl\u00fcchtlingslagern in der algerischen W\u00fcste, nahe dem befreiten Gebiet.<\/p>\n<p>Das versprochene Referendum wird bis heute von Frankreich und Marokko blockiert. Was die Westsahara zur letzten Kolonie Afrikas macht.<\/p>\n<p>Es ist sehr offensichtlich, dass es kein Interesse der westlichen Staaten an einer befreiten Westsahara gibt. Ganz Europa ist abh\u00e4ngig von dem Fischfang vor der K\u00fcste; die ganze Welt ist abh\u00e4ngig von dem gigantischen Phosphatvorkommen, das f\u00fcr D\u00fcngemittel gebraucht wird.<\/p>\n<p>Rechte und Regeln, wie zum Beispiel das V\u00f6lkerrecht, wurden von den imperialistischen Staaten aufgesetzt, um vermeintlich die Welt in einer gerechten Ordnung zu halten. Daf\u00fcr wurden Organe geschaffen wie, der UN-Sicherheitsrat. An Beispielen wie Kurdistan, Pal\u00e4stina oder eben der Westsahara wird jedoch deutlich: Imperialistische Staaten halten sich nur an ihre eigenen Regeln, wenn sie davon profitieren. Konkurrierende Staaten, die dagegen versto\u00dfen, werden mit Sanktionen \u00fcberzogen.<\/p>\n<p>In der Westsahara werden diese \u201eRegeln\u201c kontrolliert durch die MINURSO, was eine reine Farce ist. Die stationierten Soldat:innen machen nichts, au\u00dfer da sein. Ihre eigentliche Funktion, also gew\u00e4hrleisten, dass ein Referendum stattfinden kann, erf\u00fcllen sie nicht. Nicht, weil es eben nicht gewollt ist.<\/p>\n<p><strong>Der Kampf um Befreiung geht weiter<\/strong><\/p>\n<p>Im Oktober 2020 blockierte eine Gruppe Sahrauis aus den Fl\u00fcchtlingslagern Marokkos wichtigste Handelsstrasse, die durch die Mauer \u00fcber befreites Gebiet nach Mauretanien f\u00fchrt. Durch diese Aktion wurde ein wochenlanger LKW Stau ausgel\u00f6st, der sich mehrere Kilometer ins besetzte Gebiet sowie nach Mauretanien erstreckt hat. Gleichzeitig fanden mehrere Demonstrationen an den MINURSO St\u00fctzpunkten und der marokkanischen Besatzungsmauer statt.<\/p>\n<p>Aufgrund des wirtschaftlichen Schadens und den innenpolitischen Druck lie\u00df der K\u00f6nig Marokkos Truppen zum Grenz\u00fcbergang verlegen, um die Blockade gewaltsam aufzul\u00f6sen.<\/p>\n<p>In Reaktion darauf er\u00f6ffnete die Frente Polisario entlang der gesamten Besatzungsmauer das Feuer auf die marokkanischen Stellungen und bombardiert seit dem 13.11.2020 jeden Tag und jede Nacht die Besatzungsarmee in einem Guerillakrieg. Der Krieg dauert noch immer an und ein Ende ist nicht in Sicht.<\/p>\n<p><strong>Deutschland<\/strong><\/p>\n<p>Nat\u00fcrlich sind auch hier deutsche Unternehmen an der Ausbeutung beteiligt. Deutsche Konzerne sind massiv an der Ausbeutung der nat\u00fcrlichen Ressourcen der Westsahara beteiligt. Von Tomaten und Sand bis zu den massiven Fisch- und Phosphat-Vorkommen rauben sich deutsche Konzerne ihre Profite zusammen.<\/p>\n<p>Siemens baut Windparks in der besetzten Westsahara und schreibt sich gr\u00fcne Energie auf die Fahne, w\u00e4hrend dem diese Energie in die CO2-lastige Zementproduktion in S\u00fcdmarokko fliesst und deren Gewinn die Taschen des Besatzungsregimes f\u00fcllt. Deutsche R\u00fcstungskonzerne wie Thales, Hendsoldt und TDW profitieren auch an der Besetzung der Westsahara, sei es mit Bodenradars f\u00fcr die \u00dcberwachung der Mauer, oder mit Schl\u00fcsselkomponenten f\u00fcr die t\u00fcrkische Killerdrohne Bayraktar, die ebenfalls gegen Sahrauis eingesetzt wird.<\/p>\n<p>Auch politisch zeigt Deutschland, dass es bei \u201efeministischer Au\u00dfenpolitik\u201c eigentlich um wirtschaftliche Interessen geht, und eben nicht um humanit\u00e4re, geschweige denn feministische Politik. Die gr\u00fcne Au\u00dfenministerin Baerbock verk\u00fcndete im letzten Jahr bei einem Besuch in Rabat, dass sie den Autonomieplan Marokkos unterst\u00fctzt. Die Frente Polisario und das Saharauische Volk lehnen diesen plan vehement ab, da er gegen die Selbstbestimmung der Saharauis ausgelegt ist und deren Unterwerfung vorhersieht. Das Saharauische Volk ist seit Jahrzehnten der Unterdr\u00fcckung und der Folter durch Marokko ausgesetzt, was den Gr\u00fcnen kein Geheimnis ist. Frauen nehmen eine Vorreiterrolle bei Demonstrationen in den besetzten Gebieten ein. Die Konsequenz ist Repression und systematische Vergewaltigung der politisch aktiven Frauen.<\/p>\n<p>Die Saharauis sind nicht das einzige Volk, welches vom deutschen Imperialismus ausgebeutet wird. Deutschland arbeitet mit dem t\u00fcrkischen Staat zusammen in der Bek\u00e4mpfung und Verfolgung der kurdischen Befreiungsbewegung und des revolution\u00e4ren Projekts Rojava welches auf Frauenbefreiung, \u00d6kologie und dem Aufbau einer besseren Gesellschaft basiert. Auch profitieren deutsche Konzerne massiv an der Besetzung Pal\u00e4stinas durch Israel.<\/p>\n<p><strong>Aufruf<\/strong><\/p>\n<p>Lasst uns deshalb am Sonntag, den 26. Februar um 15 Uhr, auf dem Herzbergplatz am Vortag des 47. Jubil\u00e4ums der Sahrauischen Republik gemeinsam auf die Strasse gehen und ein k\u00e4mpferisches Zeichen der internationalen Solidarit\u00e4t und gegen den deutschen Imperialismus setzen.<\/p>\n","protected":false},"excerpt":{"rendered":"<p>\ud83d\udca5Sonntag 26.02.2023\ud83d\udca5 wir berichten am Sonntag #b2602\u00a0ab 15:00 Uhr\u00a0von der Demonstration \ud83d\udd25Gegen den deutschen Imperialismus!\ud83d\udd25 Sonntag, den 26.02.2023 | 15:00 Uhr | Herzbergplatz 12059 Berlin Anreise: Bus 171, M41 Herzbergplatz\u00a0| S41, S42 Sonnenallee Web-Ticker:\u00a0https:\/\/berlin.demoticker.org Mastodon:\u00a0@Demo_Ticker_Berlin@todon.eu Telegram Ticker:\u00a0https:\/\/t.me\/demotickerberlin Telegram Ticker English:\u00a0https:\/\/t.me\/demotickerEng Twitter Accounts: \ud83d\udce2@demo_ticker Twitter Hashtags: #b2602\u00a0#FrentePolisario \ud83d\udce3\u00a0Aufruf\u2026 \ud83d\uddfa\ufe0f\u00a0Voraussichtliche Route: Hertzbergplatz Sonnenallee Sonnenallee\/Rossegger Str (Zwischenkundgebung) Sonnenallee\/Innstra\u00dfe &hellip; <\/p>\n<p class=\"link-more\"><a href=\"https:\/\/demotickerberlin.noblogs.org\/?p=2971\" class=\"more-link\"><span class=\"screen-reader-text\">\u201eGegen den deutschen Imperialismus! (26.02.2023)\u201c <\/span>weiterlesen<\/a><\/p>\n","protected":false},"author":13687,"featured_media":0,"comment_status":"closed","ping_status":"closed","sticky":false,"template":"","format":"aside","meta":{"footnotes":""},"categories":[14],"tags":[73,74],"class_list":["post-2971","post","type-post","status-publish","format-aside","hentry","category-antirassismus","tag-b2602","tag-frentepolisario","post_format-post-format-aside"],"_links":{"self":[{"href":"https:\/\/demotickerberlin.noblogs.org\/index.php?rest_route=\/wp\/v2\/posts\/2971","targetHints":{"allow":["GET"]}}],"collection":[{"href":"https:\/\/demotickerberlin.noblogs.org\/index.php?rest_route=\/wp\/v2\/posts"}],"about":[{"href":"https:\/\/demotickerberlin.noblogs.org\/index.php?rest_route=\/wp\/v2\/types\/post"}],"author":[{"embeddable":true,"href":"https:\/\/demotickerberlin.noblogs.org\/index.php?rest_route=\/wp\/v2\/users\/13687"}],"replies":[{"embeddable":true,"href":"https:\/\/demotickerberlin.noblogs.org\/index.php?rest_route=%2Fwp%2Fv2%2Fcomments&post=2971"}],"version-history":[{"count":2,"href":"https:\/\/demotickerberlin.noblogs.org\/index.php?rest_route=\/wp\/v2\/posts\/2971\/revisions"}],"predecessor-version":[{"id":2974,"href":"https:\/\/demotickerberlin.noblogs.org\/index.php?rest_route=\/wp\/v2\/posts\/2971\/revisions\/2974"}],"wp:attachment":[{"href":"https:\/\/demotickerberlin.noblogs.org\/index.php?rest_route=%2Fwp%2Fv2%2Fmedia&parent=2971"}],"wp:term":[{"taxonomy":"category","embeddable":true,"href":"https:\/\/demotickerberlin.noblogs.org\/index.php?rest_route=%2Fwp%2Fv2%2Fcategories&post=2971"},{"taxonomy":"post_tag","embeddable":true,"href":"https:\/\/demotickerberlin.noblogs.org\/index.php?rest_route=%2Fwp%2Fv2%2Ftags&post=2971"}],"curies":[{"name":"wp","href":"https:\/\/api.w.org\/{rel}","templated":true}]}}