{"id":2975,"date":"2023-02-24T22:16:19","date_gmt":"2023-02-24T21:16:19","guid":{"rendered":"https:\/\/demotickerberlin.noblogs.org\/?p=2975"},"modified":"2023-02-24T22:16:19","modified_gmt":"2023-02-24T21:16:19","slug":"sturz-dem-imperialismus-27-02-2023","status":"publish","type":"post","link":"https:\/\/demotickerberlin.noblogs.org\/?p=2975","title":{"rendered":"Sturz dem Imperialismus! (27.02.2023)"},"content":{"rendered":"<p><img loading=\"lazy\" decoding=\"async\" class=\"alignnone wp-image-2976 size-full\" src=\"https:\/\/demotickerberlin.noblogs.org\/files\/2023\/02\/b2702_1_1.jpg\" alt=\"\" width=\"1080\" height=\"1080\" srcset=\"https:\/\/demotickerberlin.noblogs.org\/files\/2023\/02\/b2702_1_1.jpg 1080w, https:\/\/demotickerberlin.noblogs.org\/files\/2023\/02\/b2702_1_1-300x300.jpg 300w, https:\/\/demotickerberlin.noblogs.org\/files\/2023\/02\/b2702_1_1-1024x1024.jpg 1024w, https:\/\/demotickerberlin.noblogs.org\/files\/2023\/02\/b2702_1_1-150x150.jpg 150w, https:\/\/demotickerberlin.noblogs.org\/files\/2023\/02\/b2702_1_1-768x768.jpg 768w, https:\/\/demotickerberlin.noblogs.org\/files\/2023\/02\/b2702_1_1-100x100.jpg 100w\" sizes=\"auto, (max-width: 767px) 89vw, (max-width: 1000px) 54vw, (max-width: 1071px) 543px, 580px\" \/><\/p>\n<p><strong>\ud83d\udca5Montag 27.02.2023\ud83d\udca5<\/strong><\/p>\n<p>wir berichten am Montag <a class=\"css-4rbku5 css-18t94o4 css-901oao css-16my406 r-1cvl2hr r-1loqt21 r-poiln3 r-b88u0q r-bcqeeo r-1ny4l3l r-1ddef8g r-tjvw6i r-qvutc0\" dir=\"ltr\" role=\"link\" href=\"https:\/\/twitter.com\/hashtag\/b2702?src=hashtag_click\">#b2702<\/a>\u00a0<strong>ab 18:00 Uhr<\/strong>\u00a0von der Demonstration<\/p>\n<p><strong>\ud83d\udd25Sturz dem Imperialismus!<\/strong><strong>\ud83d\udd25<\/strong><\/p>\n<p><strong>Montag, den 27.02.2023 | 18:00 Uhr | Oranienplatz 10999 Berlin<\/strong><\/p>\n<p><strong>Anreise:\u00a0U8, Bus 248 Moritzplatz | M29 Oranienplatz | U1, U3,\u00a0U8 Kottbusser Tor<\/strong><\/p>\n<p>Web-Ticker:\u00a0<a href=\"https:\/\/berlin.demoticker.org\/\" target=\"_blank\" rel=\"noreferrer noopener\">https:\/\/berlin.demoticker.org<\/a><br \/>\nMastodon:\u00a0<a href=\"https:\/\/todon.eu\/@Demo_Ticker_Berlin\" target=\"_blank\" rel=\"noreferrer noopener\">@Demo_Ticker_Berlin@todon.eu<\/a><br \/>\nTelegram Ticker:\u00a0<a href=\"https:\/\/t.me\/demotickerberlin\" target=\"_blank\" rel=\"noreferrer noopener\">https:\/\/t.me\/demotickerberlin<\/a><br \/>\nTelegram Ticker English:\u00a0<a href=\"https:\/\/t.me\/demotickerEng\" target=\"_blank\" rel=\"noreferrer noopener\">https:\/\/t.me\/demotickerEng<\/a><br \/>\nTwitter Accounts: \ud83d\udce2<a href=\"https:\/\/twitter.com\/demo_ticker\" target=\"_blank\" rel=\"noreferrer noopener\">@demo_ticker<\/a><br \/>\nTwitter Hashtags: <a class=\"css-4rbku5 css-18t94o4 css-901oao css-16my406 r-1cvl2hr r-1loqt21 r-poiln3 r-b88u0q r-bcqeeo r-1ny4l3l r-1ddef8g r-tjvw6i r-qvutc0\" dir=\"ltr\" role=\"link\" href=\"https:\/\/twitter.com\/hashtag\/b2702?src=hashtag_click\">#b2702<\/a><\/p>\n<p>\ud83d\udce3\u00a0<a href=\"https:\/\/www.instagram.com\/p\/CnW1lLIscYm\/\" target=\"_blank\" rel=\"noopener\">Instagram Aufruf\u2026<\/a><\/p>\n<p>\ud83d\uddfa\ufe0f\u00a0<strong>Voraussichtliche Route:<\/strong><\/p>\n<ul>\n<li>Oranienplatz<\/li>\n<li>Oranienstra\u00dfe<\/li>\n<li>Skalitzer Stra\u00dfe<\/li>\n<li>Schlesisches Tor (Zwischenkundgebung)<\/li>\n<li>Oberbaumstra\u00dfe<\/li>\n<li>Warschauer Stra\u00dfe<\/li>\n<li>Frankfurter Tor<\/li>\n<\/ul>\n<p>Das Widerstandskomitee l\u00e4dt alle dazu ein, am 27. Februar gemeinsam auf die Stra\u00dfe zu gehen, um gemeinsam ein Zeichen gegen Imperialismus und Aufr\u00fcstung zu setzen!<\/p>\n<p>Wir stellen uns als antiimperialistische und internationalistische Jugend klar gegen die Zeitenwende, die Olaf Scholz vor fast einem Jahr ausgerufen hat.<\/p>\n<p>Deshalb versammeln wir uns am 27. Februar um 18 Uhr am Oranienplatz!<\/p>\n","protected":false},"excerpt":{"rendered":"<p>\ud83d\udca5Montag 27.02.2023\ud83d\udca5 wir berichten am Montag #b2702\u00a0ab 18:00 Uhr\u00a0von der Demonstration \ud83d\udd25Sturz dem Imperialismus!\ud83d\udd25 Montag, den 27.02.2023 | 18:00 Uhr | Oranienplatz 10999 Berlin Anreise:\u00a0U8, Bus 248 Moritzplatz | M29 Oranienplatz | U1, U3,\u00a0U8 Kottbusser Tor Web-Ticker:\u00a0https:\/\/berlin.demoticker.org Mastodon:\u00a0@Demo_Ticker_Berlin@todon.eu Telegram Ticker:\u00a0https:\/\/t.me\/demotickerberlin Telegram Ticker English:\u00a0https:\/\/t.me\/demotickerEng Twitter Accounts: \ud83d\udce2@demo_ticker Twitter Hashtags: #b2702 \ud83d\udce3\u00a0Instagram Aufruf\u2026 \ud83d\uddfa\ufe0f\u00a0Voraussichtliche Route: Oranienplatz Oranienstra\u00dfe &hellip; <\/p>\n<p class=\"link-more\"><a href=\"https:\/\/demotickerberlin.noblogs.org\/?p=2975\" class=\"more-link\"><span class=\"screen-reader-text\">\u201eSturz dem Imperialismus! (27.02.2023)\u201c <\/span>weiterlesen<\/a><\/p>\n","protected":false},"author":13687,"featured_media":0,"comment_status":"closed","ping_status":"closed","sticky":false,"template":"","format":"aside","meta":{"footnotes":""},"categories":[13],"tags":[75],"class_list":["post-2975","post","type-post","status-publish","format-aside","hentry","category-antimilitarismus","tag-b2702","post_format-post-format-aside"],"_links":{"self":[{"href":"https:\/\/demotickerberlin.noblogs.org\/index.php?rest_route=\/wp\/v2\/posts\/2975","targetHints":{"allow":["GET"]}}],"collection":[{"href":"https:\/\/demotickerberlin.noblogs.org\/index.php?rest_route=\/wp\/v2\/posts"}],"about":[{"href":"https:\/\/demotickerberlin.noblogs.org\/index.php?rest_route=\/wp\/v2\/types\/post"}],"author":[{"embeddable":true,"href":"https:\/\/demotickerberlin.noblogs.org\/index.php?rest_route=\/wp\/v2\/users\/13687"}],"replies":[{"embeddable":true,"href":"https:\/\/demotickerberlin.noblogs.org\/index.php?rest_route=%2Fwp%2Fv2%2Fcomments&post=2975"}],"version-history":[{"count":1,"href":"https:\/\/demotickerberlin.noblogs.org\/index.php?rest_route=\/wp\/v2\/posts\/2975\/revisions"}],"predecessor-version":[{"id":2977,"href":"https:\/\/demotickerberlin.noblogs.org\/index.php?rest_route=\/wp\/v2\/posts\/2975\/revisions\/2977"}],"wp:attachment":[{"href":"https:\/\/demotickerberlin.noblogs.org\/index.php?rest_route=%2Fwp%2Fv2%2Fmedia&parent=2975"}],"wp:term":[{"taxonomy":"category","embeddable":true,"href":"https:\/\/demotickerberlin.noblogs.org\/index.php?rest_route=%2Fwp%2Fv2%2Fcategories&post=2975"},{"taxonomy":"post_tag","embeddable":true,"href":"https:\/\/demotickerberlin.noblogs.org\/index.php?rest_route=%2Fwp%2Fv2%2Ftags&post=2975"}],"curies":[{"name":"wp","href":"https:\/\/api.w.org\/{rel}","templated":true}]}}