{"id":2979,"date":"2023-03-03T09:02:38","date_gmt":"2023-03-03T08:02:38","guid":{"rendered":"https:\/\/demotickerberlin.noblogs.org\/?p=2979"},"modified":"2023-03-04T22:18:23","modified_gmt":"2023-03-04T21:18:23","slug":"truth-and-justice-for-the-victims-of-crotones-shipwreck","status":"publish","type":"post","link":"https:\/\/demotickerberlin.noblogs.org\/?p=2979","title":{"rendered":"Wahrheit und Gerechtigkeit f\u00fcr die Opfer des Schiffbruchs von Crotone! (05.03.2023)"},"content":{"rendered":"<p><img loading=\"lazy\" decoding=\"async\" class=\"alignnone size-full wp-image-5475\" src=\"https:\/\/asanb.noblogs.org\/files\/2023\/03\/Bild_2023-03-02_215244196.png\" alt=\"\" width=\"680\" height=\"680\" \/><\/p>\n<p><strong>\ud83d\udca5Sonntag 05.03.2023\ud83d\udca5<\/strong><\/p>\n<p>wir berichten am Sonntag <a class=\"css-4rbku5 css-18t94o4 css-901oao css-16my406 r-1cvl2hr r-1loqt21 r-poiln3 r-b88u0q r-bcqeeo r-1ny4l3l r-1ddef8g r-tjvw6i r-qvutc0\" dir=\"ltr\" role=\"link\" href=\"https:\/\/twitter.com\/hashtag\/b0503?src=hashtag_click\" target=\"_blank\" rel=\"noopener\">#b0503<\/a>\u00a0<strong>ab 14:00 Uhr<\/strong> von der Kundgebung<\/p>\n<p><strong>\ud83d\udd25Wahrheit und Gerechtigkeit f\u00fcr die Opfer des Schiffbruchs von Crotone!\ud83d\udd25<\/strong><\/p>\n<p><strong>Sonntag, 05.03.2023 | 14:00 Uhr | Hiroshimastra\u00dfe 1 10785 Berlin<\/strong><\/p>\n<p><strong>Anreise: Bus 100, 106, 187, 200 Nordische Botschaften\/Adenauer-Stiftung | Bus 200 Tiergartenstr. | M29 Hiroshima Steg oder K\u00f6bisstra\u00dfe<\/strong><\/p>\n<p>Web-Ticker:\u00a0<a href=\"https:\/\/berlin.demoticker.org\/\" target=\"_blank\" rel=\"noreferrer noopener\">https:\/\/berlin.demoticker.org<\/a><br \/>\nMastodon:\u00a0<a href=\"https:\/\/todon.eu\/@Demo_Ticker_Berlin\" target=\"_blank\" rel=\"noreferrer noopener\">@Demo_Ticker_Berlin@todon.eu<\/a><br \/>\nTelegram Ticker:\u00a0<a href=\"https:\/\/t.me\/demotickerberlin\" target=\"_blank\" rel=\"noreferrer noopener\">https:\/\/t.me\/demotickerberlin<\/a><br \/>\nTelegram Ticker English:\u00a0<a href=\"https:\/\/t.me\/demotickerEng\" target=\"_blank\" rel=\"noreferrer noopener\">https:\/\/t.me\/demotickerEng<\/a><br \/>\nTwitter Accounts: \ud83d\udce2<a href=\"https:\/\/twitter.com\/demo_ticker\" target=\"_blank\" rel=\"noreferrer noopener\">@demo_ticker<\/a><br \/>\nTwitter Hashtags: <a class=\"css-4rbku5 css-18t94o4 css-901oao css-16my406 r-1cvl2hr r-1loqt21 r-poiln3 r-b88u0q r-bcqeeo r-1ny4l3l r-1ddef8g r-tjvw6i r-qvutc0\" dir=\"ltr\" role=\"link\" href=\"https:\/\/twitter.com\/hashtag\/b0503?src=hashtag_click\" target=\"_blank\" rel=\"noopener\">#b0503<\/a> <a class=\"css-4rbku5 css-18t94o4 css-901oao css-16my406 r-1cvl2hr r-1loqt21 r-poiln3 r-b88u0q r-bcqeeo r-qvutc0\" dir=\"ltr\" role=\"link\" href=\"https:\/\/twitter.com\/hashtag\/FortressEurope?src=hashtag_click\" target=\"_blank\" rel=\"noopener\">#FortressEurope<\/a><\/p>\n<div dir=\"auto\" data-pb-node-luminance-reversed=\"true\">Am vergangenen Wochenende sind mindestens 69 Menschen vor Italien ertrunken, obwohl italienische Beh\u00f6rden sowie Frontex von diesen in Seenot befindlichen Menschen wussten&#8230;<\/div>\n<div dir=\"auto\" data-pb-node-luminance-reversed=\"true\"><\/div>\n<div dir=\"auto\" data-pb-node-luminance-reversed=\"true\">Dies und der Umstand, dass die italienische Regierung, aber aktuell auch wieder die deutsche Regierung bzw das Bundesministerium f\u00fcr Verkehr die zivile Seenotrettung erschweren und blockieren wollen, l\u00e4sst uns auf die Stra\u00dfen gehen!<\/div>\n<div dir=\"auto\" data-pb-node-luminance-reversed=\"true\"><\/div>\n<div dir=\"auto\" data-pb-node-luminance-reversed=\"true\">\n<p><strong>Supportet die Gef\u00e4hrt_innen von den Freiwilligen von ABOLISH FRONTEX, MEDITERRANEAN SAVING HUMANS und SEA-EYE BERLIN, die diese\u00a0 Kundgebung organisieren!<\/strong><\/p>\n<hr \/>\n<p><strong>\ud83d\udca5Sunday 05.03.2023\ud83d\udca5<\/strong><\/p>\n<p>we report on Sunday <a class=\"css-4rbku5 css-18t94o4 css-901oao css-16my406 r-1cvl2hr r-1loqt21 r-poiln3 r-b88u0q r-bcqeeo r-1ny4l3l r-1ddef8g r-tjvw6i r-qvutc0\" dir=\"ltr\" role=\"link\" href=\"https:\/\/twitter.com\/hashtag\/b0503?src=hashtag_click\" target=\"_blank\" rel=\"noopener\">#b0503<\/a> <strong>from 02:00 pm<\/strong> from the rally<\/p>\n<p><strong>\ud83d\udd25Truth and Justice f<\/strong><strong>or the victims of Crotone`s shipwreck!\ud83d\udd25<\/strong><\/p>\n<p><strong>Sunday, 05.03.2023 | 02:00 pm | Hiroshimastra\u00dfe 1 10785 Berlin<\/strong><\/p>\n<p><strong>Arrival: Bus 100, 106, 187, 200 Nordic Embassies\/Adenauer Foundation | Bus 200 Tiergartenstr. | M29 Hiroshima Steg or K\u00f6bisstra\u00dfe<\/strong><\/p>\n<p>Last weekend, at least 69 people drowned off the coast of Italy, although the Italian authorities and Frontex knew about these people in distress at sea&#8230;<\/p>\n<p>This and the fact that the Italian government, but currently also the German government and the Federal Ministry of Transport want to make civilian sea rescue more difficult and block it, makes us take to the streets!<\/p>\n<p><strong>Support the people of ABOLISH FRONTEX, MEDITERRANEAN SAVING HUMANS and SEA-EYE BERLIN who are organising this rally!<\/strong><\/p>\n<\/div>\n","protected":false},"excerpt":{"rendered":"<p>\ud83d\udca5Sonntag 05.03.2023\ud83d\udca5 wir berichten am Sonntag #b0503\u00a0ab 14:00 Uhr von der Kundgebung \ud83d\udd25Wahrheit und Gerechtigkeit f\u00fcr die Opfer des Schiffbruchs von Crotone!\ud83d\udd25 Sonntag, 05.03.2023 | 14:00 Uhr | Hiroshimastra\u00dfe 1 10785 Berlin Anreise: Bus 100, 106, 187, 200 Nordische Botschaften\/Adenauer-Stiftung | Bus 200 Tiergartenstr. | M29 Hiroshima Steg oder K\u00f6bisstra\u00dfe Web-Ticker:\u00a0https:\/\/berlin.demoticker.org Mastodon:\u00a0@Demo_Ticker_Berlin@todon.eu Telegram Ticker:\u00a0https:\/\/t.me\/demotickerberlin Telegram &hellip; <\/p>\n<p class=\"link-more\"><a href=\"https:\/\/demotickerberlin.noblogs.org\/?p=2979\" class=\"more-link\"><span class=\"screen-reader-text\">\u201eWahrheit und Gerechtigkeit f\u00fcr die Opfer des Schiffbruchs von Crotone! (05.03.2023)\u201c <\/span>weiterlesen<\/a><\/p>\n","protected":false},"author":13687,"featured_media":0,"comment_status":"closed","ping_status":"closed","sticky":false,"template":"","format":"aside","meta":{"footnotes":""},"categories":[14],"tags":[76,77],"class_list":["post-2979","post","type-post","status-publish","format-aside","hentry","category-antirassismus","tag-b0503","tag-fortresseurope","post_format-post-format-aside"],"_links":{"self":[{"href":"https:\/\/demotickerberlin.noblogs.org\/index.php?rest_route=\/wp\/v2\/posts\/2979","targetHints":{"allow":["GET"]}}],"collection":[{"href":"https:\/\/demotickerberlin.noblogs.org\/index.php?rest_route=\/wp\/v2\/posts"}],"about":[{"href":"https:\/\/demotickerberlin.noblogs.org\/index.php?rest_route=\/wp\/v2\/types\/post"}],"author":[{"embeddable":true,"href":"https:\/\/demotickerberlin.noblogs.org\/index.php?rest_route=\/wp\/v2\/users\/13687"}],"replies":[{"embeddable":true,"href":"https:\/\/demotickerberlin.noblogs.org\/index.php?rest_route=%2Fwp%2Fv2%2Fcomments&post=2979"}],"version-history":[{"count":9,"href":"https:\/\/demotickerberlin.noblogs.org\/index.php?rest_route=\/wp\/v2\/posts\/2979\/revisions"}],"predecessor-version":[{"id":2988,"href":"https:\/\/demotickerberlin.noblogs.org\/index.php?rest_route=\/wp\/v2\/posts\/2979\/revisions\/2988"}],"wp:attachment":[{"href":"https:\/\/demotickerberlin.noblogs.org\/index.php?rest_route=%2Fwp%2Fv2%2Fmedia&parent=2979"}],"wp:term":[{"taxonomy":"category","embeddable":true,"href":"https:\/\/demotickerberlin.noblogs.org\/index.php?rest_route=%2Fwp%2Fv2%2Fcategories&post=2979"},{"taxonomy":"post_tag","embeddable":true,"href":"https:\/\/demotickerberlin.noblogs.org\/index.php?rest_route=%2Fwp%2Fv2%2Ftags&post=2979"}],"curies":[{"name":"wp","href":"https:\/\/api.w.org\/{rel}","templated":true}]}}