{"id":2989,"date":"2023-03-03T11:25:13","date_gmt":"2023-03-03T10:25:13","guid":{"rendered":"https:\/\/demotickerberlin.noblogs.org\/?p=2989"},"modified":"2023-03-03T11:25:13","modified_gmt":"2023-03-03T10:25:13","slug":"abenddemo-fight-by-night-08-03-2023","status":"publish","type":"post","link":"https:\/\/demotickerberlin.noblogs.org\/?p=2989","title":{"rendered":"ABENDDEMO FIGHT BY NIGHT! (08.03.2023)"},"content":{"rendered":"<p><img loading=\"lazy\" decoding=\"async\" class=\"alignnone size-full wp-image-5478\" src=\"https:\/\/asanb.noblogs.org\/files\/2023\/03\/b0803_1_1.jpg\" alt=\"\" width=\"843\" height=\"843\" \/><\/p>\n<p><strong>\ud83d\udca5Mittwoch 08.03.2023\ud83d\udca5<\/strong><\/p>\n<p>wir berichten am Mittwoch <span class=\"r-18u37iz\"><a class=\"css-4rbku5 css-18t94o4 css-901oao css-16my406 r-1cvl2hr r-1loqt21 r-poiln3 r-b88u0q r-bcqeeo r-qvutc0\" dir=\"ltr\" role=\"link\" href=\"https:\/\/twitter.com\/hashtag\/b0803?src=hashtag_click\">#b0803<\/a><\/span>\u00a0<strong>ab 18:00 Uhr<\/strong> von der Demonstration<\/p>\n<p><strong>\ud83d\udd25ABENDDEMO FIGHT BY NIGHT!\ud83d\udd25<\/strong><\/p>\n<p><strong>Mittwoch, 08.03.2023 | 18:00 Uhr | Spreewaldplatz 10999 Berlin<\/strong><\/p>\n<p><strong>Anreise: U1, U3 G\u00f6rlitzer Bahnhof | Bus M29 Spreewaldplatz<\/strong><\/p>\n<p>Web-Ticker:\u00a0<a href=\"https:\/\/berlin.demoticker.org\/\" target=\"_blank\" rel=\"noreferrer noopener\">https:\/\/berlin.demoticker.org<\/a><br \/>\nMastodon:\u00a0<a href=\"https:\/\/todon.eu\/@Demo_Ticker_Berlin\" target=\"_blank\" rel=\"noreferrer noopener\">@Demo_Ticker_Berlin@todon.eu<\/a><br \/>\nTelegram Ticker:\u00a0<a href=\"https:\/\/t.me\/demotickerberlin\" target=\"_blank\" rel=\"noreferrer noopener\">https:\/\/t.me\/demotickerberlin<\/a><br \/>\nTelegram Ticker English:\u00a0<a href=\"https:\/\/t.me\/demotickerEng\" target=\"_blank\" rel=\"noreferrer noopener\">https:\/\/t.me\/demotickerEng<\/a><br \/>\nTwitter Accounts: \ud83d\udce2<a href=\"https:\/\/twitter.com\/demo_ticker\" target=\"_blank\" rel=\"noreferrer noopener\">@demo_ticker<\/a><br \/>\nTwitter Hashtags: <span class=\"r-18u37iz\"><a class=\"css-4rbku5 css-18t94o4 css-901oao css-16my406 r-1cvl2hr r-1loqt21 r-poiln3 r-b88u0q r-bcqeeo r-qvutc0\" dir=\"ltr\" role=\"link\" href=\"https:\/\/twitter.com\/hashtag\/b0803?src=hashtag_click\">#b0803<\/a><\/span> <span class=\"r-18u37iz\"><a class=\"css-4rbku5 css-18t94o4 css-901oao css-16my406 r-1cvl2hr r-1loqt21 r-poiln3 r-bcqeeo r-qvutc0\" dir=\"ltr\" role=\"link\" href=\"https:\/\/twitter.com\/hashtag\/8M2023?src=hashtag_click\">#8M2023<\/a><\/span><\/p>\n<p>\ud83d\udce3<a href=\"https:\/\/kontrapolis.info\/9682\/\" target=\"_blank\" rel=\"noopener\">Aufruf&#8230;<\/a><\/p>\n<p>\ud83d\uddfa\ufe0f\u00a0<strong>Voraussichtliche Route:<\/strong><\/p>\n<p><img loading=\"lazy\" decoding=\"async\" class=\"alignnone size-full wp-image-5479\" src=\"https:\/\/asanb.noblogs.org\/files\/2023\/03\/b0803_1_2.jpg\" alt=\"\" width=\"843\" height=\"843\" \/><\/p>\n<ul>\n<li>Spreewaldplatz<\/li>\n<li>Wiener Stra\u00dfe<\/li>\n<li>Manteuffelstra\u00dfe<\/li>\n<li>Waldemarstra\u00dfe<\/li>\n<li>Adalbertstra\u00dfe<\/li>\n<li>Bethaniendamm<\/li>\n<li>Mariannenplatz<\/li>\n<li>Mariannenstra\u00dfe<\/li>\n<li>Rio-Reiser-Platz<\/li>\n<\/ul>\n<p><em><strong>*** english below ***<\/strong><\/em><\/p>\n<hr \/>\n<p>Der 8. M\u00e4rz sollte als feministischer Kampftag ein Tag sein an dem besonders Flinta* Menschen die M\u00f6glichkeit zu haben gemeinsam und w\u00fctend auf die Stra\u00dfe zu gehen und dem Patriarchat den Kampf anzusagen.<\/p>\n<p>Doch wir hatten die letzten Jahre zunehmend das Gef\u00fchl, dass eine k\u00e4mpferische Perspektive am 8. M\u00e4rz immer weiter verloren gegangen ist.<\/p>\n<p>Wir haben mitbekommen, dass Menschen am 8. M\u00e4rz genau diese k\u00e4mpferische Perspektive gefehlt hat und dass es sich f\u00fcr einige anf\u00fchlt als sei der urspr\u00fcngliche Kampftag zu einem Feiertag geworden.<\/p>\n<p>Auch zu feiern kann wichtig sein um sich gegenseitig zu empowern und miteinander neue Kraft zu bekommen. Wir denken aber, dass es auch eine M\u00f6glichkeit geben sollte an diesem Tag kollektiv dem patriarchalen Systemen all den Schmerz und die Wut zu zeigen die wir in uns tragen.<\/p>\n<p><strong>Wir m\u00f6chten diesen 8. M\u00e4rz wieder laut und w\u00fctend auf die Stra\u00dfe gehen. Deswegen rufen wir zur queerfeministischen Abenddemo auf.<\/strong><\/p>\n<p>Wir treffen uns am 08. M\u00e4rz um 18:00 auf dem Spreewaldplatz in Kreuzberg.<\/p>\n<p><strong>Die Demo ist NICHT Flinta* only<\/strong>, <span style=\"color: #ff0000\"><strong>allerdings wird es einen Flinta* Frontblock geben, in dem alle Flinta* Menschen willkommen sind.<\/strong><\/span><\/p>\n<p>Nehmt gerne Transpis mit und organisiert euch in Bezugsgruppen und lasst euer Handy zu Hause.<\/p>\n<p>TERFs und SWERFs sind auf der Demo nicht willkommen. Bitte tragt Masken und kommt gerne getestet, lasst jegliche Gruppen- oder Parteifahnen zu Hause und achtet gemeinsam darauf, dass sich alle Menschen auf der Demo wohlf\u00fchlen.<\/p>\n<p>Daf\u00fcr wird es auch ein Awarenesskonzept geben und Awarenessmenschen werden anwesend sein.<\/p>\n<p><strong>Au\u00dferdem w\u00fcrden wir darum bitten, dass darauf geachtet wird, dass auch die Journalist*innen beim Frontblock Flintas* sind.<\/strong><\/p>\n<p><strong>Wir freuen uns auf euch!<\/strong><\/p>\n<p>Flinta* = Frauen, Lesben, Inter, Nonbin\u00e4r, Trans, Agender<br \/>\nTERF = trans exclusionary radical feminist<br \/>\nSWERF = sex worker exclusionary radical feminist<\/p>\n<hr \/>\n<p>As a feminist day of struggle, 8 March should be a day on which especially Flinta* people have the opportunity to go out on the streets together and angrily and declare war on patriarchy.<\/p>\n<p>But in recent years we have increasingly had the feeling that a militant perspective on 8 March has been lost more and more.<\/p>\n<p>We have noticed that people have been missing this militant perspective on 8 March and that for some it feels like the original day of struggle has become a holiday.<\/p>\n<p>Celebrating can also be important to empower each other and to get new strength together. But we think that there should also be a way to collectively show the patriarchal system all the pain and anger we carry inside.<\/p>\n<p><strong>We want to take to the streets again this 8th of March, loud and angry. That is why we are calling for a queerfeminist evening demonstration.<\/strong><\/p>\n<p>We will meet on 8 March at 18:00 at Spreewaldplatz in Kreuzberg.<\/p>\n<p><strong>The demo is NOT Flinta* only<\/strong>, <span style=\"color: #ff0000\"><strong>but there will be a Flinta* front block where all Flinta* people are welcome.<\/strong><\/span><\/p>\n<p>Feel free to take transpis and organise into affinity groups and leave your mobile phone at home.<\/p>\n<p>TERFs and SWERFs are not welcome at the demo. Please wear masks and feel free to come tested, leave any group or party flags at home and make sure together that all people feel comfortable at the demo.<\/p>\n<p>There will also be an awareness concept and awareness people will be present.<\/p>\n<p><strong>We would also like to ask you to make sure that the journalists are also at the Frontblock Flintas*.<\/strong><\/p>\n<p><strong>We are looking forward to seeing you!<\/strong><\/p>\n<p>Flinta* = Women, Lesbian, Inter, Nonbinary, Trans, Agender<br \/>\nTERF = trans exclusionary radical feminist<br \/>\nSWERF = sex worker exclusionary radical feminist<\/p>\n","protected":false},"excerpt":{"rendered":"<p>\ud83d\udca5Mittwoch 08.03.2023\ud83d\udca5 wir berichten am Mittwoch #b0803\u00a0ab 18:00 Uhr von der Demonstration \ud83d\udd25ABENDDEMO FIGHT BY NIGHT!\ud83d\udd25 Mittwoch, 08.03.2023 | 18:00 Uhr | Spreewaldplatz 10999 Berlin Anreise: U1, U3 G\u00f6rlitzer Bahnhof | Bus M29 Spreewaldplatz Web-Ticker:\u00a0https:\/\/berlin.demoticker.org Mastodon:\u00a0@Demo_Ticker_Berlin@todon.eu Telegram Ticker:\u00a0https:\/\/t.me\/demotickerberlin Telegram Ticker English:\u00a0https:\/\/t.me\/demotickerEng Twitter Accounts: \ud83d\udce2@demo_ticker Twitter Hashtags: #b0803 #8M2023 \ud83d\udce3Aufruf&#8230; \ud83d\uddfa\ufe0f\u00a0Voraussichtliche Route: Spreewaldplatz Wiener Stra\u00dfe Manteuffelstra\u00dfe &hellip; <\/p>\n<p class=\"link-more\"><a href=\"https:\/\/demotickerberlin.noblogs.org\/?p=2989\" class=\"more-link\"><span class=\"screen-reader-text\">\u201eABENDDEMO FIGHT BY NIGHT! (08.03.2023)\u201c <\/span>weiterlesen<\/a><\/p>\n","protected":false},"author":13687,"featured_media":0,"comment_status":"closed","ping_status":"closed","sticky":false,"template":"","format":"aside","meta":{"footnotes":""},"categories":[15],"tags":[79,78],"class_list":["post-2989","post","type-post","status-publish","format-aside","hentry","category-feministische-kaempfe","tag-8m2023","tag-b0803","post_format-post-format-aside"],"_links":{"self":[{"href":"https:\/\/demotickerberlin.noblogs.org\/index.php?rest_route=\/wp\/v2\/posts\/2989","targetHints":{"allow":["GET"]}}],"collection":[{"href":"https:\/\/demotickerberlin.noblogs.org\/index.php?rest_route=\/wp\/v2\/posts"}],"about":[{"href":"https:\/\/demotickerberlin.noblogs.org\/index.php?rest_route=\/wp\/v2\/types\/post"}],"author":[{"embeddable":true,"href":"https:\/\/demotickerberlin.noblogs.org\/index.php?rest_route=\/wp\/v2\/users\/13687"}],"replies":[{"embeddable":true,"href":"https:\/\/demotickerberlin.noblogs.org\/index.php?rest_route=%2Fwp%2Fv2%2Fcomments&post=2989"}],"version-history":[{"count":1,"href":"https:\/\/demotickerberlin.noblogs.org\/index.php?rest_route=\/wp\/v2\/posts\/2989\/revisions"}],"predecessor-version":[{"id":2990,"href":"https:\/\/demotickerberlin.noblogs.org\/index.php?rest_route=\/wp\/v2\/posts\/2989\/revisions\/2990"}],"wp:attachment":[{"href":"https:\/\/demotickerberlin.noblogs.org\/index.php?rest_route=%2Fwp%2Fv2%2Fmedia&parent=2989"}],"wp:term":[{"taxonomy":"category","embeddable":true,"href":"https:\/\/demotickerberlin.noblogs.org\/index.php?rest_route=%2Fwp%2Fv2%2Fcategories&post=2989"},{"taxonomy":"post_tag","embeddable":true,"href":"https:\/\/demotickerberlin.noblogs.org\/index.php?rest_route=%2Fwp%2Fv2%2Ftags&post=2989"}],"curies":[{"name":"wp","href":"https:\/\/api.w.org\/{rel}","templated":true}]}}