{"id":2997,"date":"2023-03-12T18:45:38","date_gmt":"2023-03-12T17:45:38","guid":{"rendered":"https:\/\/demotickerberlin.noblogs.org\/?p=2997"},"modified":"2023-03-12T20:06:36","modified_gmt":"2023-03-12T19:06:36","slug":"dax-vive-gedenken-an-davide-dax-cesare-vor-20-jahren-von-nazis-in-mailand-ermordet-17-03-2023","status":"publish","type":"post","link":"https:\/\/demotickerberlin.noblogs.org\/?p=2997","title":{"rendered":"DAX VIVE! Gedenken an Davide \u201eDax&#8220; Cesare. Vor 20 Jahren von Nazis in Mailand ermordet. (17.03.2023)"},"content":{"rendered":"<p><img loading=\"lazy\" decoding=\"async\" class=\"alignnone size-full wp-image-5504\" src=\"https:\/\/asanb.noblogs.org\/files\/2023\/03\/b1703_1_0.jpg\" alt=\"\" width=\"1240\" height=\"1748\" \/><\/p>\n<p><strong>\ud83d\udca5Freitag 17.03.2023\ud83d\udca5<\/strong><\/p>\n<p>wir berichten am Freitag <a class=\"css-4rbku5 css-18t94o4 css-901oao css-16my406 r-1cvl2hr r-1loqt21 r-poiln3 r-b88u0q r-bcqeeo r-1ny4l3l r-1ddef8g r-tjvw6i r-qvutc0\" dir=\"ltr\" role=\"link\" href=\"https:\/\/twitter.com\/hashtag\/b1703?src=hashtag_click\" target=\"_blank\" rel=\"noopener\">#b1703<\/a>\u00a0<strong>ab 18:00 Uhr<\/strong> von der Kundgebung und Demonstration<\/p>\n<p><strong>\ud83d\udd25DAX VIVE! Gedenken an Davide \u201eDax&#8220; Cesare.\ud83d\udd25<\/strong><br \/>\n<strong>\ud83d\udd25Vor 20 Jahren von Nazis in Mailand ermordet.\ud83d\udd25<\/strong><\/p>\n<p><strong>Freitag, 17.03.2023 | 18:00 Uhr | Gr\u00fcnberger Stra\u00dfe 73 10245 Berlin<\/strong><\/p>\n<p><strong>Anreise: U5 Samariter Stra\u00dfe, Bus 240, Tram 21 Wismarplatz, M13 Simplonstra\u00dfe oder W\u00fchlischstra\u00dfe<\/strong><\/p>\n<p>Web-Ticker:\u00a0<a href=\"https:\/\/berlin.demoticker.org\/\" target=\"_blank\" rel=\"noreferrer noopener\">https:\/\/berlin.demoticker.org<\/a><br \/>\nMastodon:\u00a0<a href=\"https:\/\/todon.eu\/@Demo_Ticker_Berlin\" target=\"_blank\" rel=\"noreferrer noopener\">@Demo_Ticker_Berlin@todon.eu<\/a><br \/>\nTelegram Ticker:\u00a0<a href=\"https:\/\/t.me\/demotickerberlin\" target=\"_blank\" rel=\"noreferrer noopener\">https:\/\/t.me\/demotickerberlin<\/a><br \/>\nTelegram Ticker English:\u00a0<a href=\"https:\/\/t.me\/demotickerEng\" target=\"_blank\" rel=\"noreferrer noopener\">https:\/\/t.me\/demotickerEng<\/a><br \/>\nTwitter Accounts: \ud83d\udce2<a href=\"https:\/\/twitter.com\/demo_ticker\" target=\"_blank\" rel=\"noreferrer noopener\">@demo_ticker<\/a><br \/>\nTwitter Hashtags: <a class=\"css-4rbku5 css-18t94o4 css-901oao css-16my406 r-1cvl2hr r-1loqt21 r-poiln3 r-b88u0q r-bcqeeo r-1ny4l3l r-1ddef8g r-tjvw6i r-qvutc0\" dir=\"ltr\" role=\"link\" href=\"https:\/\/twitter.com\/hashtag\/b1703?src=hashtag_click\" target=\"_blank\" rel=\"noopener\">#b1703<\/a> <span class=\"r-18u37iz\"><a class=\"css-4rbku5 css-18t94o4 css-901oao css-16my406 r-1cvl2hr r-1loqt21 r-poiln3 r-bcqeeo r-qvutc0\" dir=\"ltr\" role=\"link\" href=\"https:\/\/twitter.com\/hashtag\/DAXVIVE?src=hashtag_click\" target=\"_blank\" rel=\"noopener\">#DAXVIVE<\/a><\/span><span class=\"css-901oao css-16my406 r-poiln3 r-bcqeeo r-qvutc0\">!<\/span><\/p>\n<p>\ud83d\udce3 <a href=\"https:\/\/de.indymedia.org\/node\/265336\" target=\"_blank\" rel=\"noopener\">Indymedia Aufruf&#8230;<\/a><\/p>\n<ul>\n<li><span class=\"css-901oao css-16my406 r-poiln3 r-bcqeeo r-qvutc0\">18:00 Kundgebung <\/span>Gr\u00fcnberger Stra\u00dfe 73<\/li>\n<li><span class=\"css-901oao css-16my406 r-poiln3 r-bcqeeo r-qvutc0\">19:30 Demo<\/span><\/li>\n<li><span class=\"css-901oao css-16my406 r-poiln3 r-bcqeeo r-qvutc0\">21:00 Tresen im Zielona Gora<\/span><\/li>\n<\/ul>\n<p><strong>\ud83d\uddfa\ufe0f Voraussichtliche Route:<\/strong><\/p>\n<ul>\n<li>Gabriel-Max-Stra\u00dfe \/ Krossener Stra\u00dfe<\/li>\n<li>Krossener Stra\u00dfe<\/li>\n<li>Simon-Dach-Stra\u00dfe<\/li>\n<li>Revaler Stra\u00dfe<\/li>\n<li>Warschauer Stra\u00dfe<\/li>\n<li>Gr\u00fcnberger Stra\u00dfe<\/li>\n<li>Simon-Dach-Stra\u00dfe<\/li>\n<li>Boxhagener Stra\u00dfe<\/li>\n<li>G\u00e4rtner Stra\u00dfe<\/li>\n<li>G\u00e4rtner Stra\u00dfe \/ Krossener Stra\u00dfe<\/li>\n<\/ul>\n<p>Davide Cesare, den all seine Freund*innen \u201eDax&#8220; nannten, war am Abend des 16. M\u00e4rz 2003 mit Freunden im Stadtteil Ticinese in Mailand unterwegs. Hier wurden sie von drei Faschisten mit Messern angegriffen und schwer verletzt. W\u00e4hrend Dax im Krankenhaus um sein Leben rang und schlie\u00dflich starb, wurden seine Freund*innen und Genoss*innen, die vor dem Hospital warteten, von der Polizei angegriffen. Seit dieser \u201eSchwarzen Nacht&#8220; erinnert die antifaschistische und soziale Bewegung in Mailand an diesen feigen, rechten Mord.<\/p>\n<p>Da Dax und seine Leute aus der Bewegung der Sozialen Zentren kamen, war der 16. M\u00e4rz zugleich auch immer ein antikapitalistischer Gedenktag. Wenn vom 16. bis zum 19. M\u00e4rz in Mailand an Dax gedacht wird, dann wird dies ein intergenerationelles Zusammenkommen verschiedener linker Bewegungen.<\/p>\n<p>Wir wollen es ihnen gleich tun und rufen darum am 17. M\u00e4rz zu einem internationalistischen und antifaschistischen Gedenken in Berlin auf.<\/p>\n<p>Wir laden hiermit alle Antifaschist*innen dazu ein, gemeinsam an Dax zu erinnern und laut zu werden gegen den aktuellen Rechtsruck unter der Meloni-Regierung. Wir solidarisieren uns mit den sozialen Bewegungen in Italien, die immer wieder mit harter Repression \u00fcberzogen werden und mit dem anarchistischen Gefangenen Alfredo Cospito, der sich seit Oktober im Hungerstreik befindet.<\/p>\n<p>F\u00fcr den 17. M\u00e4rz organisieren wir darum eine Gedenkundgebun am Boxhagener Platz und im Anschluss daran eine Demo durch den Kiez. Danach laden wir euch in den Stadtteilladen Zielona Gora ein, zum Solitresen f\u00fcr Antifas aus Mailand und die &#8222;Free Alfredo!&#8220;-Kampagne (NO41BIS &#8211; Isolation is torture).<\/p>\n<p><strong>Im Gedenken an den Ermordeten!<\/strong><br \/>\n<strong>Im Kampf f\u00fcr die Lebenden und das Leben!<\/strong><br \/>\n<strong>Lang lebe Davide \u201eDax&#8220; Cesare!<\/strong><br \/>\n<strong>Freiheit f\u00fcr Alfredo Cospito!<\/strong><\/p>\n","protected":false},"excerpt":{"rendered":"<p>\ud83d\udca5Freitag 17.03.2023\ud83d\udca5 wir berichten am Freitag #b1703\u00a0ab 18:00 Uhr von der Kundgebung und Demonstration \ud83d\udd25DAX VIVE! Gedenken an Davide \u201eDax&#8220; Cesare.\ud83d\udd25 \ud83d\udd25Vor 20 Jahren von Nazis in Mailand ermordet.\ud83d\udd25 Freitag, 17.03.2023 | 18:00 Uhr | Gr\u00fcnberger Stra\u00dfe 73 10245 Berlin Anreise: U5 Samariter Stra\u00dfe, Bus 240, Tram 21 Wismarplatz, M13 Simplonstra\u00dfe oder W\u00fchlischstra\u00dfe Web-Ticker:\u00a0https:\/\/berlin.demoticker.org Mastodon:\u00a0@Demo_Ticker_Berlin@todon.eu &hellip; <\/p>\n<p class=\"link-more\"><a href=\"https:\/\/demotickerberlin.noblogs.org\/?p=2997\" class=\"more-link\"><span class=\"screen-reader-text\">\u201eDAX VIVE! Gedenken an Davide \u201eDax&#8220; Cesare. Vor 20 Jahren von Nazis in Mailand ermordet. (17.03.2023)\u201c <\/span>weiterlesen<\/a><\/p>\n","protected":false},"author":13687,"featured_media":0,"comment_status":"closed","ping_status":"closed","sticky":false,"template":"","format":"aside","meta":{"footnotes":""},"categories":[1],"tags":[84,85],"class_list":["post-2997","post","type-post","status-publish","format-aside","hentry","category-general","tag-b1703","tag-daxvive","post_format-post-format-aside"],"_links":{"self":[{"href":"https:\/\/demotickerberlin.noblogs.org\/index.php?rest_route=\/wp\/v2\/posts\/2997","targetHints":{"allow":["GET"]}}],"collection":[{"href":"https:\/\/demotickerberlin.noblogs.org\/index.php?rest_route=\/wp\/v2\/posts"}],"about":[{"href":"https:\/\/demotickerberlin.noblogs.org\/index.php?rest_route=\/wp\/v2\/types\/post"}],"author":[{"embeddable":true,"href":"https:\/\/demotickerberlin.noblogs.org\/index.php?rest_route=\/wp\/v2\/users\/13687"}],"replies":[{"embeddable":true,"href":"https:\/\/demotickerberlin.noblogs.org\/index.php?rest_route=%2Fwp%2Fv2%2Fcomments&post=2997"}],"version-history":[{"count":3,"href":"https:\/\/demotickerberlin.noblogs.org\/index.php?rest_route=\/wp\/v2\/posts\/2997\/revisions"}],"predecessor-version":[{"id":3000,"href":"https:\/\/demotickerberlin.noblogs.org\/index.php?rest_route=\/wp\/v2\/posts\/2997\/revisions\/3000"}],"wp:attachment":[{"href":"https:\/\/demotickerberlin.noblogs.org\/index.php?rest_route=%2Fwp%2Fv2%2Fmedia&parent=2997"}],"wp:term":[{"taxonomy":"category","embeddable":true,"href":"https:\/\/demotickerberlin.noblogs.org\/index.php?rest_route=%2Fwp%2Fv2%2Fcategories&post=2997"},{"taxonomy":"post_tag","embeddable":true,"href":"https:\/\/demotickerberlin.noblogs.org\/index.php?rest_route=%2Fwp%2Fv2%2Ftags&post=2997"}],"curies":[{"name":"wp","href":"https:\/\/api.w.org\/{rel}","templated":true}]}}