{"id":3003,"date":"2023-03-19T17:42:03","date_gmt":"2023-03-19T16:42:03","guid":{"rendered":"https:\/\/demotickerberlin.noblogs.org\/?p=3003"},"modified":"2023-03-19T17:43:30","modified_gmt":"2023-03-19T16:43:30","slug":"demo-zum-neukoelln-komplex-25-03-2023","status":"publish","type":"post","link":"https:\/\/demotickerberlin.noblogs.org\/?p=3003","title":{"rendered":"Demo zum Neuk\u00f6lln-Komplex! (25.03.2023)"},"content":{"rendered":"<p><img loading=\"lazy\" decoding=\"async\" class=\"alignnone size-full wp-image-5519\" src=\"https:\/\/asanb.noblogs.org\/files\/2023\/03\/b2503_1_1.jpg\" alt=\"\" width=\"1080\" height=\"1080\" \/><\/p>\n<p><strong>\ud83d\udca5Samstag 25<\/strong><strong>.03.2023\ud83d\udca5<\/strong><\/p>\n<p>wir berichten am Samstag <a class=\"css-4rbku5 css-18t94o4 css-901oao css-16my406 r-1cvl2hr r-1loqt21 r-poiln3 r-bcqeeo r-1ny4l3l r-1ddef8g r-tjvw6i r-qvutc0\" dir=\"ltr\" style=\"font-size: 1rem\" role=\"link\" href=\"https:\/\/twitter.com\/hashtag\/b2503?src=hashtag_click\" target=\"_blank\" rel=\"noopener\">#b2503<\/a>\u00a0<strong>ab 11:00 Uhr<\/strong>\u00a0von der Demonstration<\/p>\n<p><strong>\ud83d\udd25Demo zum Neuk\u00f6lln-Komplex!\ud83d\udd25<\/strong><\/p>\n<p><strong>Samstag, 25.03.2023 | 11:00 Uhr | Alt-Rudow, 12355 Berlin<\/strong><\/p>\n<p><strong>Anreise: U7, Bus\u00a0 162, 171, 172, 260, 371, 744, X7, X71 Rudow | Bus 271, 372 Alt-Rudow\/K\u00f6penicker Stra\u00dfe<\/strong><\/p>\n<p>Web-Ticker:\u00a0<a href=\"https:\/\/berlin.demoticker.org\/\" target=\"_blank\" rel=\"noreferrer noopener\">https:\/\/berlin.demoticker.org<\/a><br \/>\nMastodon:\u00a0<a href=\"https:\/\/todon.eu\/@Demo_Ticker_Berlin\" target=\"_blank\" rel=\"noreferrer noopener\">@Demo_Ticker_Berlin@todon.eu<\/a><br \/>\nTelegram Ticker:\u00a0<a href=\"https:\/\/t.me\/demotickerberlin\" target=\"_blank\" rel=\"noreferrer noopener\">https:\/\/t.me\/demotickerberlin<\/a><br \/>\nTelegram Ticker English:\u00a0<a href=\"https:\/\/t.me\/demotickerEng\" target=\"_blank\" rel=\"noreferrer noopener\">https:\/\/t.me\/demotickerEng<\/a><br \/>\nTwitter Accounts: \ud83d\udce2<a href=\"https:\/\/twitter.com\/demo_ticker\" target=\"_blank\" rel=\"noreferrer noopener\">@demo_ticker<\/a><br \/>\nTwitter Hashtags: <a class=\"css-4rbku5 css-18t94o4 css-901oao css-16my406 r-1cvl2hr r-1loqt21 r-poiln3 r-bcqeeo r-1ny4l3l r-1ddef8g r-tjvw6i r-qvutc0\" dir=\"ltr\" style=\"font-size: 1rem\" role=\"link\" href=\"https:\/\/twitter.com\/hashtag\/b2503?src=hashtag_click\" target=\"_blank\" rel=\"noopener\">#b2503<\/a><span style=\"font-size: 1rem\">\u00a0<\/span><a class=\"css-4rbku5 css-18t94o4 css-901oao css-16my406 r-1cvl2hr r-1loqt21 r-poiln3 r-bcqeeo r-1ny4l3l r-1ddef8g r-tjvw6i r-qvutc0\" dir=\"ltr\" style=\"font-size: 1rem\" role=\"link\" href=\"https:\/\/twitter.com\/hashtag\/Neuk%C3%B6llnKomplex?src=hashtag_click\" target=\"_blank\" rel=\"noopener\">#Neuk\u00f6llnKomplex<\/a><\/p>\n<p>\ud83d\udce3 <a href=\"https:\/\/aze.tem.li\/\" target=\"_blank\" rel=\"noopener\">Aufruf&#8230;<\/a><\/p>\n<p><strong>\ud83d\uddfa\ufe0f Voraussichtliche Route:<\/strong><\/p>\n<ul>\n<li>Alte Dorfschule 60<\/li>\n<li>Neuk\u00f6llner Stra\u00dfe<\/li>\n<li>Fritz-Erler-Allee<\/li>\n<li>Lipschitzallee<\/li>\n<li>Rudower Stra\u00dfe<\/li>\n<li>Johannisthaler Chaussee<\/li>\n<li>Fritz-Erler-Allee<\/li>\n<li>Kormoranweg<\/li>\n<li>Rudower Stra\u00dfe Ecke M\u00f6wenweg (am Gedenkort Burak Bektas)<\/li>\n<\/ul>\n<p id=\"block-eae71c2a-e05b-41b7-9fc9-a536d860ecdd\"><strong>25. M\u00e4rz Menschenkette und Kundgebung von \u201eRudow emp\u00f6rt sich\u201c 11 bis 12 Uhr &amp; Demo ab 12 Uhr vor der Alten Dorfschule (Alt-Rudow 60)<\/strong><\/p>\n<p>Die Morde an Burak Bekta\u015f und Luke Holland, zahlreiche (Brand-)Anschl\u00e4ge, Drohungen sowie die Verbreitung und Verwendung von Nazi-Symbolen: Seit 2009 ver\u00fcbten Rechte mindestens 157 Taten in Berlin-Neuk\u00f6lln. Im Rahmen des seit dem so genannten Neuk\u00f6lln-Komplexes. Die Aktivit\u00e4ten der Neonazis in Neuk\u00f6lln reichen jedoch bis weit vor 2009 zur\u00fcck und zeigen eine kontinuierliche Vernetzung und Organisation von Neonazis in ganz Berlin.<\/p>\n<p>Trotz der Hinweise auf bekannte Neonazis wurden die Taten \u00fcber Jahre nicht aufgekl\u00e4rt. Vielmehr fielen Beamt*innen von Polizei und Staatsanwaltschaft durch rassistische Taten oder Aussagen auf, gaben Daten an Neonazis weiter oder hielten Informationen \u00fcber akute rechte Bedrohungen zur\u00fcck.<\/p>\n<p>Es waren Betroffene und Engagierte, die die Aufarbeitung ma\u00dfgeblich vorangetrieben und eingefordert haben. Zwar wurde von staatlicher Seite ein Versagen der Sicherheitsbeh\u00f6rden zugegeben, Konsequenzen blieben jedoch aus. Die Aufarbeitung der Terrorserie vor Gericht war ein Desaster und zeigt das strukturelle Beh\u00f6rdenversagen nochmals auf. Vernetzungen und gemeinsame Planungen waren nie Gegenstand der Anklage. T\u00e4ter werden zu Einzelt\u00e4tern, ihre Taten zu Einzeltaten. Das ist ein fatales Signal an die militante Neonazi-Szene!<\/p>\n<p>Auch auf parlamentarischer Ebene wurde die Aufkl\u00e4rung lange Zeit verhindert. Erst nach jahrelanger Arbeit und unerm\u00fcdlichen Druck von den Betroffenen und ihrer Initiativen wurde im Juni 2022 ein Untersuchungsausschuss eingesetzt. Dieser sollte die rechtsextreme Anschlagsserie in Neuk\u00f6lln aufkl\u00e4ren und Gegen-Strategien entwickeln. Die Weigerung relevante Akten aus den Sicherheitsbeh\u00f6rden dem Ausschuss zur Verf\u00fcgung zu stellen, trug dazu bei, dass es bisher keinerlei neue Erkenntnisse gab. Nach der Wiederholungswahl muss der Untersuchungsausschuss erst wieder neu eingesetzt werden. Daf\u00fcr braucht es unseren Druck!<\/p>\n<p>Es sind bereits Burak Bekta\u015f (05.04.2012) und Luke Holland (20.09.2015) ermordet worden. M\u00fcssen noch weitere Menschen sterben, ehe gegen die Neonazi-Strukturen in Neuk\u00f6lln und den \u00fcbrigen Berliner Bezirken ermittelt wird?<\/p>\n<p><strong>Wir fordern:<\/strong><\/p>\n<ul>\n<li>Die l\u00fcckenlose Aufkl\u00e4rung des Neuk\u00f6lln-Komplex!<\/li>\n<li>Rechte Netzwerke bei Polizei, Staatsanwaltschaft und Verfassungsschutz zerschlagen!<\/li>\n<li>Rechten Terror als solchen benennen, aufkl\u00e4ren und bek\u00e4mpfen!<\/li>\n<li>Weitergabe von Daten an Rechte aufdecken und beenden!<\/li>\n<\/ul>\n<p><strong>Kommt zur Kundgebung und Demo am 25.3. nach Rudow!<\/strong><\/p>\n<p><strong>Lasst uns den T\u00e4tern und den Verantwortlichen in Politik sowie Sicherheitsbeh\u00f6rden zeigen, dass wir keine Ruhe geben: Neuk\u00f6lln-Komplex aufkl\u00e4ren!<\/strong><\/p>\n<p><strong>Konsequenzen f\u00fcr T\u00e4ter*innen und ihre Unterst\u00fctzer*innen bei den Sicherheitsbeh\u00f6rden!<\/strong><\/p>\n<p>Mehr Infos auf: <a href=\"https:\/\/www.nkwatch.info\/chronik\/\" target=\"_blank\" rel=\"noopener\">https:\/\/www.nkwatch.info\/chronik\/<\/a><\/p>\n","protected":false},"excerpt":{"rendered":"<p>\ud83d\udca5Samstag 25.03.2023\ud83d\udca5 wir berichten am Samstag #b2503\u00a0ab 11:00 Uhr\u00a0von der Demonstration \ud83d\udd25Demo zum Neuk\u00f6lln-Komplex!\ud83d\udd25 Samstag, 25.03.2023 | 11:00 Uhr | Alt-Rudow, 12355 Berlin Anreise: U7, Bus\u00a0 162, 171, 172, 260, 371, 744, X7, X71 Rudow | Bus 271, 372 Alt-Rudow\/K\u00f6penicker Stra\u00dfe Web-Ticker:\u00a0https:\/\/berlin.demoticker.org Mastodon:\u00a0@Demo_Ticker_Berlin@todon.eu Telegram Ticker:\u00a0https:\/\/t.me\/demotickerberlin Telegram Ticker English:\u00a0https:\/\/t.me\/demotickerEng Twitter Accounts: \ud83d\udce2@demo_ticker Twitter Hashtags: #b2503\u00a0#Neuk\u00f6llnKomplex \ud83d\udce3 &hellip; <\/p>\n<p class=\"link-more\"><a href=\"https:\/\/demotickerberlin.noblogs.org\/?p=3003\" class=\"more-link\"><span class=\"screen-reader-text\">\u201eDemo zum Neuk\u00f6lln-Komplex! (25.03.2023)\u201c <\/span>weiterlesen<\/a><\/p>\n","protected":false},"author":13687,"featured_media":0,"comment_status":"closed","ping_status":"closed","sticky":false,"template":"","format":"aside","meta":{"footnotes":""},"categories":[12],"tags":[86,87],"class_list":["post-3003","post","type-post","status-publish","format-aside","hentry","category-antifa-demos","tag-b2503","tag-neukoellnkomplex","post_format-post-format-aside"],"_links":{"self":[{"href":"https:\/\/demotickerberlin.noblogs.org\/index.php?rest_route=\/wp\/v2\/posts\/3003","targetHints":{"allow":["GET"]}}],"collection":[{"href":"https:\/\/demotickerberlin.noblogs.org\/index.php?rest_route=\/wp\/v2\/posts"}],"about":[{"href":"https:\/\/demotickerberlin.noblogs.org\/index.php?rest_route=\/wp\/v2\/types\/post"}],"author":[{"embeddable":true,"href":"https:\/\/demotickerberlin.noblogs.org\/index.php?rest_route=\/wp\/v2\/users\/13687"}],"replies":[{"embeddable":true,"href":"https:\/\/demotickerberlin.noblogs.org\/index.php?rest_route=%2Fwp%2Fv2%2Fcomments&post=3003"}],"version-history":[{"count":1,"href":"https:\/\/demotickerberlin.noblogs.org\/index.php?rest_route=\/wp\/v2\/posts\/3003\/revisions"}],"predecessor-version":[{"id":3004,"href":"https:\/\/demotickerberlin.noblogs.org\/index.php?rest_route=\/wp\/v2\/posts\/3003\/revisions\/3004"}],"wp:attachment":[{"href":"https:\/\/demotickerberlin.noblogs.org\/index.php?rest_route=%2Fwp%2Fv2%2Fmedia&parent=3003"}],"wp:term":[{"taxonomy":"category","embeddable":true,"href":"https:\/\/demotickerberlin.noblogs.org\/index.php?rest_route=%2Fwp%2Fv2%2Fcategories&post=3003"},{"taxonomy":"post_tag","embeddable":true,"href":"https:\/\/demotickerberlin.noblogs.org\/index.php?rest_route=%2Fwp%2Fv2%2Ftags&post=3003"}],"curies":[{"name":"wp","href":"https:\/\/api.w.org\/{rel}","templated":true}]}}