{"id":3006,"date":"2023-03-22T21:02:10","date_gmt":"2023-03-22T20:02:10","guid":{"rendered":"https:\/\/demotickerberlin.noblogs.org\/?p=3006"},"modified":"2023-03-22T21:02:10","modified_gmt":"2023-03-22T20:02:10","slug":"afd-bundeszentrale-verhindern-25-03-2023","status":"publish","type":"post","link":"https:\/\/demotickerberlin.noblogs.org\/?p=3006","title":{"rendered":"AfD Bundeszentrale verhindern! (25.03.2023)"},"content":{"rendered":"<p><img loading=\"lazy\" decoding=\"async\" class=\"alignnone size-full wp-image-5528\" src=\"https:\/\/asanb.noblogs.org\/files\/2023\/03\/b2503_2_1.jpg\" alt=\"\" width=\"1080\" height=\"1080\" \/><\/p>\n<p><strong>\ud83d\udca5Samstag 25<\/strong><strong>.03.2023\ud83d\udca5<\/strong><\/p>\n<p>wir berichten am Samstag\u00a0<a class=\"css-4rbku5 css-18t94o4 css-901oao css-16my406 r-1cvl2hr r-1loqt21 r-poiln3 r-bcqeeo r-1ny4l3l r-1ddef8g r-tjvw6i r-qvutc0\" dir=\"ltr\" role=\"link\" href=\"https:\/\/twitter.com\/hashtag\/b2503?src=hashtag_click\" target=\"_blank\" rel=\"noopener\">#b2503<\/a>\u00a0<strong>ab 17:00 Uhr<\/strong>\u00a0von der Demonstration<\/p>\n<p><strong>\ud83d\udd25AfD Bundeszentrale verhindern!\ud83d\udd25<\/strong><\/p>\n<p><strong>Samstag, 25.03.2023 | 17:00 Uhr | S+U Wittenau, 13435 Berlin<\/strong><\/p>\n<p><strong>Anreise: U8, S1, S26, Bus 122, 124, 221, M21, X21, X33<\/strong><\/p>\n<p><strong>\u26a0\ufe0fHinweis! <a href=\"https:\/\/asanb.noblogs.org\/?p=5518\" target=\"_blank\" rel=\"noopener\">Von der Demo\u00a0zum Neuk\u00f6lln-Komplex!<\/a> in knapp einer Stunde zu erreichen!<\/strong><\/p>\n<p>Web-Ticker:\u00a0<a href=\"https:\/\/berlin.demoticker.org\/\" target=\"_blank\" rel=\"noreferrer noopener\">https:\/\/berlin.demoticker.org<\/a><br \/>\nMastodon:\u00a0<a href=\"https:\/\/todon.eu\/@Demo_Ticker_Berlin\" target=\"_blank\" rel=\"noreferrer noopener\">@Demo_Ticker_Berlin@todon.eu<\/a><br \/>\nTelegram Ticker:\u00a0<a href=\"https:\/\/t.me\/demotickerberlin\" target=\"_blank\" rel=\"noreferrer noopener\">https:\/\/t.me\/demotickerberlin<\/a><br \/>\nTelegram Ticker English:\u00a0<a href=\"https:\/\/t.me\/demotickerEng\" target=\"_blank\" rel=\"noreferrer noopener\">https:\/\/t.me\/demotickerEng<\/a><br \/>\nTwitter Accounts: \ud83d\udce2<a href=\"https:\/\/twitter.com\/demo_ticker\" target=\"_blank\" rel=\"noreferrer noopener\">@demo_ticker<\/a><br \/>\nTwitter Hashtags: <a class=\"css-4rbku5 css-18t94o4 css-901oao css-16my406 r-1cvl2hr r-1loqt21 r-poiln3 r-bcqeeo r-1ny4l3l r-1ddef8g r-tjvw6i r-qvutc0\" dir=\"ltr\" role=\"link\" href=\"https:\/\/twitter.com\/hashtag\/b2503?src=hashtag_click\" target=\"_blank\" rel=\"noopener\">#b2503<\/a> <a class=\"css-4rbku5 css-18t94o4 css-901oao css-16my406 r-1cvl2hr r-1loqt21 r-poiln3 r-b88u0q r-bcqeeo r-qvutc0\" dir=\"ltr\" role=\"link\" href=\"https:\/\/twitter.com\/hashtag\/NoNazis?src=hashtag_click\">#NoNazis<\/a> <a class=\"css-4rbku5 css-18t94o4 css-901oao css-16my406 r-1cvl2hr r-1loqt21 r-poiln3 r-bcqeeo r-1ny4l3l r-1ddef8g r-tjvw6i r-qvutc0\" dir=\"ltr\" role=\"link\" href=\"https:\/\/twitter.com\/search?q=%23NoAfD&amp;src=hashtag_click\">#NoAfD<\/a><\/p>\n<p>\ud83d\udce3<a href=\"https:\/\/www.instagram.com\/p\/CqAW5CfMqYB\/\" target=\"_blank\" rel=\"noopener\">Aufruf&#8230;<\/a><\/p>\n<p><strong>\ud83d\uddfa\ufe0f Voraussichtliche Route:<\/strong><\/p>\n<ul>\n<li>Wilhelmsruher Damm<\/li>\n<li>Finsterwalder Stra\u00dfe<\/li>\n<li>Eichhorster Weg<\/li>\n<li>Wallenroder Stra\u00dfe<\/li>\n<li>Wallenroder Stra\u00dfe 1 (ZK)<\/li>\n<li>Eichhorster Weg bis Finsterwalder Stra\u00dfe<\/li>\n<li>Wilhelmsruher Damm<\/li>\n<li>Wilhelmsruher Damm am U-Bhf. Wittenau<\/li>\n<\/ul>\n<p>Die AFD plant Ihre neue Bundeszentrale in Berlin Wittenau in der Wallenroder Stra\u00dfe 1.\u00a0 Auf zwei Stockwerken sollen hier in Zukunft B\u00fcro und Versammlungsr\u00e4ume f\u00fcr bis zu 200 Menschen entstehen und Veranstaltungen stattfinden. In Wittenau soll es damit ein bundesweites Zentrum f\u00fcr rechte Hetze geben.<\/p>\n<p><strong> Rassistische, antimigrantische, antifeministische und anti-LBTGIA+ Propaganda und Aktionen w\u00fcrden von der Parteizentrale koordiniert werden und Menschen \u00fcberall gef\u00e4hrden.<\/strong><\/p>\n<p><strong>Es steht die reale Gefahr im Raum, dass die R\u00e4ume schon bald an die AFD verkauft werden. <\/strong><\/p>\n<p><strong>Wir stellen uns entschlossen gegen die neue AFD-Bundeszentrale in Wittenau.<\/strong><\/p>\n<p><strong>Kommt zu unserer Demo am 25.03.2023, um eure Wut auf die faschistische Politik der AFD zu zeigen und die Bundeszentrale zu verhindern.<\/strong><\/p>\n","protected":false},"excerpt":{"rendered":"<p>\ud83d\udca5Samstag 25.03.2023\ud83d\udca5 wir berichten am Samstag\u00a0#b2503\u00a0ab 17:00 Uhr\u00a0von der Demonstration \ud83d\udd25AfD Bundeszentrale verhindern!\ud83d\udd25 Samstag, 25.03.2023 | 17:00 Uhr | S+U Wittenau, 13435 Berlin Anreise: U8, S1, S26, Bus 122, 124, 221, M21, X21, X33 \u26a0\ufe0fHinweis! Von der Demo\u00a0zum Neuk\u00f6lln-Komplex! in knapp einer Stunde zu erreichen! Web-Ticker:\u00a0https:\/\/berlin.demoticker.org Mastodon:\u00a0@Demo_Ticker_Berlin@todon.eu Telegram Ticker:\u00a0https:\/\/t.me\/demotickerberlin Telegram Ticker English:\u00a0https:\/\/t.me\/demotickerEng Twitter Accounts: \ud83d\udce2@demo_ticker &hellip; <\/p>\n<p class=\"link-more\"><a href=\"https:\/\/demotickerberlin.noblogs.org\/?p=3006\" class=\"more-link\"><span class=\"screen-reader-text\">\u201eAfD Bundeszentrale verhindern! (25.03.2023)\u201c <\/span>weiterlesen<\/a><\/p>\n","protected":false},"author":13687,"featured_media":0,"comment_status":"closed","ping_status":"closed","sticky":false,"template":"","format":"aside","meta":{"footnotes":""},"categories":[12],"tags":[],"class_list":["post-3006","post","type-post","status-publish","format-aside","hentry","category-antifa-demos","post_format-post-format-aside"],"_links":{"self":[{"href":"https:\/\/demotickerberlin.noblogs.org\/index.php?rest_route=\/wp\/v2\/posts\/3006","targetHints":{"allow":["GET"]}}],"collection":[{"href":"https:\/\/demotickerberlin.noblogs.org\/index.php?rest_route=\/wp\/v2\/posts"}],"about":[{"href":"https:\/\/demotickerberlin.noblogs.org\/index.php?rest_route=\/wp\/v2\/types\/post"}],"author":[{"embeddable":true,"href":"https:\/\/demotickerberlin.noblogs.org\/index.php?rest_route=\/wp\/v2\/users\/13687"}],"replies":[{"embeddable":true,"href":"https:\/\/demotickerberlin.noblogs.org\/index.php?rest_route=%2Fwp%2Fv2%2Fcomments&post=3006"}],"version-history":[{"count":1,"href":"https:\/\/demotickerberlin.noblogs.org\/index.php?rest_route=\/wp\/v2\/posts\/3006\/revisions"}],"predecessor-version":[{"id":3007,"href":"https:\/\/demotickerberlin.noblogs.org\/index.php?rest_route=\/wp\/v2\/posts\/3006\/revisions\/3007"}],"wp:attachment":[{"href":"https:\/\/demotickerberlin.noblogs.org\/index.php?rest_route=%2Fwp%2Fv2%2Fmedia&parent=3006"}],"wp:term":[{"taxonomy":"category","embeddable":true,"href":"https:\/\/demotickerberlin.noblogs.org\/index.php?rest_route=%2Fwp%2Fv2%2Fcategories&post=3006"},{"taxonomy":"post_tag","embeddable":true,"href":"https:\/\/demotickerberlin.noblogs.org\/index.php?rest_route=%2Fwp%2Fv2%2Ftags&post=3006"}],"curies":[{"name":"wp","href":"https:\/\/api.w.org\/{rel}","templated":true}]}}