{"id":3008,"date":"2023-03-29T10:30:57","date_gmt":"2023-03-29T08:30:57","guid":{"rendered":"https:\/\/demotickerberlin.noblogs.org\/?p=3008"},"modified":"2023-03-29T10:30:57","modified_gmt":"2023-03-29T08:30:57","slug":"demonstration-widersetzen-01-04-2023","status":"publish","type":"post","link":"https:\/\/demotickerberlin.noblogs.org\/?p=3008","title":{"rendered":"Demonstration WIDERSETZEN! (01.04.2023)"},"content":{"rendered":"<p><img loading=\"lazy\" decoding=\"async\" class=\"alignnone size-full wp-image-5546\" src=\"https:\/\/asanb.noblogs.org\/files\/2023\/03\/b0104_1_1.jpg\" alt=\"\" width=\"1443\" height=\"2048\" \/><\/p>\n<p><strong>\ud83d\udca5Samstag 01<\/strong><strong>.04.2023\ud83d\udca5<\/strong><\/p>\n<p>wir berichten am Samstag <a class=\"css-4rbku5 css-18t94o4 css-901oao css-16my406 r-1cvl2hr r-1loqt21 r-poiln3 r-b88u0q r-bcqeeo r-1ny4l3l r-1ddef8g r-tjvw6i r-qvutc0\" dir=\"ltr\" role=\"link\" href=\"https:\/\/twitter.com\/hashtag\/b0104?src=hashtag_click\" target=\"_blank\" rel=\"noopener\">#b0104<\/a>\u00a0<strong>ab 13:00 Uhr<\/strong>\u00a0von der Demonstration<\/p>\n<p><strong>\ud83d\udd25WIDERSETZEN!\ud83d\udd25<\/strong><\/p>\n<p><strong>Samstag, 01.04.2023 | 13:00 Uhr | Ernst Th\u00e4lmann Denkmal Greifswalder Stra\u00dfe 52 10405 Berlin<\/strong><\/p>\n<p><strong>Anreise: S8, S41, S42, S85, Tram M4, Bus 158 S-BHf Greifswalder Stra\u00dfe | M10 Greifswalder Stra\u00dfe\/Danziger Stra\u00dfe<\/strong><\/p>\n<p>Web-Ticker:\u00a0<a href=\"https:\/\/berlin.demoticker.org\/\" target=\"_blank\" rel=\"noreferrer noopener\">https:\/\/berlin.demoticker.org<\/a><br \/>\nMastodon:\u00a0<a href=\"https:\/\/todon.eu\/@Demo_Ticker_Berlin\" target=\"_blank\" rel=\"noreferrer noopener\">@Demo_Ticker_Berlin@todon.eu<\/a><br \/>\nTelegram Ticker:\u00a0<a href=\"https:\/\/t.me\/demotickerberlin\" target=\"_blank\" rel=\"noreferrer noopener\">https:\/\/t.me\/demotickerberlin<\/a><br \/>\nTelegram Ticker English:\u00a0<a href=\"https:\/\/t.me\/demotickerEng\" target=\"_blank\" rel=\"noreferrer noopener\">https:\/\/t.me\/demotickerEng<\/a><br \/>\nTwitter Accounts: \ud83d\udce2<a href=\"https:\/\/twitter.com\/demo_ticker\" target=\"_blank\" rel=\"noreferrer noopener\">@demo_ticker<\/a><br \/>\nTwitter Hashtags: <a class=\"css-4rbku5 css-18t94o4 css-901oao css-16my406 r-1cvl2hr r-1loqt21 r-poiln3 r-b88u0q r-bcqeeo r-1ny4l3l r-1ddef8g r-tjvw6i r-qvutc0\" dir=\"ltr\" role=\"link\" href=\"https:\/\/twitter.com\/hashtag\/b0104?src=hashtag_click\" target=\"_blank\" rel=\"noopener\">#b0104<\/a> <a class=\"css-4rbku5 css-18t94o4 css-901oao css-16my406 r-1cvl2hr r-1loqt21 r-poiln3 r-bcqeeo r-1ny4l3l r-1ddef8g r-tjvw6i r-qvutc0\" dir=\"ltr\" role=\"link\" href=\"https:\/\/twitter.com\/hashtag\/HAD2023?src=hashtag_click\" target=\"_blank\" rel=\"noopener\">#HAD2023<\/a><\/p>\n<p>\ud83d\udce3<a href=\"https:\/\/www.mietenwahnsinn.info\/aktuelles\/aktionstage-zum-had-2023\/\" target=\"_blank\" rel=\"noopener\">Aufruf&#8230;<\/a><\/p>\n<p><strong>\ud83d\uddfa\ufe0f Voraussichtliche Route:<\/strong><\/p>\n<ul>\n<li>Greifswalder Stra\u00dfe 52<\/li>\n<li>Greifswalder Stra\u00dfe<\/li>\n<li>Danziger Stra\u00dfe<\/li>\n<li>Sch\u00f6nhauser Allee<\/li>\n<li>Senefelderplatz<\/li>\n<\/ul>\n<p><strong>BERLIN IST UNSERE STADT!<\/strong><\/p>\n<p>Manche von uns haben Wohnraum, anderen wurde er schon genommen. Noch mehr Mieter*innen soll er zuk\u00fcnftig genommen werden. Vorsicht \u2013 die Entmietungsfristen laufen. Jetzt m\u00fcssen wir uns wehren. W\u00e4hrend die Miete und die Lebenshaltungskosten in die H\u00f6he schnellen und die L\u00f6hne stagnieren, rechnen wir uns aus, wieviel Zeit uns noch bleibt.<\/p>\n<p>In ganz Berlin verlieren Mieter*innen ihr Zuhause in gro\u00dfem Stil. Die drastischen Folgen der auslaufenden Sozialbindungen werden in ganz Pankow, Lichtenberg und Friedrichshain sichtbar.<\/p>\n<p><strong>In allen Bezirken<\/strong>\u00a0sehen wir schon lange, wie Verdr\u00e4ngung wirkt! Viele Nachbar*innen verschwinden still. Manche mit lautem Gebr\u00fcll!<br \/>\nBerlinweit verkommen ganze Kieze zu Geistervierteln, in denen Zweitwohnungen, Ferienappartments und Leerst\u00e4nde das Stra\u00dfenbild pr\u00e4gen.<\/p>\n<p>Skandal\u00f6se Entmietungen, Eigenbedarfsk\u00fcndigungen, Zwangsr\u00e4umungen und Abriss \u2013 in ganz Berlin nehmen Rendite und Spekulation unser Leben zur Geisel. Die Verdr\u00e4ngung wird durch die Regierenden nicht gestoppt.<\/p>\n<p><strong>Diesem Spiel wollen wir ein Ende bereiten!<\/strong><\/p>\n<p>Die European Action Coalition ruft in ganz Europa zu diversen Aktionen und Demos auf. Vom 24.03.-02.04. k\u00f6nnt ihr eigene Aktionen planen und an vielen teilnehmen. Schaut auf die Interseite und ver\u00f6ffentlicht dort eure Aktionen! Nutzt die Woche um euch zu vernetzen und zu st\u00e4rken.<\/p>\n<p><strong>Kommt auf die Stra\u00dfe und lasst uns wieder Viele sein \u2014 f\u00fcr andere Zeiten und zeigen, dass wir aus allen Kiezen der Stadt, stark und vielf\u00e4ltig sind! am 01.04.23 denn BERLIN IST UNSERE STADT!<\/strong><\/p>\n<p>Wir rufen alle au\u00dferparlamentarische Gruppen und Einzelpersonen auf, die unseren Aufruf unterst\u00fctzen. Wir wollen gemeinsam in einem breiten gesellschaftlichen Zusammenschluss auf die Stra\u00dfe gehen, denn Verdr\u00e4ngung und Mietenentwicklung gehen alle Menschen an, denen ein solidarisches Miteinander in der Stadt wichtig ist.<\/p>\n<p><strong>Alle, aber nicht diese:<\/strong><\/p>\n<p><strong>Wir verwahren uns ausdr\u00fccklich gegen jegliche Beteiligung homophober, rassistischer, antisemitischer, rechter, nationalistischer, autorit\u00e4rer und neoliberaler Vereinigungen.<\/strong><\/p>\n<p>Die Demonstration wird vorbereitet von au\u00dferparlamentarischen Initiativen und Gruppen.<\/p>\n<p><strong>Wir m\u00f6chten auf der Demo keine Parteifahnen und -symbole sehen und keine Partei-Blockbildungen im Demozug.<\/strong><\/p>\n<p>Wir organisieren gemeinsam eine Demo, die uns allen\u00a0 \u0336\u00a0 trotz und gerade wegen des Ernstes der Lage\u00a0 \u0336\u00a0 Spa\u00df machen soll. Alle sollen sich wohlf\u00fchlen k\u00f6nnen, ganz gleich ob nicht-so-gut-zu-Fu\u00df, im Rollstuhl unterwegs oder mit Kinderwagen.<\/p>\n","protected":false},"excerpt":{"rendered":"<p>\ud83d\udca5Samstag 01.04.2023\ud83d\udca5 wir berichten am Samstag #b0104\u00a0ab 13:00 Uhr\u00a0von der Demonstration \ud83d\udd25WIDERSETZEN!\ud83d\udd25 Samstag, 01.04.2023 | 13:00 Uhr | Ernst Th\u00e4lmann Denkmal Greifswalder Stra\u00dfe 52 10405 Berlin Anreise: S8, S41, S42, S85, Tram M4, Bus 158 S-BHf Greifswalder Stra\u00dfe | M10 Greifswalder Stra\u00dfe\/Danziger Stra\u00dfe Web-Ticker:\u00a0https:\/\/berlin.demoticker.org Mastodon:\u00a0@Demo_Ticker_Berlin@todon.eu Telegram Ticker:\u00a0https:\/\/t.me\/demotickerberlin Telegram Ticker English:\u00a0https:\/\/t.me\/demotickerEng Twitter Accounts: \ud83d\udce2@demo_ticker Twitter Hashtags: &hellip; <\/p>\n<p class=\"link-more\"><a href=\"https:\/\/demotickerberlin.noblogs.org\/?p=3008\" class=\"more-link\"><span class=\"screen-reader-text\">\u201eDemonstration WIDERSETZEN! (01.04.2023)\u201c <\/span>weiterlesen<\/a><\/p>\n","protected":false},"author":13687,"featured_media":0,"comment_status":"closed","ping_status":"closed","sticky":false,"template":"","format":"aside","meta":{"footnotes":""},"categories":[17,19],"tags":[88],"class_list":["post-3008","post","type-post","status-publish","format-aside","hentry","category-klimakampf","category-soziale-kaempfe","tag-b0104-had2023","post_format-post-format-aside"],"_links":{"self":[{"href":"https:\/\/demotickerberlin.noblogs.org\/index.php?rest_route=\/wp\/v2\/posts\/3008","targetHints":{"allow":["GET"]}}],"collection":[{"href":"https:\/\/demotickerberlin.noblogs.org\/index.php?rest_route=\/wp\/v2\/posts"}],"about":[{"href":"https:\/\/demotickerberlin.noblogs.org\/index.php?rest_route=\/wp\/v2\/types\/post"}],"author":[{"embeddable":true,"href":"https:\/\/demotickerberlin.noblogs.org\/index.php?rest_route=\/wp\/v2\/users\/13687"}],"replies":[{"embeddable":true,"href":"https:\/\/demotickerberlin.noblogs.org\/index.php?rest_route=%2Fwp%2Fv2%2Fcomments&post=3008"}],"version-history":[{"count":1,"href":"https:\/\/demotickerberlin.noblogs.org\/index.php?rest_route=\/wp\/v2\/posts\/3008\/revisions"}],"predecessor-version":[{"id":3009,"href":"https:\/\/demotickerberlin.noblogs.org\/index.php?rest_route=\/wp\/v2\/posts\/3008\/revisions\/3009"}],"wp:attachment":[{"href":"https:\/\/demotickerberlin.noblogs.org\/index.php?rest_route=%2Fwp%2Fv2%2Fmedia&parent=3008"}],"wp:term":[{"taxonomy":"category","embeddable":true,"href":"https:\/\/demotickerberlin.noblogs.org\/index.php?rest_route=%2Fwp%2Fv2%2Fcategories&post=3008"},{"taxonomy":"post_tag","embeddable":true,"href":"https:\/\/demotickerberlin.noblogs.org\/index.php?rest_route=%2Fwp%2Fv2%2Ftags&post=3008"}],"curies":[{"name":"wp","href":"https:\/\/api.w.org\/{rel}","templated":true}]}}