{"id":3011,"date":"2023-04-16T14:30:25","date_gmt":"2023-04-16T12:30:25","guid":{"rendered":"https:\/\/demotickerberlin.noblogs.org\/?p=3011"},"modified":"2023-04-23T14:13:11","modified_gmt":"2023-04-23T12:13:11","slug":"antifaschistischer-warm-up-zum-01-mai-aufruf-zur-unangemeldeten-autonomen-abenddemonstration","status":"publish","type":"post","link":"https:\/\/demotickerberlin.noblogs.org\/?p=3011","title":{"rendered":"Antifaschistischer warm-up zum 01.Mai! &#8211; Aufruf zur unangemeldeten autonomen Abenddemonstration! (22.04.2023)"},"content":{"rendered":"<p><img loading=\"lazy\" decoding=\"async\" class=\"alignnone size-full wp-image-5605\" src=\"https:\/\/asanb.noblogs.org\/files\/2023\/04\/b2204_1_1.jpg\" alt=\"\" width=\"1448\" height=\"2048\" \/><\/p>\n<div style=\"width: 525px;\" class=\"wp-video\"><video class=\"wp-video-shortcode\" id=\"video-3011-1\" width=\"525\" height=\"295\" preload=\"metadata\" controls=\"controls\"><source type=\"video\/mp4\" src=\"https:\/\/demotickerberlin.noblogs.org\/files\/2023\/04\/ssstwitter.com_1681647062948.mp4?_=1\" \/><a href=\"https:\/\/demotickerberlin.noblogs.org\/files\/2023\/04\/ssstwitter.com_1681647062948.mp4\">https:\/\/demotickerberlin.noblogs.org\/files\/2023\/04\/ssstwitter.com_1681647062948.mp4<\/a><\/video><\/div>\n<p><strong>\ud83d\udca5Samstag 22<\/strong><strong>.04.2023\ud83d\udca5<\/strong><\/p>\n<p>wir berichten am Samstag <a class=\"css-4rbku5 css-18t94o4 css-901oao css-16my406 r-1cvl2hr r-1loqt21 r-poiln3 r-b88u0q r-bcqeeo r-qvutc0\" dir=\"ltr\" role=\"link\" href=\"https:\/\/twitter.com\/hashtag\/b2204?src=hashtag_click\" target=\"_blank\" rel=\"noopener\">#b2204<\/a> \u00a0<strong>ab 21:00 Uhr<\/strong>\u00a0von der Demonstration<\/p>\n<p><strong>\ud83d\udd25Antifaschistischer warm-up zum 01.Mai!\ud83d\udd25<br \/>\n\ud83d\udd25Aufruf zur unangemeldeten autonomen Abenddemonstration!\ud83d\udd25<\/strong><\/p>\n<p><strong>Samstag, 22.04.2023 | 21:00 Uhr | B\u00e4nschstra\u00dfe \/ Forckenbeckplatz 10247 Berlin<\/strong><\/p>\n<p><strong>Anreise: U5 Frankfurter Tor | Tram 21, M10 Forckenbeckplatz<\/strong><\/p>\n<p>Web-Ticker:\u00a0<a href=\"https:\/\/berlin.demoticker.org\/\" target=\"_blank\" rel=\"noreferrer noopener\">https:\/\/berlin.demoticker.org<\/a><br \/>\nMastodon:\u00a0<a href=\"https:\/\/todon.eu\/@Demo_Ticker_Berlin\" target=\"_blank\" rel=\"noreferrer noopener\">@Demo_Ticker_Berlin@todon.eu<\/a><br \/>\nTelegram Ticker:\u00a0<a href=\"https:\/\/t.me\/demotickerberlin\" target=\"_blank\" rel=\"noreferrer noopener\">https:\/\/t.me\/demotickerberlin<\/a><br \/>\nTelegram Ticker English:\u00a0<a href=\"https:\/\/t.me\/demotickerEng\" target=\"_blank\" rel=\"noreferrer noopener\">https:\/\/t.me\/demotickerEng<\/a><br \/>\nTwitter Accounts: \ud83d\udce2<a href=\"https:\/\/twitter.com\/demo_ticker\" target=\"_blank\" rel=\"noreferrer noopener\">@demo_ticker<\/a><br \/>\nTwitter Hashtags: <a class=\"css-4rbku5 css-18t94o4 css-901oao css-16my406 r-1cvl2hr r-1loqt21 r-poiln3 r-b88u0q r-bcqeeo r-qvutc0\" dir=\"ltr\" role=\"link\" href=\"https:\/\/twitter.com\/hashtag\/b2204?src=hashtag_click\" target=\"_blank\" rel=\"noopener\">#b2204<\/a> <a href=\"https:\/\/twitter.com\/hashtag\/WarmUpR1MB?src=hashtag_click\" target=\"_blank\" rel=\"noopener\">#WarmUpR1MB<\/a><\/p>\n<p>\ud83d\udce3<a href=\"https:\/\/kontrapolis.info\/10100\/\" target=\"_blank\" rel=\"noopener\">Aufruf\u2026<\/a><\/p>\n<p><em><strong>*** english below *** fran\u00e7ais ci-dessous ***<\/strong><\/em><\/p>\n<hr \/>\n<p><strong>Kommt zur unangemeldeten autonomen Abenddemonstration in Berlin am 22.04.2023 um 21 Uhr zum Forckenbeckplatz\/ B\u00e4nschstra\u00dfe. Antifaschistischer warm-up zum 01.Mai!<\/strong><\/p>\n<p>2023: seit einigen Wochen demonstrieren hunderttausende Menschen gegen die Rentenreform, eine Erh\u00f6hung des Rentenalters von 62 auf 64 Jahre, und das konservativ-kapitalistische Regime in Frankreich. \u00dcber 2600 Brandstiftungen,320 Angriffe auf \u00f6ffentliche Geb\u00e4ude und direkte Konflikte mit Polizeiapparat sind nur wenige Zahlen und Beispiele, die aufzeigen, wie sich die Wut der Menschen in Frankreich ausdr\u00fcckt. Unz\u00e4hlige brennende Polizeiautos in Saint-Soline, die auf der verbotenen Demonstration gegen das Wasserreservoir entstanden sind, zeigen dass viele Menschen mit allen Mitteln gegen die derzeitigen Zust\u00e4nde ank\u00e4mpfen. Diese Nachrichten gehen durch die ganze Welt und das zeigt auch ihre Wirkung. Prinz Charles III. reist wegen der Proteste nicht nach Frankreich. \u00dcber 1000 verletzte Polizist*innen und die kollektive Wut, die das Ohnmachtsgef\u00fchl, auch wenn nur kurz, \u00fcbert\u00f6nen, zeigen dass militante und radikale Proteste unausweichlich sind.<\/p>\n<p>Was bedeuten die radikalen und militanten Proteste in Frankreich f\u00fcr uns?<br \/>\nWir beobachten seit l\u00e4ngerem, dass die autonome Szene und Gewerkschaften und andere Arbeiter*innen-Bewegungen in Deutschland nicht miteinander vernetzt sind. Uns ist es durchaus bewusst, dass Meinungsverschiedenheiten und unterschiedliche Herangehensweisen zur Bek\u00e4mpfung des kapitalistisch-patriarchalen System existieren, das hindert uns aber nicht daran, gemeinsam gegen dieses anzuk\u00e4mpfen.<\/p>\n<p>Individuelle Probleme sollten kollektiv betrachtet und bek\u00e4mpft werden, denn nur so ist es uns m\u00f6glich das Regime brennen zu lassen. Der 1. Mai ist ein Tag, indem versucht wird verschiedene links-politische Str\u00f6mungen zu vereinen, um das Ohnmachtsgef\u00fchl gemeinsam zu bew\u00e4ltigen.<\/p>\n<p>Jedoch ist der 1. Mai nur ein Tag im Jahr und die Unterdr\u00fcckung des Systems findet an 365 Tagen im Jahr statt.<\/p>\n<p>Wir nehmen uns ein Beispiel an den Protesten in Frankreich und rufen zur einer unangemeldeten Demonstration auf. Am 22.04.2023 treffen wir uns um 21 Uhr beim Forckenbeckplatz\/B\u00e4nschstra\u00dfe um unsere Wut kollektiv auf die Stra\u00dfe zu tragen und uns auf die kommenden Demonstrationen vorzubereiten. Kommt p\u00fcnktlich, w\u00fctend und vermummt. Wir werden p\u00fcnktlich um 21 Uhr die Stra\u00dfe einnehmen und beginnen.<\/p>\n<p>Da die Demonstration bewusst nicht angemeldet wird, ist mit einer stark repressiven und aggressiven Polizeipr\u00e4senz zu rechnen, weswegen wir uns gut sch\u00fctzen m\u00fcssen. Informiert euch und lasst euch Ideen einfallen, wie ihr euch bestenfalls gegen die gewaltvollen Hilfsmittel der Polizei sch\u00fctzen k\u00f6nnt.<\/p>\n<p>Denn wir folgen dem Motto der damaligen Demonstration in Wiesbaden und sagen \u201ewir demonstrieren wie wir wollen!\u201c. Wir lassen uns von den g\u00e4ngigen Demonstrationsregeln nicht einsch\u00fcchtern, wir sind w\u00fctend und wir werden diese Wut zum Ausdruck bringen.<\/p>\n<p>Die Demonstration solidarisiert sich nicht nur mit den Protesten in Frankreich, sondern sie bietet uns auch eine M\u00f6glichkeit auf die kommenden Proteste wie den 01. Mai oder die Tag X- Demo in Leipzig vorzubereiten. Lasst uns diese M\u00f6glichkeit nutzen und bringen wir Berlin zum leuchten und lassen wir unsere kollektive Wut auf die Stra\u00dfe tragen. Es f\u00fchrt keinen Weg daran vorbei sich militant zu organisieren und Strategien, fernab von friedlichen Demonstrationen, zu entwickeln. Es ist unsere M\u00f6glichkeit nicht nur aus einer defensiven Haltung oder aus einer Reaktion auf einen bestimmten Angriff heraus zu demonstrieren, sondern den 1. Mai als einen offensiven Kampftag anzuerkennen, der sich nicht nur auf einen einzelnen Tag beschr\u00e4nkt. Unangemeldete Demonstrationen verhelfen uns dazu gemeinsam zusammenzukommen und Momente kollektiv zu teilen.<\/p>\n<p>Sie bieten uns die M\u00f6glichkeit m\u00f6glichst frei von Hierarchien zu demonstrieren, da keine explizite Gruppe dazu aufruft oder eine Person diese angemeldet hat. Sie bietet uns die M\u00f6glichkeit, dass Autonome selbstst\u00e4ndig Funktionen \u00fcbernehmen k\u00f6nnen, ohne diese vorher mit einer Gruppe oder einem B\u00fcndnis absprechen zu m\u00fcssen. Wir schreiben bewusst nicht, ob dieser Aufruf aus einem B\u00fcndnis, einer Gruppe oder aus autonomen Einzelpersonen entstanden ist, da wir der Meinung sind, dass das nicht relevant ist. Jede Einzelperson hat eine Eigenverantwortung und ist f\u00fcr die Entwicklung radikaler Proteste verantwortlich. Organisiert euch in Bezugsgruppen, seid entschlossen und militant.<\/p>\n<p><strong>Wir sehen uns auf der Stra\u00dfe!<\/strong><\/p>\n<hr \/>\n<p><strong>Call for unannounced autonomous evening demonstration in Berlin<\/strong><\/p>\n<p><strong>Come to the unannounced autonomous evening demonstration in Berlin on 22.04.2023 at 9 pm to Forckenbeckplatz\/ B\u00e4nschstra\u00dfe. Antifascist warm-up to the 1st of May!<\/strong><\/p>\n<p>2023: since a few weeks hundreds of thousands of people demonstrate against the pension reform, an increase of the retirement age from 62 to 64 years, and the conservative-capitalist regime in France. More than 2600 arsons, 320 attacks on public buildings and direct conflicts with the police are only a few numbers and examples that show how the anger of the people in France is expressed. Countless burning police cars in Saint-Soline, which occurred during the forbidden demonstration against the water reservoir, show that many people are fighting with all means against the current conditions. This news is going all over the world and it is having an effect. Prince Charles III does not travel to France because of the protests. Over 1000 injured police officers and the collective anger that drowns out the feeling of powerlessness, even if only briefly, show that militant and radical protests are inevitable.<\/p>\n<p>What do the radical and militant protests in France mean for us?<br \/>\nWe have been observing for a long time that the autonomous scene and trade unions and other workers\u2018 movements in Germany are not connected with each other. We are aware that there are differences of opinion and different approaches to fighting the capitalist-patriarchal system, but this does not prevent us from fighting it together. Individual problems should be considered and fought collectively, because only in this way we are able to let the regime burn. May Day is a day in which attempts are made to unite various left-wing political currents in order to overcome the feeling of powerlessness together.<\/p>\n<p>However, May Day is only one day in a year and the oppression of the system takes place 365 days in a year.<\/p>\n<p>We take an example from the protests in France and call for an unannounced demonstration. On 04\/22\/2023 we will meet at 9pm at Forckenbeckplatz\/B\u00e4nschstra\u00dfe to collectively take our anger to the streets and prepare for the upcoming demonstrations. Come on time, angry and hooded. We will take the street punctually at 9pm and begin.<\/p>\n<p>Since the demonstration is deliberately not registered, we can expect a strongly repressive and aggressive police presence, which is why we need to protect ourselves well. Inform yourselves and come up with ideas how to protect yourselves at best against the violent tools of the police.<\/p>\n<p>Because we follow the motto of the demonstration in Wiesbaden at that time and say \u201ewe demonstrate as we want!\u201c. We will not be intimidated by the usual demonstration rules, we are angry and we will express this anger.<\/p>\n<p>The demonstration is not only in solidarity with the protests in France, but it also gives us a chance to prepare for the upcoming protests like May 1st or the Day X demo in Leipzig. Let\u2019s use this opportunity and make Berlin shine and let\u2019s take our collective anger to the streets. There is no way around organizing militantly and developing strategies far away from peaceful demonstrations. It is our opportunity not only to demonstrate out of a defensive attitude or out of a reaction to a certain attack, but to recognize May Day as an offensive day of struggle that is not limited to a single day.<\/p>\n<p>Unannounced demonstrations help us come together and share moments collectively. They offer us the possibility to demonstrate as free from hierarchies as possible, since no explicit group calls for it or person has announced it. It offers us the possibility that autonomous people can take over functions on their own, without having to coordinate them with a group or an alliance beforehand. We deliberately do not write whether this call originated from an alliance, a group or from autonomous individuals, because we think that this is not relevant. Each individual has a personal responsibility and is responsible for the development of radical protests. Organize into affinity groups, be determined and militant.<\/p>\n<p><strong>See you in the streets!<\/strong><\/p>\n<hr \/>\n<p><strong>Venez \u00e0 la manifestation autonome non d\u00e9clar\u00e9e du soir \u00e0 Berlin le 22.04.2023 \u00e0 21h \u00e0 la Forckenbeckplatz\/ B\u00e4nschstra\u00dfe. Echauffement antifasciste pour le 1er mai !<\/strong><\/p>\n<p>2023 : depuis quelques semaines, des centaines de milliers de personnes manifestent contre la r\u00e9forme des retraites, une augmentation de l\u2019\u00e2ge de la retraite de 62 \u00e0 64 ans, et contre le r\u00e9gime conservateur-capitaliste en France. Plus de 2600 incendies criminels, 320 attaques de b\u00e2timents publics et des affrontements directs avec la police ne sont que quelques chiffres et exemples qui montrent comment s\u2019exprime la col\u00e8re des gens en France.<\/p>\n<p>Les innombrables voitures de police br\u00fbl\u00e9es \u00e0 Saint-Soline lors de la manifestation interdite contre le r\u00e9servoir d\u2019eau montrent que de nombreuses personnes luttent par tous les moyens contre la situation actuelle. Ces nouvelles font le tour du monde et cela montre aussi leur effet. Le prince Charles III ne se rend pas en France en raison des protestations.<\/p>\n<p>Plus de 1000 policiers* bless\u00e9s et la col\u00e8re collective qui couvre le sentiment d\u2019impuissance, m\u00eame s\u2019il n\u2019est que de courte dur\u00e9e, montrent que les protestations militantes et radicales sont in\u00e9vitables.<\/p>\n<p>Que signifient pour nous les protestations radicales et militantes en France?<\/p>\n<p>Nous observons depuis longtemps que les milieux autonomes et les syndicats et autres mouvements de travailleurs* en Allemagne ne sont pas reli\u00e9s entre eux. Nous sommes bien conscients qu\u2019il existe des divergences d\u2019opinion et des approches diff\u00e9rentes pour combattre le syst\u00e8me capitaliste-patriarcal, mais cela ne nous emp\u00eache pas de lutter ensemble contre celui-ci. Les probl\u00e8mes individuels doivent \u00eatre consid\u00e9r\u00e9s et combattus collectivement, car ce n\u2019est qu\u2019ainsi que nous pourrons mettre le feu au r\u00e9gime. Le 1er mai est une journ\u00e9e o\u00f9 l\u2019on tente d\u2019unir diff\u00e9rents courants politiques de gauche pour faire face ensemble au sentiment d\u2019impuissance.<\/p>\n<p>Cependant, le 1er mai n\u2019est qu\u2019un jour par an et la r\u00e9pression du syst\u00e8me a lieu 365 jours par an.<\/p>\n<p>Nous prenons exemple sur les protestations en France et appelons \u00e0 une manifestation non d\u00e9clar\u00e9e. Le 22.04.2023, nous nous retrouverons \u00e0 21 heures \u00e0 Forckenbeckplatz\/B\u00e4nschstra\u00dfe pour exprimer collectivement notre col\u00e8re dans la rue et nous pr\u00e9parer aux manifestations \u00e0 venir. Venez \u00e0 l\u2019heure, en col\u00e8re et cagoul\u00e9s. Nous prendrons possession de la rue et commencerons \u00e0 21 heures pr\u00e9cises.<\/p>\n<p>Comme la manifestation n\u2019est volontairement pas d\u00e9clar\u00e9e, il faut s\u2019attendre \u00e0 une pr\u00e9sence polici\u00e8re fortement r\u00e9pressive et agressive, c\u2019est pourquoi nous devons bien nous prot\u00e9ger. Informez-vous et trouvez des id\u00e9es pour vous prot\u00e9ger, au mieux, contre les moyens violents de la police.<\/p>\n<p>Car nous suivons le slogan de la manifestation de l\u2019\u00e9poque \u00e0 Wiesbaden et disons \u201enous manifestons comme nous le voulons ! Nous ne nous laissons pas intimider par les r\u00e8gles habituelles de la manifestation, nous sommes en col\u00e8re et nous exprimerons cette col\u00e8re.<\/p>\n<p>La manifestation n\u2019est pas seulement solidaire des protestations en France, elle nous offre aussi une possibilit\u00e9 de nous pr\u00e9parer aux prochaines manifestations comme le 1er mai ou la manifestation du jour X \u00e0 Leipzig.<\/p>\n<p>Saisissons cette opportunit\u00e9 pour faire briller Berlin et exprimer notre col\u00e8re collective dans la rue. Il n\u2019y a pas d\u2019autre solution que de s\u2019organiser de mani\u00e8re militante et de d\u00e9velopper des strat\u00e9gies loin des manifestations pacifiques. C\u2019est notre possibilit\u00e9 de ne pas manifester uniquement dans une position d\u00e9fensive ou en r\u00e9action \u00e0 une attaque particuli\u00e8re, mais de reconna\u00eetre le 1er mai comme une journ\u00e9e de lutte offensive qui ne se limite pas \u00e0 un seul jour. Les manifestations non d\u00e9clar\u00e9es nous permettent de nous rassembler et de partager des moments de mani\u00e8re collective. Elles nous offrent la possibilit\u00e9 de manifester de la mani\u00e8re la plus libre possible par rapport aux hi\u00e9rarchies, puisqu\u2019aucun groupe explicite n\u2019appelle \u00e0 manifester ou qu\u2019aucune personne ne l\u2019a annonc\u00e9. Elle nous offre la possibilit\u00e9 pour les autonomes d\u2019assumer des fonctions de mani\u00e8re ind\u00e9pendante, sans devoir les convenir au pr\u00e9alable avec un groupe ou une alliance. Nous n\u2019\u00e9crivons volontairement pas si cet appel est issu d\u2019une alliance, d\u2019un groupe ou d\u2019individus autonomes, car nous pensons que cela n\u2019est pas pertinent. Chaque individu a sa propre responsabilit\u00e9 et est responsable du d\u00e9veloppement de protestations radicales. Organisez-vous en groupes de r\u00e9f\u00e9rence, soyez d\u00e9termin\u00e9s et militants.<\/p>\n<p><strong>On se voit dans la rue!<\/strong><\/p>\n","protected":false},"excerpt":{"rendered":"<p>\ud83d\udca5Samstag 22.04.2023\ud83d\udca5 wir berichten am Samstag #b2204 \u00a0ab 21:00 Uhr\u00a0von der Demonstration \ud83d\udd25Antifaschistischer warm-up zum 01.Mai!\ud83d\udd25 \ud83d\udd25Aufruf zur unangemeldeten autonomen Abenddemonstration!\ud83d\udd25 Samstag, 22.04.2023 | 21:00 Uhr | B\u00e4nschstra\u00dfe \/ Forckenbeckplatz 10247 Berlin Anreise: U5 Frankfurter Tor | Tram 21, M10 Forckenbeckplatz Web-Ticker:\u00a0https:\/\/berlin.demoticker.org Mastodon:\u00a0@Demo_Ticker_Berlin@todon.eu Telegram Ticker:\u00a0https:\/\/t.me\/demotickerberlin Telegram Ticker English:\u00a0https:\/\/t.me\/demotickerEng Twitter Accounts: \ud83d\udce2@demo_ticker Twitter Hashtags: #b2204 #WarmUpR1MB &hellip; <\/p>\n<p class=\"link-more\"><a href=\"https:\/\/demotickerberlin.noblogs.org\/?p=3011\" class=\"more-link\"><span class=\"screen-reader-text\">\u201eAntifaschistischer warm-up zum 01.Mai! &#8211; Aufruf zur unangemeldeten autonomen Abenddemonstration! (22.04.2023)\u201c <\/span>weiterlesen<\/a><\/p>\n","protected":false},"author":13687,"featured_media":0,"comment_status":"closed","ping_status":"closed","sticky":false,"template":"","format":"aside","meta":{"footnotes":""},"categories":[19],"tags":[89,90],"class_list":["post-3011","post","type-post","status-publish","format-aside","hentry","category-soziale-kaempfe","tag-b2204","tag-warmupr1mb","post_format-post-format-aside"],"_links":{"self":[{"href":"https:\/\/demotickerberlin.noblogs.org\/index.php?rest_route=\/wp\/v2\/posts\/3011","targetHints":{"allow":["GET"]}}],"collection":[{"href":"https:\/\/demotickerberlin.noblogs.org\/index.php?rest_route=\/wp\/v2\/posts"}],"about":[{"href":"https:\/\/demotickerberlin.noblogs.org\/index.php?rest_route=\/wp\/v2\/types\/post"}],"author":[{"embeddable":true,"href":"https:\/\/demotickerberlin.noblogs.org\/index.php?rest_route=\/wp\/v2\/users\/13687"}],"replies":[{"embeddable":true,"href":"https:\/\/demotickerberlin.noblogs.org\/index.php?rest_route=%2Fwp%2Fv2%2Fcomments&post=3011"}],"version-history":[{"count":7,"href":"https:\/\/demotickerberlin.noblogs.org\/index.php?rest_route=\/wp\/v2\/posts\/3011\/revisions"}],"predecessor-version":[{"id":3027,"href":"https:\/\/demotickerberlin.noblogs.org\/index.php?rest_route=\/wp\/v2\/posts\/3011\/revisions\/3027"}],"wp:attachment":[{"href":"https:\/\/demotickerberlin.noblogs.org\/index.php?rest_route=%2Fwp%2Fv2%2Fmedia&parent=3011"}],"wp:term":[{"taxonomy":"category","embeddable":true,"href":"https:\/\/demotickerberlin.noblogs.org\/index.php?rest_route=%2Fwp%2Fv2%2Fcategories&post=3011"},{"taxonomy":"post_tag","embeddable":true,"href":"https:\/\/demotickerberlin.noblogs.org\/index.php?rest_route=%2Fwp%2Fv2%2Ftags&post=3011"}],"curies":[{"name":"wp","href":"https:\/\/api.w.org\/{rel}","templated":true}]}}