{"id":3019,"date":"2023-04-21T22:36:00","date_gmt":"2023-04-21T20:36:00","guid":{"rendered":"https:\/\/demotickerberlin.noblogs.org\/?p=3019"},"modified":"2023-04-21T22:38:04","modified_gmt":"2023-04-21T20:38:04","slug":"die-auslaenderbehoerde-von-bitterfeld-ignoriert-unsere-forderungen-deshalb-gehen-wir-ende-april-auf-die-strasse-25-04-2023","status":"publish","type":"post","link":"https:\/\/demotickerberlin.noblogs.org\/?p=3019","title":{"rendered":"Die Ausl\u00e4nderbeh\u00f6rde von Bitterfeld ignoriert unsere Forderungen, deshalb gehen wir Ende April auf die Stra\u00dfe. (25.04.2023)"},"content":{"rendered":"<p><img loading=\"lazy\" decoding=\"async\" class=\"alignnone size-full wp-image-5581\" src=\"https:\/\/asanb.noblogs.org\/files\/2023\/04\/b2504_2_0.jpg\" alt=\"\" width=\"1080\" height=\"1080\" \/><\/p>\n<p><strong>\ud83d\udca5Dienstag 25<\/strong><strong>.04.2023\ud83d\udca5<\/strong><\/p>\n<p>wir berichten am Dienstag <a class=\"css-4rbku5 css-18t94o4 css-901oao css-16my406 r-1cvl2hr r-1loqt21 r-poiln3 r-b88u0q r-bcqeeo r-qvutc0\" dir=\"ltr\" role=\"link\" href=\"https:\/\/twitter.com\/hashtag\/b2504?src=hashtag_click\" target=\"_blank\" rel=\"noopener\">#b2504<\/a>\u00a0\u00a0<strong>ab 14:00 Uhr<\/strong>\u00a0von der Demonstration<\/p>\n<p><strong>\ud83d\udd25Die Ausl\u00e4nderbeh\u00f6rde von Bitterfeld ignoriert unsere Forderungen, deshalb gehen wir Ende April auf die Stra\u00dfe.\ud83d\udd25<br \/>\n<\/strong><\/p>\n<p><strong>Dienstag, 25.04.2023 | 14:00 Uhr | Bahnhofstra\u00dfe 1, 06749 Bitterfeld-Wolfen<\/strong><\/p>\n<p><strong>\u26a0\ufe0f\ud83d\ude8c Gemeinsame Anreise von Berlin im Soli-Bus\ud83d\ude8c: Treffpunkt Oranienplatz um 09:30 &#8211; Bus f\u00e4hrt um 10:00<\/strong><\/p>\n<p><strong>Anreise:\u00a0U8, Bus 248 Moritzplatz | M29 Oranienplatz | U1, U3,\u00a0U8 Kottbusser Tor<\/strong><\/p>\n<p>Web-Ticker:\u00a0<a href=\"https:\/\/berlin.demoticker.org\/\" target=\"_blank\" rel=\"noreferrer noopener\">https:\/\/berlin.demoticker.org<\/a><br \/>\nMastodon:\u00a0<a href=\"https:\/\/todon.eu\/@Demo_Ticker_Berlin\" target=\"_blank\" rel=\"noreferrer noopener\">@Demo_Ticker_Berlin@todon.eu<\/a><br \/>\nTelegram Ticker:\u00a0<a href=\"https:\/\/t.me\/demotickerberlin\" target=\"_blank\" rel=\"noreferrer noopener\">https:\/\/t.me\/demotickerberlin<\/a><br \/>\n\u26a0\ufe0fTelegram Ticker English: <strong>Offline!<\/strong><br \/>\nTwitter Accounts: \ud83d\udce2<a href=\"https:\/\/twitter.com\/demo_ticker\" target=\"_blank\" rel=\"noreferrer noopener\">@demo_ticker<\/a><br \/>\nTwitter Hashtags: <a class=\"css-4rbku5 css-18t94o4 css-901oao css-16my406 r-1cvl2hr r-1loqt21 r-poiln3 r-b88u0q r-bcqeeo r-qvutc0\" dir=\"ltr\" role=\"link\" href=\"https:\/\/twitter.com\/hashtag\/b2504?src=hashtag_click\" target=\"_blank\" rel=\"noopener\">#b2504<\/a> <a class=\"css-4rbku5 css-18t94o4 css-901oao css-16my406 r-1cvl2hr r-1loqt21 r-poiln3 r-b88u0q r-bcqeeo r-1ny4l3l r-1ddef8g r-tjvw6i r-qvutc0\" dir=\"ltr\" role=\"link\" href=\"https:\/\/twitter.com\/hashtag\/AgainstRacism?src=hashtag_click\" target=\"_blank\" rel=\"noopener\">#AgainstRacism<\/a><\/p>\n<p>\ud83d\udce3Aufruf: <a href=\"https:\/\/antiranetlsa.de\/wp-content\/uploads\/2023\/04\/FA_Flyer_Bitterfeld_Wolfen.pdf\" target=\"_blank\" rel=\"noopener\">Persisch\/ \u0641\u0627\u0631\u0633\u06cc<\/a>\u00a0\/\/\u00a0<a href=\"https:\/\/antiranetlsa.de\/wp-content\/uploads\/2023\/04\/Arabisch_Flyer_Bitterfeld_Wolfen.pdf\" target=\"_blank\" rel=\"noopener\">Arabisch\/\u00a0 \u0639\u0631\u0628\u064a<\/a>\u00a0\/\/\u00a0<a href=\"https:\/\/antiranetlsa.de\/wp-content\/uploads\/2023\/04\/EN_Flyer_Bitterfeld_Wolfen.pdf\" target=\"_blank\" rel=\"noopener\">english\u00a0<\/a>\/\/\u00a0<a href=\"https:\/\/antiranetlsa.de\/wp-content\/uploads\/2023\/04\/Aufruf-Bitterfeld-FRENCH.pdf\" target=\"_blank\" rel=\"noopener\">francais\u00a0<\/a>\/\/\u00a0<a href=\"https:\/\/antiranetlsa.de\/wp-content\/uploads\/2023\/04\/DE_Flyer-Bitterfeld-Wolfen.pdf\" target=\"_blank\" rel=\"noopener\">deutsch<\/a><\/p>\n<p><a class=\"css-4rbku5 css-18t94o4 css-901oao css-16my406 r-1cvl2hr r-1loqt21 r-poiln3 r-b88u0q r-bcqeeo r-qvutc0\" dir=\"ltr\" role=\"link\" href=\"https:\/\/twitter.com\/hashtag\/b2504?src=hashtag_click\" target=\"_blank\" rel=\"noopener\">#b2504<\/a> <a class=\"css-4rbku5 css-18t94o4 css-901oao css-16my406 r-1cvl2hr r-1loqt21 r-poiln3 r-b88u0q r-bcqeeo r-1ny4l3l r-1ddef8g r-tjvw6i r-qvutc0\" dir=\"ltr\" role=\"link\" href=\"https:\/\/twitter.com\/hashtag\/AgainstRacism?src=hashtag_click\" target=\"_blank\" rel=\"noopener\">#AgainstRacism<\/a><\/p>\n<p><b>Demonstration:<\/b>\u00a0<strong>Die Ausl\u00e4nderbeh\u00f6rde von Bitterfeld ignoriert unsere Forderungen, deshalb gehen wir Ende\u00a0<\/strong><strong>April auf die Stra\u00dfe.<\/strong><\/p>\n<p><strong>Komm mit! Sei mit uns laut!<\/strong><\/p>\n<p><strong><em>Wann? Dienstag 25. April 2023 um 14h<\/em><\/strong><br \/>\n<strong><em>Wo? Vor dem Bahnhof von Bitterfeld, Bahnhofstra\u00dfe 1, 06749 Bitterfeld-Wolfen<\/em><\/strong><\/p>\n<p>Wir, von der Refugee Community Bitterfeld, haben im Januar 2023 einen offenen Brief an die zust\u00e4ndigen Beh\u00f6rden geschickt und ein Treffen gefordert, um unsere Misshandlungen und Diskriminierungen vorzubringen. Das wurde schlicht ignoriert.<\/p>\n<p>Seit unserer Ankunft als Schutzsuchende sind wir nicht ernst genommen worden. Unser Leben wurde als wertlos angesehen. Man hat uns zu lange zum Schweigen gebracht, jetzt ist es an der Zeit, dass wir uns Geh\u00f6r verschaffen. Deswegen fordern wir die Ausl\u00e4nderbeh\u00f6rde und das Sozialamt auf, sich mit unseren Forderungen zu befassen, andernfalls sehen wir uns gezwungen weitere Ma\u00dfnahmen zu ergreifen, bis unsere Forderungen erf\u00fcllt sind.<\/p>\n<p><strong>Wir fordern weiterhin Gerechtigkeit und gleiche Rechte f\u00fcr alle.<\/strong><\/p>\n<p><strong>Duldung Light ist: Dem\u00fctigung, Prekarisierung, Repression, Isolierung, Angst und Abschiebung.<\/strong><\/p>\n<p><strong>Hier sind unsere Forderungen:<\/strong><\/p>\n<p>\u2794 Die sofortige Legalisierung von uns, die in Anhalt-Bitterfeld leben und \u00fcberall.<br \/>\n\u2794 Freiheit, \u00fcberall in Deutschland zu leben und zu arbeiten. (Abschaffung der Residenzpflicht).<br \/>\n\u2794 Bildung und Ausbildungspl\u00e4tze f\u00fcr uns und unsere Kinder<br \/>\n\u2794 Arbeitserlaubnisse f\u00fcr alle, die arbeiten wollen<br \/>\n\u2794 Krankenversicherung f\u00fcr alle, ohne Ausnahme<br \/>\n\u2794 Eine menschenw\u00fcrdige Behandlung<\/p>\n<p><strong>Alle zusammen k\u00f6nnen wir uns gegen diese rassistische Beh\u00f6rde wehren. Mobilisiert euch!<\/strong><\/p>\n<p><strong>Wir sind sehr engagiert in diesem Kampf, um das zu bekommen, was unser Recht ist.<\/strong><\/p>\n<p><strong>Kein Mensch ist illegal! Bleiberecht \u00fcberall!<\/strong><\/p>\n<p>Unser Kontakt: refugeecommunitybw@gmail.com<br \/>\n<strong>Gemeinsame Anreise aus unterschiedlichen St\u00e4dten + alle Infos hier:\u00a0<a href=\"http:\/\/instagram.com\/menschenrechte_beibringen\" target=\"_blank\" rel=\"noopener\">instagram.com\/menschenrechte_beibringen<\/a><\/strong><\/p>\n<hr \/>\n<p><strong>D<\/strong><b>emonstration:<\/b><strong>\u00a0The Ausl\u00e4nderbeh\u00f6rde of Bitterfeld ignores our demands, that\u2019s why we take them to\u00a0<\/strong><strong>the street in the end of April.<\/strong><\/p>\n<p><strong>Tuesday, 25.04.2023 | 14:00 h | Bahnhofstra\u00dfe 1, 06749 Bitterfeld-Wolfen<\/strong><\/p>\n<p><strong>\ud83d\ude8c Joint journey from Berlin in the Soli bus\ud83d\ude8c: Meeting point Oranienplatz at 09:30 am &#8211; bus leaves at 10:00 am<\/strong><\/p>\n<p><strong>Arrival: U8, Bus 248 Moritzplatz | M29 Oranienplatz | U1, U3, U8 Kottbusser Tor<\/strong><\/p>\n<p><strong>Come along! Together we will be loud!<\/strong><\/p>\n<p><strong><em>When? Tuesday, April 25, starting at 2 pm<\/em><\/strong><br \/>\n<strong><em>Where? Bahnhofstra\u00dfe 1, 06749 Bitterfeld-Wolfen<\/em><\/strong><\/p>\n<p>We from the Refugee Community Bitterfeld sent an open letter to the responsible authorities in January 2023 and demanded a meeting to bring forward our mistreatment and discrimination. This was simply ignored. Since our arrival as asylum seekers, we have not been taken seriously. Our lives have been considered worth nothing. We have been silenced for too long, now it is time for us to make our voices heard. That is why we are calling on the Social and Immigration Office to address our demands, otherwise we will be forced to take further action until our demands are met.<\/p>\n<p><strong>We insist on justice and equal rights for all.<\/strong><\/p>\n<p><strong>Duldung Light is: humiliation, precarization, repression, Isolation, fear and deportation.<\/strong><\/p>\n<p><strong>These are our demands:<\/strong><\/p>\n<p>\u2794 The immediate legalization of us living in Anhalt-Bitterfeld and everywhere.<br \/>\n\u2794 Freedom to live and work anywhere in Germany (Abolition of the residence obligation).<br \/>\n\u2794 Education and vocational training places for us and our children.<br \/>\n\u2794 Work permits for all who want to work.<br \/>\n\u2794 Health insurance for all, without exception.<br \/>\n\u2794 Respect for the human dignity<\/p>\n<p><strong>All together we can defend ourselves against this racist authority. Get mobilized!<\/strong><\/p>\n<p><strong>We are deeply committed to fight for what is our right. No one is illegal! Right to stay everywhere!<\/strong><\/p>\n<p>Contact us via Mail: refugeecommunitybw@gmail.com<br \/>\n<strong>Joint arrival from different cities + other practical information here:<a href=\"http:\/\/instagram.com\/menschenrechte_beibringen\" target=\"_blank\" rel=\"noopener\">instagram.com\/menschenrechte_beibringen<\/a><\/strong><\/p>\n","protected":false},"excerpt":{"rendered":"<p>\ud83d\udca5Dienstag 25.04.2023\ud83d\udca5 wir berichten am Dienstag #b2504\u00a0\u00a0ab 14:00 Uhr\u00a0von der Demonstration \ud83d\udd25Die Ausl\u00e4nderbeh\u00f6rde von Bitterfeld ignoriert unsere Forderungen, deshalb gehen wir Ende April auf die Stra\u00dfe.\ud83d\udd25 Dienstag, 25.04.2023 | 14:00 Uhr | Bahnhofstra\u00dfe 1, 06749 Bitterfeld-Wolfen \u26a0\ufe0f\ud83d\ude8c Gemeinsame Anreise von Berlin im Soli-Bus\ud83d\ude8c: Treffpunkt Oranienplatz um 09:30 &#8211; Bus f\u00e4hrt um 10:00 Anreise:\u00a0U8, Bus 248 &hellip; <\/p>\n<p class=\"link-more\"><a href=\"https:\/\/demotickerberlin.noblogs.org\/?p=3019\" class=\"more-link\"><span class=\"screen-reader-text\">\u201eDie Ausl\u00e4nderbeh\u00f6rde von Bitterfeld ignoriert unsere Forderungen, deshalb gehen wir Ende April auf die Stra\u00dfe. (25.04.2023)\u201c <\/span>weiterlesen<\/a><\/p>\n","protected":false},"author":13687,"featured_media":0,"comment_status":"closed","ping_status":"closed","sticky":false,"template":"","format":"aside","meta":{"footnotes":""},"categories":[14],"tags":[92,91],"class_list":["post-3019","post","type-post","status-publish","format-aside","hentry","category-antirassismus","tag-againstracism","tag-b2504","post_format-post-format-aside"],"_links":{"self":[{"href":"https:\/\/demotickerberlin.noblogs.org\/index.php?rest_route=\/wp\/v2\/posts\/3019","targetHints":{"allow":["GET"]}}],"collection":[{"href":"https:\/\/demotickerberlin.noblogs.org\/index.php?rest_route=\/wp\/v2\/posts"}],"about":[{"href":"https:\/\/demotickerberlin.noblogs.org\/index.php?rest_route=\/wp\/v2\/types\/post"}],"author":[{"embeddable":true,"href":"https:\/\/demotickerberlin.noblogs.org\/index.php?rest_route=\/wp\/v2\/users\/13687"}],"replies":[{"embeddable":true,"href":"https:\/\/demotickerberlin.noblogs.org\/index.php?rest_route=%2Fwp%2Fv2%2Fcomments&post=3019"}],"version-history":[{"count":2,"href":"https:\/\/demotickerberlin.noblogs.org\/index.php?rest_route=\/wp\/v2\/posts\/3019\/revisions"}],"predecessor-version":[{"id":3022,"href":"https:\/\/demotickerberlin.noblogs.org\/index.php?rest_route=\/wp\/v2\/posts\/3019\/revisions\/3022"}],"wp:attachment":[{"href":"https:\/\/demotickerberlin.noblogs.org\/index.php?rest_route=%2Fwp%2Fv2%2Fmedia&parent=3019"}],"wp:term":[{"taxonomy":"category","embeddable":true,"href":"https:\/\/demotickerberlin.noblogs.org\/index.php?rest_route=%2Fwp%2Fv2%2Fcategories&post=3019"},{"taxonomy":"post_tag","embeddable":true,"href":"https:\/\/demotickerberlin.noblogs.org\/index.php?rest_route=%2Fwp%2Fv2%2Ftags&post=3019"}],"curies":[{"name":"wp","href":"https:\/\/api.w.org\/{rel}","templated":true}]}}