{"id":3028,"date":"2023-04-23T14:23:37","date_gmt":"2023-04-23T12:23:37","guid":{"rendered":"https:\/\/demotickerberlin.noblogs.org\/?p=3028"},"modified":"2023-04-24T19:40:32","modified_gmt":"2023-04-24T17:40:32","slug":"take-back-the-night-demo","status":"publish","type":"post","link":"https:\/\/demotickerberlin.noblogs.org\/?p=3028","title":{"rendered":"Take back the night demo! (30.04.2023)"},"content":{"rendered":"<p><img loading=\"lazy\" decoding=\"async\" class=\"alignnone size-full wp-image-5632\" src=\"https:\/\/asanb.noblogs.org\/files\/2023\/04\/b3004_1_1-1.jpg\" alt=\"\" width=\"800\" height=\"450\" \/><\/p>\n<div style=\"width: 525px;\" class=\"wp-video\"><video class=\"wp-video-shortcode\" id=\"video-3028-1\" width=\"525\" height=\"287\" autoplay preload=\"metadata\" controls=\"controls\"><source type=\"video\/mp4\" src=\"https:\/\/asanb.noblogs.org\/files\/2023\/04\/b3004_1_1.mp4?_=1\" \/><a href=\"https:\/\/asanb.noblogs.org\/files\/2023\/04\/b3004_1_1.mp4\">https:\/\/asanb.noblogs.org\/files\/2023\/04\/b3004_1_1.mp4<\/a><\/video><\/div>\n<p><strong>\ud83d\udca5Sonntag 30<\/strong><strong>.04.2023\ud83d\udca5<\/strong><\/p>\n<p>wir berichten am Sonntag <a class=\"css-4rbku5 css-18t94o4 css-901oao css-16my406 r-1cvl2hr r-1loqt21 r-poiln3 r-b88u0q r-bcqeeo r-1ny4l3l r-1ddef8g r-tjvw6i r-qvutc0\" dir=\"ltr\" role=\"link\" href=\"https:\/\/twitter.com\/hashtag\/b3004?src=hashtag_click\" target=\"_blank\" rel=\"noopener\">#b3004<\/a>\u00a0<strong>ab 19:00 Uhr<\/strong>\u00a0von der Demonstration<\/p>\n<p><strong>\ud83d\udd25Take back the night demo!\ud83d\udd25<\/strong><\/p>\n<p>\u26a0\ufe0f<span style=\"color: #ff0000\"><strong>For Trans, Inter, Agender, Non-binary, Lesbians, Women only!<\/strong> <\/span>\u26a0\ufe0f<\/p>\n<p><strong>Sonntag, 30.04.2023 | \u00a0| Kundgebung 19:00 Uhr &#8211; 20:00 Demo | Mariannenplatz 10997 Berlin<\/strong><\/p>\n<p><strong>Anreise: U1, U3, U8 Kottbusser Tor Bus 140, 147<\/strong><\/p>\n<p>Web-Ticker:\u00a0<a href=\"https:\/\/berlin.demoticker.org\/\" target=\"_blank\" rel=\"noreferrer noopener\">https:\/\/berlin.demoticker.org<\/a><br \/>\nMastodon:\u00a0<a href=\"https:\/\/todon.eu\/@Demo_Ticker_Berlin\" target=\"_blank\" rel=\"noreferrer noopener\">@Demo_Ticker_Berlin@todon.eu<\/a><br \/>\nTelegram Ticker:\u00a0<a href=\"https:\/\/t.me\/demotickerberlin\" target=\"_blank\" rel=\"noreferrer noopener\">https:\/\/t.me\/demotickerberlin<\/a><br \/>\n\u26a0\ufe0fTelegram Ticker English:\u00a0<strong>Offline!<\/strong><br \/>\nTwitter Accounts: \ud83d\udce2<a href=\"https:\/\/twitter.com\/demo_ticker\" target=\"_blank\" rel=\"noreferrer noopener\">@demo_ticker<\/a><br \/>\nTwitter Hashtags: <a class=\"css-4rbku5 css-18t94o4 css-901oao css-16my406 r-1cvl2hr r-1loqt21 r-poiln3 r-b88u0q r-bcqeeo r-1ny4l3l r-1ddef8g r-tjvw6i r-qvutc0\" dir=\"ltr\" role=\"link\" href=\"https:\/\/twitter.com\/hashtag\/b3004?src=hashtag_click\" target=\"_blank\" rel=\"noopener\">#b3004<\/a> <a class=\"css-4rbku5 css-18t94o4 css-901oao css-16my406 r-1cvl2hr r-1loqt21 r-poiln3 r-b88u0q r-bcqeeo r-1ny4l3l r-1ddef8g r-tjvw6i r-qvutc0\" dir=\"ltr\" role=\"link\" href=\"https:\/\/twitter.com\/hashtag\/TakeBackTheNight?src=hashtag_click\" target=\"_blank\" rel=\"noopener\">#TakeBackTheNight<\/a><\/p>\n<p>\ud83d\udce3<a href=\"https:\/\/kontrapolis.info\/10018\/\" target=\"_blank\" rel=\"noopener\">Aufruf&#8230;<\/a><\/p>\n<p><strong>\ud83d\uddfa\ufe0f Voraussichtliche Route:<\/strong><\/p>\n<ul>\n<li>Mariannenplatz<\/li>\n<li>Muskauer Stra\u00dfe<\/li>\n<li>Eisenbahnstra\u00dfe<\/li>\n<li>K\u00f6penicker Stra\u00dfe<\/li>\n<li>Adalbertstra\u00dfe<\/li>\n<li>Reichenberger Stra\u00dfe<\/li>\n<li>Ohlauer Stra\u00dfe<\/li>\n<li>Wiener Stra\u00dfe<\/li>\n<li>Spreewaldplatz<\/li>\n<li>Skalitzer Stra\u00dfe<\/li>\n<li>Schlesisches Tor<\/li>\n<\/ul>\n<p><em><strong>*English below*<\/strong><\/em><\/p>\n<hr \/>\n<p><strong>Queer-feministische Demo gegen patriarchale und queer-feindliche Gewalt am 30.04.2023 in Berlin<\/strong><\/p>\n<p>\u26a0\ufe0f<span style=\"color: #ff0000\"><strong>For Trans, Inter, Agender, Non-binary, Lesbians, Women only!<\/strong> <\/span>\u26a0\ufe0f<\/p>\n<p>Im letzten Jahr mussten wir trans, inter, nicht-bin\u00e4re und agender Personen, Frauen und Lesben eine Zuspitzung von patriarchaler und queer-feindlicher Gewalt feststellen: Trans Personen werden auf offener Stra\u00dfe ermordet; zuletzt starb im Februar 2023 in Gro\u00dfbritannien die 16-j\u00e4hrige Brianna, nachdem sie in einem Park niedergestochen wurde.<\/p>\n<p>In Deutschland erlag am <span class=\"__postbox-detected-content __postbox-detected-date\">2. September<\/span> Malte seinen Verletzungen, nachdem er von einem queer-feindlichen Angreifer am Rande des M\u00fcnster CSD&#8217;s niedergeschlagen wurde.<\/p>\n<p>Die durch die Ermordung von Jina Mahsa Amini ausgel\u00f6ste Revolution im Iran wird weiterhin mit aller Gewalt versucht niederzuschlagen und die patriarchale Gewalt gipfelt dort in Folter, T\u00f6tung und Vergewaltigung.<\/p>\n<p>In Afghanistan ist seit der Machtergreifung der Taliban eine systematische Verdr\u00e4ngung von Frauen und M\u00e4dchen aus dem gesellschaftlichen Leben festzustellen.<\/p>\n<p>Die feministische Revolution in Rojava ist weiterhin t\u00e4glich Angriffen ausgetzt.<\/p>\n<p>Diese Aufz\u00e4hlung k\u00f6nnen wir so fortf\u00fchren, doch eines k\u00f6nnen wir f\u00fcr alle festhalten &#8211; das Problem ist die patriarchale und queer-feindliche Gewalt, die uns allt\u00e4glich widerf\u00e4hrt und durch den Staat propagiert wird: In Gerichtss\u00e4len, durch die Polizei und durch alle weiteren Institutionen, die vorgeben, uns zu sch\u00fctzen, aber uns in Wirklichkeit angreifen und unterdr\u00fccken, um sich selbst zu erhalten.<\/p>\n<p>Das Problem ist nicht, dass wir uns im \u00f6ffentlichen Raum aufhalten, als Teil der Gesellschaft fungieren, vermeintliche Sitten brechen oder f\u00fcr unsere Rechte auf Selbstbestimmung eintreten. <br data-pb-node-luminance-reversed=\"true\" \/><br data-pb-node-luminance-reversed=\"true\" \/><strong>Doch wir lassen uns nicht einsch\u00fcchtern, denn Selbstverteidigung hei\u00dft Angriff!<\/strong><\/p>\n<p>Die anhaltenden Versuche der Kriminalisierung und Zerschlagung unserer Demonstration in den letzten 2 Jahren halten uns nicht davon ab, erneut auf die Stra\u00dfe zu gehen und der Wut und unserem Hass auf die Bullen, den Staat, das kapitalistische Patriarchat und die, die uns unterdr\u00fccken, einen Ausdruck zu verleihen.<\/p>\n<p>Unsere St\u00e4rke ist es, uns zusammenzutun und zu organisieren, aufeinander R\u00fccksicht zu nehmen und wertzusch\u00e4tzen, verschiedene K\u00e4mpfe und Betroffenheiten wahrzunehmen und uns miteinander zu solidarisieren.<\/p>\n<p>Wir wehren uns gegen die Versuche uns zu isolieren, beherrschen und auszuradieren: Deswegen gehen wir am <span class=\"__postbox-detected-content __postbox-detected-date\">30. April<\/span> erneut laut und k\u00e4mpferisch auf Berlins Stra\u00dfen! <br data-pb-node-luminance-reversed=\"true\" \/><br data-pb-node-luminance-reversed=\"true\" \/>Wir haben uns daf\u00fcr entschieden trans, inter, nicht-bin\u00e4re und agender Personen, Frauen und Lesben auszuschreiben, um die Wahrnehmung aufzubrechen, dass FLINTA*-R\u00e4ume haupts\u00e4chlich f\u00fcr cis weibliche Personen vorbehalten sind.<\/p>\n<p>Wir m\u00f6chten explizit trans, inter, nicht-bin\u00e4re und agender Personen zu unserer Demonstration einladen.<\/p>\n<p>Identit\u00e4t kann nicht an \u00c4u\u00dferlichkeiten festgemacht werden, <strong>TERFs (trans-exclusionary radical feminist) und SWERF&#8217;s (sex worker-exclusionary radical feminists) sind auf dieser Demo nicht willkommen. <\/strong><\/p>\n<p><strong>Gestartet wird um 19:00 Uhr am Mariannenplatz. Hier wird es eine Kundgebung mit Musik und Performance geben. Danach gehen wir ab 20:00 Uhr von dort in die Laufdemo \u00fcber.<\/strong><\/p>\n<hr \/>\n<p><strong>Queer-feminist demo against patriarchal and queer hostile violence in Berlin on 30.04.2023<\/strong><\/p>\n<p>Over the past year, we have seen trans, inter, non-binary, and agender people, women, and lesbians experience an escalation of patriarchal and queer hostile violence: Trans people are being murdered on the streets; most recently, 16-year-old Brianna died in the UK in <span class=\"__postbox-detected-content __postbox-detected-date\">February 2023<\/span> after being stabbed in a park.<\/p>\n<p>In Germany, Malte succumbed to his injuries <span class=\"__postbox-detected-content __postbox-detected-date\">on September 2<\/span> after being struck down by a queer-hostile attacker on the sidelines of the M\u00fcnster CSD.<\/p>\n<p>The revolution in Iran sparked by the murder of Jina Mahsa Amini continues to be violently put down, and patriarchal violence there culminates in torture, killing, and rape.<\/p>\n<p>In Afghanistan, since the Taliban came to power, women and girls have been systematically displaced from social life.<\/p>\n<p>The feminist revolution in Rojava continues to face daily attacks.<\/p>\n<p>We can continue this list, but one thing we can state for sure \u2013 the problem is the patriarchal and queer hostile violence that happens to us every day and is being propagated by the state: In courtrooms, by the police, and by all the other institutions that pretend to protect us but actually attack and oppress us in order to preserve themselves.<\/p>\n<p>The problem is not that we are in public spaces, functioning as part of society, breaking supposed mores, or standing up for our rights to self-determination. <br data-pb-node-luminance-reversed=\"true\" \/><br data-pb-node-luminance-reversed=\"true\" \/>But we will not be intimidated, because self-defense means attack! The ongoing attempts to criminalize and crush our demonstration in the last 2 years do not stop us from going out on the streets again and voicing our anger and our hatred for the cops, the state, the capitalist patriarchy, and those who oppress us.<\/p>\n<p>Our strength is to unite and organize, to be considerate and appreciative of each other, to be aware of different struggles and affectednesses, and to show solidarity with each other.<\/p>\n<p>We resist the attempts to isolate, dominate and eradicate us: That\u2019s why <span class=\"__postbox-detected-content __postbox-detected-date\">on April 30,<\/span> we will once again walk loudly and militantly on Berlin\u2019s streets! <br data-pb-node-luminance-reversed=\"true\" \/><br data-pb-node-luminance-reversed=\"true\" \/>We decided to write out trans, inter, non-binary, and agender people, women, and lesbians to break the perception that FLINTA* spaces are mainly reserved for cis female people.<\/p>\n<p>We want to explicitly invite trans, inter, non-binary, and agender people to our demonstration.<\/p>\n<p>Identity can\u2019t be tied to appearances, <strong>TERFs (trans-exclusionary radical feminists) and SWERFs (sex worker-exclusionary radical feminists) are not welcome at this demo. <\/strong><\/p>\n<p><strong>It will start <span class=\"__postbox-detected-content __postbox-detected-date\">at 07:00 pm<\/span> at Mariannenplatz. There will be a rally with music and performances. After that, we will move on from there to the walking demo <span class=\"__postbox-detected-content __postbox-detected-date\">at 08:00 pm.<\/span><\/strong><\/p>\n","protected":false},"excerpt":{"rendered":"<p>\ud83d\udca5Sonntag 30.04.2023\ud83d\udca5 wir berichten am Sonntag #b3004\u00a0ab 19:00 Uhr\u00a0von der Demonstration \ud83d\udd25Take back the night demo!\ud83d\udd25 \u26a0\ufe0fFor Trans, Inter, Agender, Non-binary, Lesbians, Women only! \u26a0\ufe0f Sonntag, 30.04.2023 | \u00a0| Kundgebung 19:00 Uhr &#8211; 20:00 Demo | Mariannenplatz 10997 Berlin Anreise: U1, U3, U8 Kottbusser Tor Bus 140, 147 Web-Ticker:\u00a0https:\/\/berlin.demoticker.org Mastodon:\u00a0@Demo_Ticker_Berlin@todon.eu Telegram Ticker:\u00a0https:\/\/t.me\/demotickerberlin \u26a0\ufe0fTelegram Ticker English:\u00a0Offline! &hellip; <\/p>\n<p class=\"link-more\"><a href=\"https:\/\/demotickerberlin.noblogs.org\/?p=3028\" class=\"more-link\"><span class=\"screen-reader-text\">\u201eTake back the night demo! (30.04.2023)\u201c <\/span>weiterlesen<\/a><\/p>\n","protected":false},"author":13687,"featured_media":0,"comment_status":"closed","ping_status":"closed","sticky":false,"template":"","format":"aside","meta":{"footnotes":""},"categories":[15],"tags":[93,94],"class_list":["post-3028","post","type-post","status-publish","format-aside","hentry","category-feministische-kaempfe","tag-b3004","tag-takebackthenight","post_format-post-format-aside"],"_links":{"self":[{"href":"https:\/\/demotickerberlin.noblogs.org\/index.php?rest_route=\/wp\/v2\/posts\/3028","targetHints":{"allow":["GET"]}}],"collection":[{"href":"https:\/\/demotickerberlin.noblogs.org\/index.php?rest_route=\/wp\/v2\/posts"}],"about":[{"href":"https:\/\/demotickerberlin.noblogs.org\/index.php?rest_route=\/wp\/v2\/types\/post"}],"author":[{"embeddable":true,"href":"https:\/\/demotickerberlin.noblogs.org\/index.php?rest_route=\/wp\/v2\/users\/13687"}],"replies":[{"embeddable":true,"href":"https:\/\/demotickerberlin.noblogs.org\/index.php?rest_route=%2Fwp%2Fv2%2Fcomments&post=3028"}],"version-history":[{"count":6,"href":"https:\/\/demotickerberlin.noblogs.org\/index.php?rest_route=\/wp\/v2\/posts\/3028\/revisions"}],"predecessor-version":[{"id":3036,"href":"https:\/\/demotickerberlin.noblogs.org\/index.php?rest_route=\/wp\/v2\/posts\/3028\/revisions\/3036"}],"wp:attachment":[{"href":"https:\/\/demotickerberlin.noblogs.org\/index.php?rest_route=%2Fwp%2Fv2%2Fmedia&parent=3028"}],"wp:term":[{"taxonomy":"category","embeddable":true,"href":"https:\/\/demotickerberlin.noblogs.org\/index.php?rest_route=%2Fwp%2Fv2%2Fcategories&post=3028"},{"taxonomy":"post_tag","embeddable":true,"href":"https:\/\/demotickerberlin.noblogs.org\/index.php?rest_route=%2Fwp%2Fv2%2Ftags&post=3028"}],"curies":[{"name":"wp","href":"https:\/\/api.w.org\/{rel}","templated":true}]}}