{"id":3037,"date":"2023-04-23T13:00:33","date_gmt":"2023-04-23T11:00:33","guid":{"rendered":"https:\/\/demotickerberlin.noblogs.org\/?p=3037"},"modified":"2023-04-25T20:04:50","modified_gmt":"2023-04-25T18:04:50","slug":"stoppt-den-krieg-im-sudan-28-04-2023","status":"publish","type":"post","link":"https:\/\/demotickerberlin.noblogs.org\/?p=3037","title":{"rendered":"Stoppt den Krieg im Sudan! (28.04.2023)"},"content":{"rendered":"<p><img loading=\"lazy\" decoding=\"async\" class=\"alignnone size-full wp-image-5639\" src=\"https:\/\/asanb.noblogs.org\/files\/2023\/04\/b2804_0_1.jpg\" alt=\"\" width=\"1080\" height=\"1536\" \/><\/p>\n<p><strong>\ud83d\udca5Freitag 28<\/strong><strong>.04.2023\ud83d\udca5<\/strong><\/p>\n<p>wir berichten am Freitag <a class=\"css-4rbku5 css-18t94o4 css-901oao css-16my406 r-1cvl2hr r-1loqt21 r-poiln3 r-b88u0q r-bcqeeo r-1ny4l3l r-1ddef8g r-tjvw6i r-qvutc0\" dir=\"ltr\" role=\"link\" href=\"https:\/\/twitter.com\/hashtag\/b2804?src=hashtag_click\" target=\"_blank\" rel=\"noopener\">#b2804<\/a>\u00a0<strong>ab 15:00 Uhr<\/strong>\u00a0von der Demonstration<\/p>\n<p><strong>\ud83d\udd25Stoppt den Krieg im Sudan!\ud83d\udd25<\/strong><\/p>\n<p><strong>Freitag, 28.04.2023 | 15:00 Uhr | Werderscher Markt 1, 10117 Berlin<\/strong><\/p>\n<p><strong>Anreise: U5, Bus 100, 300 Museumsinsel | U2 Hausvogteiplatz | Bus 147 Werderscher Markt<\/strong><\/p>\n<p>Web-Ticker:\u00a0<a href=\"https:\/\/berlin.demoticker.org\/\" target=\"_blank\" rel=\"noreferrer noopener\">https:\/\/berlin.demoticker.org<\/a><br \/>\nMastodon:\u00a0<a href=\"https:\/\/todon.eu\/@Demo_Ticker_Berlin\" target=\"_blank\" rel=\"noreferrer noopener\">@Demo_Ticker_Berlin@todon.eu<\/a><br \/>\nTelegram Ticker:\u00a0<a href=\"https:\/\/t.me\/demotickerberlin\" target=\"_blank\" rel=\"noreferrer noopener\">https:\/\/t.me\/demotickerberlin<\/a><br \/>\n\u26a0\ufe0fTelegram Ticker English:\u00a0<strong>Offline!<\/strong><br \/>\nTwitter Accounts: \ud83d\udce2<a href=\"https:\/\/twitter.com\/demo_ticker\" target=\"_blank\" rel=\"noreferrer noopener\">@demo_ticker<\/a><br \/>\nTwitter Hashtags: <a class=\"css-4rbku5 css-18t94o4 css-901oao css-16my406 r-1cvl2hr r-1loqt21 r-poiln3 r-bcqeeo r-qvutc0\" dir=\"ltr\" role=\"link\" href=\"https:\/\/twitter.com\/hashtag\/b2804?src=hashtag_click\" target=\"_blank\" rel=\"noopener\">#b2804<\/a> <a class=\"css-4rbku5 css-18t94o4 css-901oao css-16my406 r-1cvl2hr r-1loqt21 r-poiln3 r-b88u0q r-bcqeeo r-1ny4l3l r-1ddef8g r-tjvw6i r-qvutc0\" dir=\"ltr\" role=\"link\" href=\"https:\/\/twitter.com\/hashtag\/SudanRevolution?src=hashtag_click\" target=\"_blank\" rel=\"noopener\">#SudanRevolution<\/a><\/p>\n<p><strong>\ud83d\uddfa\ufe0f Voraussichtliche Route:<\/strong><\/p>\n<ul>\n<li>Werderscher Markt 1<\/li>\n<li>Franz\u00f6sische Stra\u00dfe<\/li>\n<li>Bebelplatz<\/li>\n<li>Unter den Linden<\/li>\n<li>Wilhelmstra\u00dfe<\/li>\n<li>Dorotheenstra\u00dfe<\/li>\n<li>Scheidemannstra\u00dfe<\/li>\n<li>Heinrich-v.-Gagern-Stra\u00dfe<\/li>\n<li>Paul-L\u00f6be-Allee<\/li>\n<li>Platz der Republik<\/li>\n<\/ul>\n<p><em><strong>* english below *<\/strong><\/em><\/p>\n<hr \/>\n<p>Wir, sudanesische Aktivisten, Studenten, Fl\u00fcchtlinge, Arbeiter und andere in Deutschland, rufen die Antikriegsb\u00fcndnisse und die Fl\u00fcchtlingsbewegung und insbesondere die Sudanesen im ganzen Land und in ganz Europa auf, mit uns am Freitag, den 28. April 2023 ab 15 Uhr am Ausw\u00e4rtigen Amt zu protestieren und um 18 Uhr am Bundestag zu demonstrieren.<\/p>\n<p>Wir rufen auch unsere Br\u00fcder und Schwestern aus anderen L\u00e4ndern und Regionen, die sich im Krieg befinden, und unsere Verb\u00fcndeten in der Antikriegs- und Fl\u00fcchtlingsbewegung auf, sich uns an diesem Tag anzuschlie\u00dfen und unsere Stimme zu unterst\u00fctzen.<\/p>\n<p>Im Sudan sind unsere Br\u00fcder und Schwestern mit einer entsetzlichen Situation konfrontiert. Ein t\u00f6dlicher Konflikt begann am Morgen des 15. April 2023, als ein Machtkampf zwischen dem sudanesischen Milit\u00e4r (SAF) und den Janjaweed-Milizen (Rapid Support Forces, RSF) in einen Krieg ausartete. Auch andere Milizen und Elemente des Sicherheitsapparats des ehemaligen Diktators al-Bashir sind daran beteiligt. Sowohl die SAF als auch die RSF haben in Darfur und anderen Regionen des Landes V\u00f6lkermord und Kriegsverbrechen begangen und Hunderte von Demonstranten get\u00f6tet. Der gegenw\u00e4rtige Krieg ist auch ein konterrevolution\u00e4rer Versuch des islamistisch-milit\u00e4rischen Regimes, an die Macht zur\u00fcckzukehren und die demokratische Flamme, die im Sudan hell brennt, auszul\u00f6schen.<\/p>\n<p>Seit dem 15. April wurden Hunderte von Menschen get\u00f6tet und Tausende weitere verletzt. Die K\u00e4mpfe begannen in Merowe im Norden und weiteten sich aus; da sie mitten in dicht besiedelten Wohngebieten stattfinden, darunter die Hauptstadt Khartum, Nyala, El-Obeid und El Fasher, ist das Ausma\u00df der Sch\u00e4den erschreckend. H\u00e4user, Schulen, Stra\u00dfen und medizinische Einrichtungen wurden unter Beschuss genommen. Viele haben keinen Zugang mehr zu Lebensmitteln und Wasser.<\/p>\n<p>Tausende, vielleicht Zehntausende, fliehen an die Grenzen, ohne zu wissen, ob sie dort in Sicherheit sind.<\/p>\n<p>Die regionalen und internationalen M\u00e4chte, die die Kriegsparteien unterst\u00fctzen, sind gr\u00f6\u00dftenteils Verb\u00fcndete oder machen Gesch\u00e4fte mit der EU. Sie setzen ihre wirtschaftlichen und geostrategischen Interessen auf dem R\u00fccken unserer Bev\u00f6lkerung durch und verwandeln unser Land in Tr\u00fcmmer. Das muss aufh\u00f6ren.<\/p>\n<p><strong>Lasst uns zusammenkommen!<\/strong><\/p>\n<hr \/>\n<p>We, Sudanese activists, students, refugees, workers and others in Germany, call on the anti-war alliances and refugees movement and especially Sudanese around the country and all over Europe to come protest and march with us this Friday, April 28th,2023 starting at 3pm at the Ausw\u00e4rtiges Amt (German Federal Foreign Office) and ending at 6pm at the Bundestag.<\/p>\n<p>We also call on our brothers and sisters from other countries and regions at war, and our allies in the anti-war and refugee movements, to join us on that day and help lift our voice.<\/p>\n<p>In Sudan, our brothers &amp; sisters are facing a horrific situation. A deadly conflict began on the morning of April 15, 2023, as a power struggle between the Sudanese military (SAF) and the Janjaweed Rapid Support Forces (RSF) militias exploded into war. Other militias and elements of the security apparatus of the former dictator, al-Bashir, are also involved too. Both the SAF and the RSF committed genocide and war crimes in Darfur and other regions of the country, and they have killed hundreds of protesters. This current war is also a counter-revolutionary attempt by the Islamist-military regime to return to power and to extinguish the democratic flame that burns brightly in Sudan.<\/p>\n<p>Since April 15, hundreds of people have been killed, and thousands more injured. The fighting started in Merowe in the north and spread; since it is taking place in the middle of densely populated residential areas, including the capital Khartoum, Nyala, El-Obeid and El Fasher, the extent of the damage is horrific. Homes, schools, roads, and medical facilities have been shelled. Food and water is no longer accessible to many.<\/p>\n<p>Thousands, perhaps tens of thousands, are fleeing for the borders, unsure of whether they will reach safety, Regional and international powers backing the warring parties are for the most part allies, or do business, with the EU. They advance their economic and geostrategic interests on the bodies of our people, turning our country into rubble. This must stop.<\/p>\n<p><strong>Let\u2019s come together!<\/strong><\/p>\n","protected":false},"excerpt":{"rendered":"<p>\ud83d\udca5Freitag 28.04.2023\ud83d\udca5 wir berichten am Freitag #b2804\u00a0ab 15:00 Uhr\u00a0von der Demonstration \ud83d\udd25Stoppt den Krieg im Sudan!\ud83d\udd25 Freitag, 28.04.2023 | 15:00 Uhr | Werderscher Markt 1, 10117 Berlin Anreise: U5, Bus 100, 300 Museumsinsel | U2 Hausvogteiplatz | Bus 147 Werderscher Markt Web-Ticker:\u00a0https:\/\/berlin.demoticker.org Mastodon:\u00a0@Demo_Ticker_Berlin@todon.eu Telegram Ticker:\u00a0https:\/\/t.me\/demotickerberlin \u26a0\ufe0fTelegram Ticker English:\u00a0Offline! Twitter Accounts: \ud83d\udce2@demo_ticker Twitter Hashtags: #b2804 #SudanRevolution &hellip; <\/p>\n<p class=\"link-more\"><a href=\"https:\/\/demotickerberlin.noblogs.org\/?p=3037\" class=\"more-link\"><span class=\"screen-reader-text\">\u201eStoppt den Krieg im Sudan! (28.04.2023)\u201c <\/span>weiterlesen<\/a><\/p>\n","protected":false},"author":13687,"featured_media":0,"comment_status":"closed","ping_status":"closed","sticky":false,"template":"","format":"aside","meta":{"footnotes":""},"categories":[13,19],"tags":[95,99],"class_list":["post-3037","post","type-post","status-publish","format-aside","hentry","category-antimilitarismus","category-soziale-kaempfe","tag-b2804","tag-sudanrevolution","post_format-post-format-aside"],"_links":{"self":[{"href":"https:\/\/demotickerberlin.noblogs.org\/index.php?rest_route=\/wp\/v2\/posts\/3037","targetHints":{"allow":["GET"]}}],"collection":[{"href":"https:\/\/demotickerberlin.noblogs.org\/index.php?rest_route=\/wp\/v2\/posts"}],"about":[{"href":"https:\/\/demotickerberlin.noblogs.org\/index.php?rest_route=\/wp\/v2\/types\/post"}],"author":[{"embeddable":true,"href":"https:\/\/demotickerberlin.noblogs.org\/index.php?rest_route=\/wp\/v2\/users\/13687"}],"replies":[{"embeddable":true,"href":"https:\/\/demotickerberlin.noblogs.org\/index.php?rest_route=%2Fwp%2Fv2%2Fcomments&post=3037"}],"version-history":[{"count":2,"href":"https:\/\/demotickerberlin.noblogs.org\/index.php?rest_route=\/wp\/v2\/posts\/3037\/revisions"}],"predecessor-version":[{"id":3039,"href":"https:\/\/demotickerberlin.noblogs.org\/index.php?rest_route=\/wp\/v2\/posts\/3037\/revisions\/3039"}],"wp:attachment":[{"href":"https:\/\/demotickerberlin.noblogs.org\/index.php?rest_route=%2Fwp%2Fv2%2Fmedia&parent=3037"}],"wp:term":[{"taxonomy":"category","embeddable":true,"href":"https:\/\/demotickerberlin.noblogs.org\/index.php?rest_route=%2Fwp%2Fv2%2Fcategories&post=3037"},{"taxonomy":"post_tag","embeddable":true,"href":"https:\/\/demotickerberlin.noblogs.org\/index.php?rest_route=%2Fwp%2Fv2%2Ftags&post=3037"}],"curies":[{"name":"wp","href":"https:\/\/api.w.org\/{rel}","templated":true}]}}