{"id":3040,"date":"2023-04-28T23:04:55","date_gmt":"2023-04-28T21:04:55","guid":{"rendered":"https:\/\/demotickerberlin.noblogs.org\/?p=3040"},"modified":"2023-04-28T23:04:55","modified_gmt":"2023-04-28T21:04:55","slug":"rwe-grunewald-reichtum-wird-enteignet-01-05-2023","status":"publish","type":"post","link":"https:\/\/demotickerberlin.noblogs.org\/?p=3040","title":{"rendered":"RWE Grunewald \u2013 Reichtum Wird Enteignet! (01.05.2023)"},"content":{"rendered":"<p><img loading=\"lazy\" decoding=\"async\" class=\"alignnone size-full wp-image-5641\" src=\"https:\/\/asanb.noblogs.org\/files\/2023\/04\/FukpeORWIAAWSYa.jpg\" alt=\"\" width=\"1429\" height=\"1417\" \/><\/p>\n<p><strong>\ud83d\udca5Montag 01<\/strong><strong>.05.2023\ud83d\udca5<\/strong><\/p>\n<p>wir berichten am Montag <a class=\"css-4rbku5 css-18t94o4 css-901oao css-16my406 r-1cvl2hr r-1loqt21 r-poiln3 r-b88u0q r-bcqeeo r-qvutc0\" dir=\"ltr\" role=\"link\" href=\"https:\/\/twitter.com\/hashtag\/b0105?src=hashtag_click\" target=\"_blank\" rel=\"noopener\">#b0105<\/a>\u00a0<strong>ab 12:00 Uhr<\/strong>\u00a0von der Demonstration<\/p>\n<p><strong>\ud83d\udd25RWE Grunewald \u2013 Reichtum Wird Enteignet!\ud83d\udd25<\/strong><\/p>\n<p><strong>Montag, 01.05.2023 | 12:00 Uhr | Johannaplatz 14193 Berlin<\/strong><\/p>\n<p><strong>Anreise: Bus M29, X10 Bismarckplatz | M19 Herbertstra\u00dfe | M29 Lynarstra\u00dfe | \u00fcber S-BHf Halensee S41, S42, S45, S46, mit Bus M19, M29, X10<\/strong><\/p>\n<p>Web-Ticker:\u00a0<a href=\"https:\/\/berlin.demoticker.org\/\" target=\"_blank\" rel=\"noreferrer noopener\">https:\/\/berlin.demoticker.org<\/a><br \/>\nMastodon:\u00a0<a href=\"https:\/\/todon.eu\/@Demo_Ticker_Berlin\" target=\"_blank\" rel=\"noreferrer noopener\">@Demo_Ticker_Berlin@todon.eu<\/a><br \/>\nTelegram Ticker:\u00a0<a href=\"https:\/\/t.me\/demotickerberlin\" target=\"_blank\" rel=\"noreferrer noopener\">https:\/\/t.me\/demotickerberlin<\/a><br \/>\n\u26a0\ufe0fTelegram Ticker English:\u00a0<strong>Offline!<\/strong><br \/>\nTwitter Accounts: \ud83d\udce2<a href=\"https:\/\/twitter.com\/demo_ticker\" target=\"_blank\" rel=\"noreferrer noopener\">@demo_ticker<\/a><br \/>\nTwitter Hashtags: <a class=\"css-4rbku5 css-18t94o4 css-901oao css-16my406 r-1cvl2hr r-1loqt21 r-poiln3 r-b88u0q r-bcqeeo r-qvutc0\" dir=\"ltr\" role=\"link\" href=\"https:\/\/twitter.com\/hashtag\/b0105?src=hashtag_click\" target=\"_blank\" rel=\"noopener\">#b0105<\/a> <a class=\"css-4rbku5 css-18t94o4 css-901oao css-16my406 r-1cvl2hr r-1loqt21 r-poiln3 r-bcqeeo r-1ny4l3l r-1ddef8g r-tjvw6i r-qvutc0\" dir=\"ltr\" role=\"link\" href=\"https:\/\/twitter.com\/hashtag\/1Mai?src=hashtag_click\" target=\"_blank\" rel=\"noopener\">#1Mai<\/a><\/p>\n<p><strong>\ud83d\uddfa\ufe0f Voraussichtliche Route:<\/strong><\/p>\n<p><a href=\"https:\/\/asanb.noblogs.org\/files\/2023\/04\/grunewald-map.jpg\" target=\"_blank\" rel=\"noopener\"><img loading=\"lazy\" decoding=\"async\" class=\"alignnone wp-image-5642 size-full\" src=\"https:\/\/asanb.noblogs.org\/files\/2023\/04\/grunewald-map.jpg\" alt=\"\" width=\"960\" height=\"679\" \/><\/a><\/p>\n<ul>\n<li>Johannaplatz<\/li>\n<li>Bismackallee<\/li>\n<li>Bismarckkirche<\/li>\n<li>Wernerstra\u00dfe<\/li>\n<li>Richard-Strau\u00df-Stra\u00dfe<\/li>\n<li>Menzelstra\u00dfe<\/li>\n<li>Hagenplatz<\/li>\n<li>K\u00f6nigsallee<\/li>\n<li>Erdener Stra\u00dfe<\/li>\n<li>Baraschstra\u00dfe<\/li>\n<li>Winklerstra\u00dfe<\/li>\n<li>Am Bahnhof Grunewald<\/li>\n<\/ul>\n<p><strong>Heraus zum 1. Mai!<\/strong><\/p>\n<p>Wenn man viel Energie gegen die Stadt der Reichen &amp; f\u00fcr die Stadt f\u00fcr alle hat, schafft man \u00fcbrigens die Demo im Villenviertel UND in Neuk\u00f6lln.<\/p>\n<p><strong>Wir enden 16:00 am S-Bhf, Anschluss nach Neuk\u00f6lln wird erreicht!<\/strong><\/p>\n<p>Alternativ gibts ne starke Abschlusskundgebung!<\/p>\n<p><strong><em>RWE Grunewald \u2013 Reichtum Wird Enteignet<\/em><\/strong><\/p>\n","protected":false},"excerpt":{"rendered":"<p>\ud83d\udca5Montag 01.05.2023\ud83d\udca5 wir berichten am Montag #b0105\u00a0ab 12:00 Uhr\u00a0von der Demonstration \ud83d\udd25RWE Grunewald \u2013 Reichtum Wird Enteignet!\ud83d\udd25 Montag, 01.05.2023 | 12:00 Uhr | Johannaplatz 14193 Berlin Anreise: Bus M29, X10 Bismarckplatz | M19 Herbertstra\u00dfe | M29 Lynarstra\u00dfe | \u00fcber S-BHf Halensee S41, S42, S45, S46, mit Bus M19, M29, X10 Web-Ticker:\u00a0https:\/\/berlin.demoticker.org Mastodon:\u00a0@Demo_Ticker_Berlin@todon.eu Telegram Ticker:\u00a0https:\/\/t.me\/demotickerberlin \u26a0\ufe0fTelegram &hellip; <\/p>\n<p class=\"link-more\"><a href=\"https:\/\/demotickerberlin.noblogs.org\/?p=3040\" class=\"more-link\"><span class=\"screen-reader-text\">\u201eRWE Grunewald \u2013 Reichtum Wird Enteignet! (01.05.2023)\u201c <\/span>weiterlesen<\/a><\/p>\n","protected":false},"author":13687,"featured_media":0,"comment_status":"closed","ping_status":"closed","sticky":false,"template":"","format":"aside","meta":{"footnotes":""},"categories":[16,18],"tags":[101,100],"class_list":["post-3040","post","type-post","status-publish","format-aside","hentry","category-gentrifizierung","category-soli-veranstaltung","tag-1mai","tag-b0105","post_format-post-format-aside"],"_links":{"self":[{"href":"https:\/\/demotickerberlin.noblogs.org\/index.php?rest_route=\/wp\/v2\/posts\/3040","targetHints":{"allow":["GET"]}}],"collection":[{"href":"https:\/\/demotickerberlin.noblogs.org\/index.php?rest_route=\/wp\/v2\/posts"}],"about":[{"href":"https:\/\/demotickerberlin.noblogs.org\/index.php?rest_route=\/wp\/v2\/types\/post"}],"author":[{"embeddable":true,"href":"https:\/\/demotickerberlin.noblogs.org\/index.php?rest_route=\/wp\/v2\/users\/13687"}],"replies":[{"embeddable":true,"href":"https:\/\/demotickerberlin.noblogs.org\/index.php?rest_route=%2Fwp%2Fv2%2Fcomments&post=3040"}],"version-history":[{"count":1,"href":"https:\/\/demotickerberlin.noblogs.org\/index.php?rest_route=\/wp\/v2\/posts\/3040\/revisions"}],"predecessor-version":[{"id":3041,"href":"https:\/\/demotickerberlin.noblogs.org\/index.php?rest_route=\/wp\/v2\/posts\/3040\/revisions\/3041"}],"wp:attachment":[{"href":"https:\/\/demotickerberlin.noblogs.org\/index.php?rest_route=%2Fwp%2Fv2%2Fmedia&parent=3040"}],"wp:term":[{"taxonomy":"category","embeddable":true,"href":"https:\/\/demotickerberlin.noblogs.org\/index.php?rest_route=%2Fwp%2Fv2%2Fcategories&post=3040"},{"taxonomy":"post_tag","embeddable":true,"href":"https:\/\/demotickerberlin.noblogs.org\/index.php?rest_route=%2Fwp%2Fv2%2Ftags&post=3040"}],"curies":[{"name":"wp","href":"https:\/\/api.w.org\/{rel}","templated":true}]}}