{"id":3042,"date":"2023-04-28T23:57:45","date_gmt":"2023-04-28T21:57:45","guid":{"rendered":"https:\/\/demotickerberlin.noblogs.org\/?p=3042"},"modified":"2023-04-28T23:57:45","modified_gmt":"2023-04-28T21:57:45","slug":"der-preis-wird-immer-heisser-nicht-fordern-kaempfen-fuer-die-soziale-revolution-01-05-2023","status":"publish","type":"post","link":"https:\/\/demotickerberlin.noblogs.org\/?p=3042","title":{"rendered":"Der Preis wird immer hei\u00dfer: Nicht fordern, k\u00e4mpfen! F\u00fcr die soziale Revolution! (01.05.2023)"},"content":{"rendered":"<p><img loading=\"lazy\" decoding=\"async\" class=\"alignnone size-full wp-image-5646\" src=\"https:\/\/asanb.noblogs.org\/files\/2023\/04\/b0105_2_1-1.jpg\" alt=\"\" width=\"680\" height=\"680\" \/><\/p>\n<p><strong>\ud83d\udca5Montag 01<\/strong><strong>.05.2023\ud83d\udca5<\/strong><\/p>\n<p>wir berichten am Montag\u00a0<a class=\"css-4rbku5 css-18t94o4 css-901oao css-16my406 r-1cvl2hr r-1loqt21 r-poiln3 r-b88u0q r-bcqeeo r-qvutc0\" dir=\"ltr\" role=\"link\" href=\"https:\/\/twitter.com\/hashtag\/b0105?src=hashtag_click\" target=\"_blank\" rel=\"noopener\">#b0105<\/a>\u00a0<strong>ab 17:00 Uhr<\/strong>\u00a0von der Demonstration<\/p>\n<p><strong>\ud83d\udd25Der Preis wird immer hei\u00dfer: Nicht fordern, k\u00e4mpfen! F\u00fcr die soziale Revolution!\ud83d\udd25<\/strong><\/p>\n<p><strong>Montag, 01.05.2023 | 17:00 Uhr | U-BHf Boddinstra\u00dfe 12049 Berlin<\/strong><\/p>\n<p><strong>Anreise: U8, Bus 166, M43 Boddinstra\u00dfe\u00a0<\/strong><\/p>\n<p>Web-Ticker:\u00a0<a href=\"https:\/\/berlin.demoticker.org\/\" target=\"_blank\" rel=\"noreferrer noopener\">https:\/\/berlin.demoticker.org<\/a><br \/>\nMastodon:\u00a0<a href=\"https:\/\/todon.eu\/@Demo_Ticker_Berlin\" target=\"_blank\" rel=\"noreferrer noopener\">@Demo_Ticker_Berlin@todon.eu<\/a><br \/>\nTelegram Ticker:\u00a0<a href=\"https:\/\/t.me\/demotickerberlin\" target=\"_blank\" rel=\"noreferrer noopener\">https:\/\/t.me\/demotickerberlin<\/a><br \/>\n\u26a0\ufe0fTelegram Ticker English:\u00a0<strong>Offline!<\/strong><br \/>\nTwitter Accounts: \ud83d\udce2<a href=\"https:\/\/twitter.com\/demo_ticker\" target=\"_blank\" rel=\"noreferrer noopener\">@demo_ticker<\/a><br \/>\nTwitter Hashtags: <a class=\"css-4rbku5 css-18t94o4 css-901oao css-16my406 r-1cvl2hr r-1loqt21 r-poiln3 r-bcqeeo r-qvutc0\" dir=\"ltr\" role=\"link\" href=\"https:\/\/twitter.com\/hashtag\/b0105?src=hashtag_click\">#b0105<\/a>\u00a0<a class=\"css-4rbku5 css-18t94o4 css-901oao css-16my406 r-1cvl2hr r-1loqt21 r-poiln3 r-bcqeeo r-qvutc0\" dir=\"ltr\" role=\"link\" href=\"https:\/\/twitter.com\/hashtag\/R1MB?src=hashtag_click\">#R1MB<\/a><\/p>\n<p>\ud83d\udce3 <a href=\"https:\/\/erstermai.nostate.net\/2023\/04\/aufruf-der-preis-wird-immer-heisser-nicht-fordern-kampfen-fur-die-soziale-revolution-20230421020251\" target=\"_blank\" rel=\"noopener\">Aufruf&#8230;<\/a><\/p>\n<p><strong>\ud83d\uddfa\ufe0f Voraussichtliche Route:<\/strong><\/p>\n<p><img loading=\"lazy\" decoding=\"async\" class=\"alignnone size-full wp-image-5648\" src=\"https:\/\/asanb.noblogs.org\/files\/2023\/04\/FuYWGmlWwAAAVF0.jpg\" alt=\"\" width=\"827\" height=\"1200\" \/><\/p>\n<ul>\n<li>Hermannstra\u00dfe (U-Bhf- Boddinstra\u00dfe)<\/li>\n<li>Hermannstra\u00dfe<\/li>\n<li>Karl-Marx-Stra\u00dfe<\/li>\n<li>Reuterstra\u00dfe<\/li>\n<li>Sonnenallee<\/li>\n<li>Friedelstra\u00dfe<\/li>\n<li>Sanderstra\u00dfe<\/li>\n<li>Kottbusser Damm<\/li>\n<li>Kottbusser Tor<\/li>\n<li>Adalbertstra\u00dfe<\/li>\n<li>Oranienstra\u00dfe<\/li>\n<li>Oranienplatz<\/li>\n<\/ul>\n<hr \/>\n<p><strong>EA Ermittlungsausschuss Berlin +4930 692 22 22<\/strong><\/p>\n<p><strong>\u26a0\ufe0f<a href=\"https:\/\/www.ea-berlin.net\/hinweise\" target=\"_blank\" rel=\"noopener\">Hinweise &#8211; Please read!<\/a><\/strong><\/p>\n<p><strong>\u26a0\ufe0f <a href=\"https:\/\/www.ea-berlin.net\/tipps-rund-um-den-1-mai-und-fuer-jeden-tag#content\" target=\"_blank\" rel=\"noopener\">Tipps rund um den 1.Mai und f\u00fcr jeden Tag!<\/a><\/strong><\/p>\n<hr \/>\n<p><strong>Aufruf zum \u201eDer Preis ist hei\u00df\u201c &#8211; Block in der Revolution\u00e4ren 1. Mai Demonstration.<\/strong><\/p>\n<p><strong><em>Mach mit beim \u201eDer Preis ist hei\u00df\u201c &#8211; Block auf der Revolution\u00e4ren 1. Mai-Demonstration 2023, 18:00 U-Bhf. Boddinstra\u00dfe, Berlin-Neuk\u00f6lln.<\/em><\/strong><\/p>\n<p>Die Herrschenden des Kapitals sind gut im Ablenken und im einschmuggeln von Gesetzen und Verordnungen, die ihnen selbst n\u00fctzen und uns schaden. Wir k\u00f6nnen nicht ignorieren, was in anderen L\u00e4ndern passiert und wir k\u00f6nnen nicht ignorieren, was hier passiert. Lasst uns gemeinsam dagegen k\u00e4mpfen!<\/p>\n<p>Ein Beispiel in unserer N\u00e4he f\u00fcr K\u00e4mpfe gegen Unterdr\u00fcckung ist Frankreich, wo selbst die in den \u201ebraven\u201c Gewerkschaften Organisierten nicht mehr am \u00fcblichen Ritual der friedlichen Demonstration teilnehmen, sondern militant auf die Stra\u00dfe gehen oder Blockaden organisieren. Der Grund f\u00fcr diesen Aufruhr sind nicht nur die anstehenden Rentenreformen oder ein paar Prozent \u201eInflationsausgleich\u201c, sondern der aktuelle Zustand der Welt und die Frage, wo wir damit enden werden, wenn wir nicht handeln.<\/p>\n<p><strong>Geschichte des 1. Mai<\/strong><\/p>\n<p>Der 1. Mai ist weltweit ein Tag des Kampfes der Ausgebeuteten und Unterdr\u00fcckten, der 1886 in Chicago seinen H\u00f6hepunkt fand, als nach wilden Streiks und Demonstrationen Anarchisten erschossen oder geh\u00e4ngt wurden.<\/p>\n<p>Es sollte nicht vergessen werden, dass der euphemistische Titel der damaligen Ereignisse als \u201eHaymarket Riot\u201c, lediglich den wahren historischen Verlauf der Ereignisse verschleiert. Denn die \u201eRiots\u201c gingen damals nicht nur von den misshandelten Arbeiter<em>innen (darunter auch Kinder) aus, die bessere Bedingungen forderten, sondern auch von den Fabrikbesitzern, ihren Handlangern und den vom Staat zum Schutz der Reichen eingesetzten Polizisten. Bei massiven Streikaktionen und Demonstrationen, an denen sich auch andere Sympathisant<\/em>innen und selbstorganisierte Syndikate beteiligten, wendeten die Bullen massive und teilweise t\u00f6dliche Gewalt an. Dabei wurde der erste \u201eWasserwerfer\u201c \u2013 ein Polizei-Pferdewagen mit Feuerl\u00f6schger\u00e4t \u2013 von den damaligen Demonstranten umgeworfen, noch vor dem heute als \u201eHaymarket Riot\u201c bekannten Ereignis.<\/p>\n<p>Gegen die \u201eDauerkrise\u201c, die heute von den Herrschenden und den Reichen aufrechterhalten wird, setzen auch wir auf Selbstorganisation und kollektive Aktionen. Nicht nur am Arbeitsplatz, nicht nur auf der Stra\u00dfe und in den Stadtvierteln, sondern in allen Bereichen der Ausbeutung.<\/p>\n<p><strong>Ausbeutung<\/strong><\/p>\n<p>Wir werden nicht nur durch Arbeit (bezahlte oder unbezahlte) ausgebeutet. Wir sehen die Ausbeutung in der Zerst\u00f6rung der nat\u00fcrlichen Ressourcen und der damit einhergehenden Zerst\u00f6rung von St\u00e4dten und Gemeinden, wie in L\u00fctzerath. Aber wir sehen nicht nur physische Zerst\u00f6rung. Die Gentrifizierung ganzer ehemals widerstandsf\u00e4higer Bezirke, wie Neuk\u00f6lln und Kreuzberg, zwingt die Menschen aus ihren H\u00e4usern.<\/p>\n<p>Wir sehen Ausbeutung in den kolonialen Verh\u00e4ltnissen in vielen Teilen des globalen S\u00fcdens und auch in den weltweiten Kriegen, die als \u201eSchocktherapie des neoliberalen Kapitalismus\u201c (Naomi Klein) eingesetzt werden. Das Patriarchat, das seit einer gef\u00fchlten Ewigkeit herrscht, nutzt einen Teil der Bev\u00f6lkerung f\u00fcr viel unbezahlte Arbeit aus.<\/p>\n<p><strong>Der Kampf geht weiter!<\/strong><\/p>\n<p>Wir rufen alle, die genug von kontrollierten Latschdemos haben, dazu auf, sich am diesj\u00e4hrigen \u201eDer Preis ist hei\u00df\u201c-Block in der Revolution\u00e4ren 1. Mai-Demonstration zu beteiligen.<\/p>\n<p>Der Kampf ist damit aber noch nicht zu Ende. Wir d\u00fcrfen all die ausgegrenzten Menschen nicht vergessen, die ums nackte \u00dcberleben k\u00e4mpfen, wie z.B. Menschen ohne Wohnung, und wir m\u00fcssen ihre Aktionen der Selbstorganisation und Hausbesetzungen unterst\u00fctzen.<\/p>\n<p>Wir begr\u00fc\u00dfen alle Formen der Konfrontation gegen die Unterdr\u00fcckenden. Wir haben Streiks von Eisenbahner<em>innen, Sexarbeiter<\/em>innen, B\u00e4uer<em>innen, Lieferfahrer<\/em>innen, Fabrikarbeiter<em>innen gesehen \u2013 die Liste geht weiter! Wir begr\u00fc\u00dfen besonders die Streiks, die kreativ und selbstorganisiert sind, wie die Blockadeaktionen der haupts\u00e4chlich migrantischen prek\u00e4ren Arbeiter<\/em>innen bei den Lieferdiensten.<\/p>\n<p>Bis wir uns auf der Stra\u00dfe treffen, k\u00f6nnen wir auch mit der Konfrontation an den eigenen Arbeitspl\u00e4tzen beginnen. Und der 1. Mai ist nicht der einzige Tag, an dem wir gemeinsam k\u00e4mpfen. Am 30. April finden zwei weitere Demos statt (Infos unter unverwertbar.org und takebackthenightberlin.noblogs.org). Neben Streiks und Demos gibt es auch andere Mittel der Konfrontation, wie Diebstahl und Pl\u00fcnderung\u2026<\/p>\n<p><strong>1. Mai 2023<\/strong><\/p>\n<p>Es werden viele Bullen anwesend sein, um alle Symbole des Kapitalismus zu bewachen, wie z.B. Co-Working Spaces und Polizeistationen. Wir rufen alle dazu auf, sich gut vorzubereiten! Beteiligt euch mit euren eigenen Argumenten und Inhalten (Schilder, Transparente, Flugbl\u00e4tter usw.) im gesamten Bereich des Blocks oder als eigene Unterbl\u00f6cke im Block \u201eDer Preis ist hei\u00df\u201c in der Revolution\u00e4ren 1. Mai-Demonstration. Achtet auf unsere Transparente!<\/p>\n<p><em>Offene Versammlung \u201eDer Preis ist hei\u00df\u201c \u2013 Gegen Inflation, f\u00fcr die soziale Revolution! \u2013 April 2023<\/em><\/p>\n","protected":false},"excerpt":{"rendered":"<p>\ud83d\udca5Montag 01.05.2023\ud83d\udca5 wir berichten am Montag\u00a0#b0105\u00a0ab 17:00 Uhr\u00a0von der Demonstration \ud83d\udd25Der Preis wird immer hei\u00dfer: Nicht fordern, k\u00e4mpfen! F\u00fcr die soziale Revolution!\ud83d\udd25 Montag, 01.05.2023 | 17:00 Uhr | U-BHf Boddinstra\u00dfe 12049 Berlin Anreise: U8, Bus 166, M43 Boddinstra\u00dfe\u00a0 Web-Ticker:\u00a0https:\/\/berlin.demoticker.org Mastodon:\u00a0@Demo_Ticker_Berlin@todon.eu Telegram Ticker:\u00a0https:\/\/t.me\/demotickerberlin \u26a0\ufe0fTelegram Ticker English:\u00a0Offline! Twitter Accounts: \ud83d\udce2@demo_ticker Twitter Hashtags: #b0105\u00a0#R1MB \ud83d\udce3 Aufruf&#8230; \ud83d\uddfa\ufe0f Voraussichtliche &hellip; <\/p>\n<p class=\"link-more\"><a href=\"https:\/\/demotickerberlin.noblogs.org\/?p=3042\" class=\"more-link\"><span class=\"screen-reader-text\">\u201eDer Preis wird immer hei\u00dfer: Nicht fordern, k\u00e4mpfen! F\u00fcr die soziale Revolution! (01.05.2023)\u201c <\/span>weiterlesen<\/a><\/p>\n","protected":false},"author":13687,"featured_media":0,"comment_status":"closed","ping_status":"closed","sticky":false,"template":"","format":"aside","meta":{"footnotes":""},"categories":[1,16,19],"tags":[100,102],"class_list":["post-3042","post","type-post","status-publish","format-aside","hentry","category-general","category-gentrifizierung","category-soziale-kaempfe","tag-b0105","tag-r1mb","post_format-post-format-aside"],"_links":{"self":[{"href":"https:\/\/demotickerberlin.noblogs.org\/index.php?rest_route=\/wp\/v2\/posts\/3042","targetHints":{"allow":["GET"]}}],"collection":[{"href":"https:\/\/demotickerberlin.noblogs.org\/index.php?rest_route=\/wp\/v2\/posts"}],"about":[{"href":"https:\/\/demotickerberlin.noblogs.org\/index.php?rest_route=\/wp\/v2\/types\/post"}],"author":[{"embeddable":true,"href":"https:\/\/demotickerberlin.noblogs.org\/index.php?rest_route=\/wp\/v2\/users\/13687"}],"replies":[{"embeddable":true,"href":"https:\/\/demotickerberlin.noblogs.org\/index.php?rest_route=%2Fwp%2Fv2%2Fcomments&post=3042"}],"version-history":[{"count":1,"href":"https:\/\/demotickerberlin.noblogs.org\/index.php?rest_route=\/wp\/v2\/posts\/3042\/revisions"}],"predecessor-version":[{"id":3043,"href":"https:\/\/demotickerberlin.noblogs.org\/index.php?rest_route=\/wp\/v2\/posts\/3042\/revisions\/3043"}],"wp:attachment":[{"href":"https:\/\/demotickerberlin.noblogs.org\/index.php?rest_route=%2Fwp%2Fv2%2Fmedia&parent=3042"}],"wp:term":[{"taxonomy":"category","embeddable":true,"href":"https:\/\/demotickerberlin.noblogs.org\/index.php?rest_route=%2Fwp%2Fv2%2Fcategories&post=3042"},{"taxonomy":"post_tag","embeddable":true,"href":"https:\/\/demotickerberlin.noblogs.org\/index.php?rest_route=%2Fwp%2Fv2%2Ftags&post=3042"}],"curies":[{"name":"wp","href":"https:\/\/api.w.org\/{rel}","templated":true}]}}