{"id":3048,"date":"2023-04-30T21:44:08","date_gmt":"2023-04-30T19:44:08","guid":{"rendered":"https:\/\/demotickerberlin.noblogs.org\/?p=3048"},"modified":"2023-05-02T20:44:21","modified_gmt":"2023-05-02T18:44:21","slug":"schautnichtweg-zusammenstehen-gegen-rechte-gewalt-ariya-loungebar-dicht-machen-05-05-2023","status":"publish","type":"post","link":"https:\/\/demotickerberlin.noblogs.org\/?p=3048","title":{"rendered":"#schautnichtweg! Zusammenstehen gegen rechte Gewalt! Ariya Loungebar dicht machen! (05.05.2023)"},"content":{"rendered":"<p><img loading=\"lazy\" decoding=\"async\" class=\"alignnone size-full wp-image-5658\" src=\"https:\/\/asanb.noblogs.org\/files\/2023\/04\/b0505_1_1.jpg\" alt=\"\" width=\"680\" height=\"680\" \/><\/p>\n<p><strong>\ud83d\udca5Freitag 05<\/strong><strong>.05.2023\ud83d\udca5<\/strong><\/p>\n<p>wir berichten am Freitag <a class=\"css-4rbku5 css-18t94o4 css-901oao css-16my406 r-1cvl2hr r-1loqt21 r-poiln3 r-b88u0q r-bcqeeo r-qvutc0\" dir=\"ltr\" role=\"link\" href=\"https:\/\/twitter.com\/hashtag\/b0505?src=hashtag_click\" target=\"_blank\" rel=\"noopener\">#b0505<\/a>\u00a0<strong>ab 17:00 Uhr<\/strong> von der Kundgebung<\/p>\n<p><strong>\ud83d\udd25#schautnichtweg! Zusammenstehen gegen rechte Gewalt!\ud83d\udd25<\/strong><\/p>\n<p><strong>\ud83d\udd25Ariya Loungebar dicht machen!\ud83d\udd25<\/strong><\/p>\n<p><strong>Freitag, den 05.05.2022 | 17:30 Uhr | Greifswalder Stra\u00dfe \/ Thomas-Mann-Stra\u00dfe 10409 Berlin<\/strong><\/p>\n<p><strong>Anreise: S8, S41, S42, S85, Bus 158 Greifswalder Stra\u00dfe | Tram M4 Thomas-Mann-Stra\u00dfe<\/strong><\/p>\n<p>Web-Ticker:\u00a0<a href=\"https:\/\/berlin.demoticker.org\/\" target=\"_blank\" rel=\"noreferrer noopener\">https:\/\/berlin.demoticker.org<\/a><br \/>\nMastodon:\u00a0<a href=\"https:\/\/todon.eu\/@Demo_Ticker_Berlin\" target=\"_blank\" rel=\"noreferrer noopener\">@Demo_Ticker_Berlin@todon.eu<\/a><br \/>\nTelegram Ticker:\u00a0<a href=\"https:\/\/t.me\/demotickerberlin\" target=\"_blank\" rel=\"noreferrer noopener\">https:\/\/t.me\/demotickerberlin<\/a><br \/>\n\u26a0\ufe0fTelegram Ticker English:\u00a0<strong>Offline!<\/strong><br \/>\nTwitter Accounts: \ud83d\udce2<a href=\"https:\/\/twitter.com\/demo_ticker\" target=\"_blank\" rel=\"noreferrer noopener\">@demo_ticker<\/a><br \/>\nTwitter Hashtags: <a class=\"css-4rbku5 css-18t94o4 css-901oao css-16my406 r-1cvl2hr r-1loqt21 r-poiln3 r-b88u0q r-bcqeeo r-qvutc0\" dir=\"ltr\" role=\"link\" href=\"https:\/\/twitter.com\/hashtag\/b0505?src=hashtag_click\" target=\"_blank\" rel=\"noopener\">#b0505<\/a> <a class=\"css-4rbku5 css-18t94o4 css-901oao css-16my406 r-1cvl2hr r-1loqt21 r-poiln3 r-b88u0q r-bcqeeo r-1ny4l3l r-1ddef8g r-tjvw6i r-qvutc0\" dir=\"ltr\" role=\"link\" href=\"https:\/\/twitter.com\/hashtag\/SchautNichtWeg?src=hashtag_click\" target=\"_blank\" rel=\"noopener\">#SchautNichtWeg<\/a><\/p>\n<p>\ud83d\udce3 <a href=\"https:\/\/de.indymedia.org\/node\/275190\" target=\"_blank\" rel=\"noopener\">Aufruf&#8230;<\/a><\/p>\n<p>Die Bar ist Treffpunkt der T\u00e4terInnen, die Dilan im Februar 2022 angegriffen haben und geh\u00f6rt der Hauptt\u00e4terin Jennifer G. Auch am Abend des Angriffs waren die Faschos auf dem Weg in die Bar um dort Jennifer G.&#8217;s Geburtstag zu feiern.<\/p>\n<p>Die Bar ist Treffpunkt der rechten Kneipenszene am Prenzlauer Berg. Von dieser Melange aus rassistischem Trinkermillieu und Anh\u00e4ngerInnen des BFC-Dynamo gehen seit Jahren Angriffe vor allem auf Migrant*innen und Andersdenkende in der Gegend rund um die Greifswalder Stra\u00dfe aus.<\/p>\n<p><strong>Es wird Zeit dem ein Ende zu setzen!<\/strong><\/p>\n<p><strong>Sorgen wir zusammen daf\u00fcr dass rechte T\u00e4ter ihre Treffpunkte und R\u00fcckzugsorte verlieren!<\/strong><\/p>\n","protected":false},"excerpt":{"rendered":"<p>\ud83d\udca5Freitag 05.05.2023\ud83d\udca5 wir berichten am Freitag #b0505\u00a0ab 17:00 Uhr von der Kundgebung \ud83d\udd25#schautnichtweg! Zusammenstehen gegen rechte Gewalt!\ud83d\udd25 \ud83d\udd25Ariya Loungebar dicht machen!\ud83d\udd25 Freitag, den 05.05.2022 | 17:30 Uhr | Greifswalder Stra\u00dfe \/ Thomas-Mann-Stra\u00dfe 10409 Berlin Anreise: S8, S41, S42, S85, Bus 158 Greifswalder Stra\u00dfe | Tram M4 Thomas-Mann-Stra\u00dfe Web-Ticker:\u00a0https:\/\/berlin.demoticker.org Mastodon:\u00a0@Demo_Ticker_Berlin@todon.eu Telegram Ticker:\u00a0https:\/\/t.me\/demotickerberlin \u26a0\ufe0fTelegram Ticker English:\u00a0Offline! Twitter &hellip; <\/p>\n<p class=\"link-more\"><a href=\"https:\/\/demotickerberlin.noblogs.org\/?p=3048\" class=\"more-link\"><span class=\"screen-reader-text\">\u201e#schautnichtweg! Zusammenstehen gegen rechte Gewalt! Ariya Loungebar dicht machen! (05.05.2023)\u201c <\/span>weiterlesen<\/a><\/p>\n","protected":false},"author":13687,"featured_media":0,"comment_status":"closed","ping_status":"closed","sticky":false,"template":"","format":"aside","meta":{"footnotes":""},"categories":[12,14],"tags":[105,106],"class_list":["post-3048","post","type-post","status-publish","format-aside","hentry","category-antifa-demos","category-antirassismus","tag-b0505","tag-schautnichtweg","post_format-post-format-aside"],"_links":{"self":[{"href":"https:\/\/demotickerberlin.noblogs.org\/index.php?rest_route=\/wp\/v2\/posts\/3048","targetHints":{"allow":["GET"]}}],"collection":[{"href":"https:\/\/demotickerberlin.noblogs.org\/index.php?rest_route=\/wp\/v2\/posts"}],"about":[{"href":"https:\/\/demotickerberlin.noblogs.org\/index.php?rest_route=\/wp\/v2\/types\/post"}],"author":[{"embeddable":true,"href":"https:\/\/demotickerberlin.noblogs.org\/index.php?rest_route=\/wp\/v2\/users\/13687"}],"replies":[{"embeddable":true,"href":"https:\/\/demotickerberlin.noblogs.org\/index.php?rest_route=%2Fwp%2Fv2%2Fcomments&post=3048"}],"version-history":[{"count":5,"href":"https:\/\/demotickerberlin.noblogs.org\/index.php?rest_route=\/wp\/v2\/posts\/3048\/revisions"}],"predecessor-version":[{"id":3056,"href":"https:\/\/demotickerberlin.noblogs.org\/index.php?rest_route=\/wp\/v2\/posts\/3048\/revisions\/3056"}],"wp:attachment":[{"href":"https:\/\/demotickerberlin.noblogs.org\/index.php?rest_route=%2Fwp%2Fv2%2Fmedia&parent=3048"}],"wp:term":[{"taxonomy":"category","embeddable":true,"href":"https:\/\/demotickerberlin.noblogs.org\/index.php?rest_route=%2Fwp%2Fv2%2Fcategories&post=3048"},{"taxonomy":"post_tag","embeddable":true,"href":"https:\/\/demotickerberlin.noblogs.org\/index.php?rest_route=%2Fwp%2Fv2%2Ftags&post=3048"}],"curies":[{"name":"wp","href":"https:\/\/api.w.org\/{rel}","templated":true}]}}