{"id":3063,"date":"2023-05-27T12:04:38","date_gmt":"2023-05-27T10:04:38","guid":{"rendered":"https:\/\/demotickerberlin.noblogs.org\/?p=3063"},"modified":"2023-05-27T12:04:38","modified_gmt":"2023-05-27T10:04:38","slug":"internationaler-hurentag-zwangs-registrierung-abschaffen-03-06-2023","status":"publish","type":"post","link":"https:\/\/demotickerberlin.noblogs.org\/?p=3063","title":{"rendered":"Internationaler Hurentag &#8211; ZWANGS-REGISTRIERUNG ABSCHAFFEN! (03.06.2023)"},"content":{"rendered":"<p><img loading=\"lazy\" decoding=\"async\" class=\"alignnone size-full wp-image-5731\" src=\"https:\/\/asanb.noblogs.org\/files\/2023\/05\/b0306_2_1.jpg\" alt=\"\" width=\"525\" height=\"750\" \/><\/p>\n<p><strong>\ud83d\udca5Samstag 03<\/strong><strong>.06.2023\ud83d\udca5<\/strong><\/p>\n<p>wir berichten am Samstag <a class=\"css-4rbku5 css-18t94o4 css-901oao css-16my406 r-1cvl2hr r-1loqt21 r-poiln3 r-b88u0q r-bcqeeo r-1ny4l3l r-1ddef8g r-tjvw6i r-qvutc0\" dir=\"ltr\" role=\"link\" href=\"https:\/\/twitter.com\/hashtag\/b0306?src=hashtag_click\" target=\"_blank\" rel=\"noopener\">#b0306<\/a> \u00a0<strong>ab 16:00 Uhr<\/strong>\u00a0von der Demonstration<\/p>\n<p><strong>\ud83d\udd25Internationaler Hurentag &#8211; ZWANGS-REGISTRIERUNG ABSCHAFFEN!\ud83d\udd25<\/strong><\/p>\n<p><strong>Samstag, 03.06.2023 | 16:00 Uhr | Nollendorfplatz 10777 Berlin<\/strong><\/p>\n<p><strong>Anreise: U1, U2, U3, U4, Bus 106, 187, M19\u00a0Nollendorfplatz<\/strong><\/p>\n<p>Web-Ticker:\u00a0<a href=\"https:\/\/berlin.demoticker.org\/\" target=\"_blank\" rel=\"noreferrer noopener\">https:\/\/berlin.demoticker.org<\/a><br \/>\nMastodon:\u00a0<a href=\"https:\/\/todon.eu\/@Demo_Ticker_Berlin\" target=\"_blank\" rel=\"noreferrer noopener\">@Demo_Ticker_Berlin@todon.eu<\/a><br \/>\nTelegram Ticker:\u00a0<a href=\"https:\/\/t.me\/demotickerberlin\" target=\"_blank\" rel=\"noreferrer noopener\">https:\/\/t.me\/demotickerberlin<\/a><br \/>\n\u26a0\ufe0fTelegram Ticker English:\u00a0<strong>Offline!<\/strong><br \/>\nTwitter Accounts: \ud83d\udce2<a href=\"https:\/\/twitter.com\/demo_ticker\" target=\"_blank\" rel=\"noreferrer noopener\">@demo_ticker<\/a><br \/>\nTwitter Hashtags: <a class=\"css-4rbku5 css-18t94o4 css-901oao css-16my406 r-1cvl2hr r-1loqt21 r-poiln3 r-b88u0q r-bcqeeo r-1ny4l3l r-1ddef8g r-tjvw6i r-qvutc0\" dir=\"ltr\" role=\"link\" href=\"https:\/\/twitter.com\/hashtag\/b0306?src=hashtag_click\" target=\"_blank\" rel=\"noopener\">#b0306<\/a> <a class=\"css-4rbku5 css-18t94o4 css-901oao css-16my406 r-1cvl2hr r-1loqt21 r-poiln3 r-b88u0q r-bcqeeo r-1ny4l3l r-1ddef8g r-tjvw6i r-qvutc0\" dir=\"ltr\" role=\"link\" href=\"https:\/\/twitter.com\/hashtag\/hurentag?src=hashtag_click\" target=\"_blank\" rel=\"noopener\">#hurentag<\/a>\u00a0<a class=\"css-4rbku5 css-18t94o4 css-901oao css-16my406 r-1cvl2hr r-1loqt21 r-poiln3 r-bcqeeo r-1ny4l3l r-1ddef8g r-tjvw6i r-qvutc0\" dir=\"ltr\" role=\"link\" href=\"https:\/\/twitter.com\/hashtag\/whoresday?src=hashtag_click\" target=\"_blank\" rel=\"noopener\">#whoresday<\/a><\/p>\n<p>\ud83d\udce3 Aufruf: <a href=\"https:\/\/www.swactiongroupberlin.com\/services\" target=\"_blank\" rel=\"noopener\">ENGLISH &#8211; ESPA\u00d1OL &#8211; PORTUGU\u00caS &#8211; ITALIANO &#8211; DEUTSCH<\/a><br \/>\n(More languages to follow)<\/p>\n<p><strong>\ud83d\uddfa\ufe0f Voraussichtliche Route:<\/strong><\/p>\n<ul>\n<li>Nollendorfplatz \/Maa\u00dfenstra\u00dfe<\/li>\n<li>Karl-Heinrich-Ulrichs-Stra\u00dfe<\/li>\n<li>Kurf\u00fcrstenstra\u00dfe<\/li>\n<li>Frobenstra\u00dfe<\/li>\n<li>Winterfedtstra\u00dfe<\/li>\n<li>Potsdamer Stra\u00dfe<\/li>\n<li>Vorbergstra\u00dfe<\/li>\n<li>Belziger Stra\u00dfe<\/li>\n<li>Martin-Luther-Stra\u00dfe<\/li>\n<li>Freiherr-vom-Stein-Stra\u00dfe<\/li>\n<li>Rudolph-Wilde-Park<\/li>\n<\/ul>\n<div id=\"comp-lh3g7bgn\" class=\"BaOVQ8 tz5f0K comp-lh3g7bgn wixui-rich-text\" data-testid=\"richTextElement\">\n<p class=\"font_4 wixui-rich-text__text\"><strong><em><span class=\"color_11 wixui-rich-text__text\"><span class=\"wixui-rich-text__text\">ZWANGS-REGISTRIERUNG ABSCHAFFEN!<\/span><\/span><\/em><\/strong><\/p>\n<\/div>\n<div id=\"comp-lh3hsmx5\" class=\"BaOVQ8 tz5f0K comp-lh3hsmx5 wixui-rich-text\" data-testid=\"richTextElement\">\n<p class=\"font_9 wixui-rich-text__text\"><span class=\"color_11 wixui-rich-text__text\">Wir kommen in diesem Jahr zum Internationalen Hurentag zusammen, um die Welt daran zu erinnern, dass SEXARBEITER*INNEN DIE KANARIENV\u00d6GEL IM\u00a0 KOHLESCHACHT sind. <\/span><\/p>\n<p class=\"font_9 wixui-rich-text__text\"><span class=\"color_11 wixui-rich-text__text\">Seit\u00a0wir uns erinnern k\u00f6nnen, dienen Sexarbeiter*innen als Warnruf f\u00fcr gesellschaftliche Gefahren. Wir sind die Vorhut. Wir rufen von unten herauf, wenn die Bedingungen gef\u00e4hrlich sind, um die anderen vor Gefahren zu warnen. Wir werden weiterhin zu Versuchsobjekten f\u00fcr zunehmende staatliche Vorschriften und Kontrolle\u00a0sowie f\u00fcr t\u00f6dliche, hurenfeindliche Stigmatisierung gemacht. Man setzt uns unertr\u00e4glichen Bedingungen aus und erwartet, dass wir \u00fcberleben. Wir werden das nicht l\u00e4nger hinnehmen.<\/span><\/p>\n<p class=\"font_9 wixui-rich-text__text\"><span class=\"color_11 wixui-rich-text__text\"><span class=\"wixGuard wixui-rich-text__text\">\u200b<\/span><\/span><span class=\"color_11 wixui-rich-text__text\">Schon unsere Sichtbarkeit macht uns zur Zielscheibe. Es macht Leute w\u00fctend, Sexarbeiter*innen in der \u00d6ffentlichkeit zu sehen. Denn indem wir offen und sichtbar die Kontrolle \u00fcber unseren eigenen K\u00f6rper und unsere Sexualit\u00e4t \u00fcbernehmen, untergraben und bedrohen wir das Patriarchat. <\/span><\/p>\n<p class=\"font_9 wixui-rich-text__text\"><span class=\"color_11 wixui-rich-text__text\">Politiker*innen sagen uns, dass unsere unbequeme, tolle, aufr\u00fcttelnde, deviante und aufm\u00fcpfige Community zu unserem eigenen &#8222;Schutz&#8220; unter strenger staatlicher Kontrolle stehen &#8222;muss&#8220;.<\/span><\/p>\n<p class=\"font_9 wixui-rich-text__text\"><strong><span class=\"color_11 wixui-rich-text__text\"><span class=\"wixGuard wixui-rich-text__text\">\u200b<\/span><\/span><span class=\"color_11 wixui-rich-text__text\">Aber wer wird durch das derzeitige Prostitutierten &#8222;Schutz&#8220; Gesetz (ProstSchG) gesch\u00fctzt? <\/span><\/strong><\/p>\n<ul>\n<li class=\"font_9 wixui-rich-text__text\"><span class=\"color_11 wixui-rich-text__text\">NICHT unsere Geschwister, die auf der Stra\u00dfe arbeiten, w\u00e4hrend die Polizei nicht auf Messerattacken und \u00dcberf\u00e4lle reagiert.<\/span><\/li>\n<li class=\"font_9 wixui-rich-text__text\"><span class=\"color_11 wixui-rich-text__text\">NICHT die Kolleg*innen, die 50% ihres Umsatzes an den Betreiber ihres staatlich regulierten Bordells abgeben.<\/span><\/li>\n<li class=\"font_9 wixui-rich-text__text\"><span class=\"color_11 wixui-rich-text__text\">NICHT der Kollege, dessen Bankkonto pl\u00f6tzlich von der Berliner Sparkasse gesperrt wird, weil sein Job neben T\u00e4tigkeiten im Gl\u00fccksspiel und Unternehmen, die in der Vergangenheit die Umwelt zerst\u00f6rt haben, auf einer Liste &#8222;sch\u00e4dlicher Berufe&#8220; zu finden ist.<\/span><\/li>\n<\/ul>\n<p class=\"font_9 wixui-rich-text__text\"><strong><span class=\"color_11 wixui-rich-text__text\"><span class=\"wixGuard wixui-rich-text__text\">\u200b<\/span><\/span><span class=\"color_11 wixui-rich-text__text\">&#8222;Aber Sexarbeit ist doch legal&#8220;, sagen uns manche, &#8222;also kann es doch nicht so schlimm sein&#8220;.<\/span><\/strong><\/p>\n<p class=\"font_9 wixui-rich-text__text\"><span class=\"color_11 wixui-rich-text__text\"><span class=\"wixGuard wixui-rich-text__text\">\u200b<\/span><\/span><span class=\"color_11 wixui-rich-text__text\">Die Stigmatisierung von Sexarbeiter*innen ist jedoch nach wie vor so virulent, dass die Regierung die Evaluierung des\u00a0ProstSchG dem Kriminologischen Forschungsinstitut Niedersachsen (KfN) \u00fcbertragen hat. Werden wir immer noch als Kriminelle betrachtet? So f\u00fchlt es sich jedenfalls an. Den Hurenpass zu tragen, ist wie mit einem scharlachroten Buchstaben gebrandmarkt zu sein: Es f\u00fchlt sich an wie eine Bestrafung, obwohl wir nichts Falsches getan haben.<\/span><\/p>\n<p class=\"font_9 wixui-rich-text__text\"><span class=\"color_11 wixui-rich-text__text\"><span class=\"wixGuard wixui-rich-text__text\">\u200b<\/span><\/span><span class=\"color_11 wixui-rich-text__text\">Nach 3 Jahren Forschung wird der Bericht des KfN KEINE politischen Empfehlungen beinhalten. Das ist f\u00fcr uns in Ordnung. Das KfN ist nicht qualifiziert, uns zu sagen, wie unser Leben und unser K\u00f6rper geregelt werden sollten. Sexarbeiter*innen sind\u00a0die einzigen Experten*innen f\u00fcr ihr eigenes (\u00dcber-)Leben.<\/span><\/p>\n<p class=\"font_9 wixui-rich-text__text\"><span class=\"color_11 wixui-rich-text__text\"><span class=\"wixGuard wixui-rich-text__text\">\u200b<\/span><\/span><span class=\"color_11 wixui-rich-text__text\">Als eine \u00e4u\u00dferst intersektionale Community haben wir pers\u00f6nliche Erfahrungen &#8211; und\u00a0damit Einblicke &#8211; in so ziemlich jede Ungerechtigkeit und Ungleichheit, die man\u00a0sich vorstellen kann. Ausgehend von unseren eigenen Erfahrungen als Sexarbeiter*innen haben wir vier Forderungen, die\u00a0die institutionelle\u00a0Gewalt,\u00a0die wir derzeit erfahren, dauerhaft verringern sowie die Existenzgrundlage von Sexarbeiter*innen sichern und eine lebenswerte Zukunft f\u00fcr uns und unsere\u00a0Communities und Familien schaffen werden:<\/span><\/p>\n<ol>\n<li><span class=\"color_11 wixui-rich-text__text\"><span class=\"wixGuard wixui-rich-text__text\">\u200b<\/span><\/span><span class=\"color_11 wixui-rich-text__text\">Wir fordern das Ende der Zwangsregistrierung f\u00fcr Sexarbeiter*innen in Deutschland.<\/span><\/li>\n<li class=\"font_9 wixui-rich-text__text\"><span class=\"color_11 wixui-rich-text__text\">Wir fordern das KfN auf, bei der Evaluation des ProstSchG die\u00a0Stimmen von Sexarbeiter*innen mit unserem breiten Erfahrungsspektrum sowohl in der Erhebungsphase als auch der Auswertungsphase umfassend einzubeziehen. Wir fordern, dass die Regierung nach Ver\u00f6ffentlichung der Evaluation Sexarbeiter*innen\u00a0in die Entwicklung von Gesetzesreformen auf Augenh\u00f6he einbindet.<\/span><\/li>\n<li class=\"font_9 wixui-rich-text__text\"><span class=\"color_11 wixui-rich-text__text\">Wir fordern, dass die Berliner Sparkasse und andere\u00a0Banken aufh\u00f6ren, eine Politik zu verfolgen, die Sexarbeiter*innen aufgrund ihres Berufes diskriminiert.<\/span><\/li>\n<li class=\"font_9 wixui-rich-text__text\"><span class=\"color_11 wixui-rich-text__text\">Wir fordern, dass die zust\u00e4ndigen Polizeidezernate Angriffe auf Sexarbeiter*innen ernst nehmen.\u00a0Wir fordern, dass die Sch\u00f6neberger Polizei und\u00a0 Bezirksverwaltung\u00a0&#8211; sowie die Berliner Regierung im Allgemeinen &#8211; die Handlungsempfehlungen des Runden Tisches Sexarbeit mit einem Fokus auf Gewaltpr\u00e4vention im Bereich der Stra\u00dfensexarbeit\u00a0umfassend umsetzen.<\/span><\/li>\n<\/ol>\n<p><span class=\"color_11 wixui-rich-text__text\"><span class=\"wixGuard wixui-rich-text__text\">\u200b<\/span>\u200b<\/span><span class=\"color_11 wixui-rich-text__text\"><span class=\"wixui-rich-text__text\">Heute sind wir laut, um aufzuzeigen, dass wir eine noch emanzipatorischere Zukunft f\u00fcr alle schaffen k\u00f6nnen, wenn wir die Erfahrungen von Sexarbeiter*innen in den Mittelpunkt unseres gemeinsamen Strebens nach Befreiung stellen.<\/span><\/span><\/p>\n<p><span class=\"color_11 wixui-rich-text__text\"><span class=\"wixui-rich-text__text\">Wir sind die Vorhut, und als solche weigern wir uns, weiterhin zuzulassen, dass uns, unseren Communities und euch Schaden zugef\u00fcgt wird.<\/span><\/span><\/p>\n<ul>\n<li><strong><span class=\"color_11 wixui-rich-text__text\"><span class=\"wixui-rich-text__text\"> Hurenrechte sind Rechte von Queers.<\/span><\/span><\/strong><\/li>\n<li><strong><span class=\"color_11 wixui-rich-text__text\"><span class=\"wixui-rich-text__text\">Hurenrechte sind BIPoC-Rechte.<\/span><\/span><\/strong><\/li>\n<li><strong><span class=\"color_11 wixui-rich-text__text\"><span class=\"wixui-rich-text__text\">Hurenrechte sind Migrant*innenrechte.<\/span><\/span><\/strong><\/li>\n<li><strong><span class=\"color_11 wixui-rich-text__text\"><span class=\"wixui-rich-text__text\">Hurenrechte sind Behindertenrechte.<\/span><\/span><\/strong><\/li>\n<li><strong><span class=\"color_11 wixui-rich-text__text\"><span class=\"wixui-rich-text__text\">Hurenrechte sind Trans*-Rechte.<\/span><\/span><\/strong><\/li>\n<li><strong><span class=\"color_11 wixui-rich-text__text\"><span class=\"wixui-rich-text__text\">Hurenrechte sind Arbeiter*innenrechte. \u200b\u200b\u200b\u200b\u200b\u200b<\/span><\/span><\/strong><\/li>\n<li><strong><span class=\"color_11 wixui-rich-text__text\"><span class=\"wixui-rich-text__text\">Hurenrechte sind Menschenrechte.\u200b\u200b\u200b\u200b\u200b\u200b\u200b\u200b\u200b<\/span><\/span><\/strong><\/li>\n<\/ul>\n<p><strong><span class=\"color_11 wixui-rich-text__text\"><span class=\"wixui-rich-text__text\"><span class=\"wixGuard wixui-rich-text__text\">\u200b<\/span><\/span><\/span><\/strong><span class=\"color_11 wixui-rich-text__text\"><span class=\"wixui-rich-text__text\"><strong>H\u00f6rt genau auf unseren Ruf. K\u00e4mpft f\u00fcr die Hurenrechte, k\u00e4mpft f\u00fcr uns alle<\/strong>.<\/span><\/span><\/p>\n<\/div>\n","protected":false},"excerpt":{"rendered":"<p>\ud83d\udca5Samstag 03.06.2023\ud83d\udca5 wir berichten am Samstag #b0306 \u00a0ab 16:00 Uhr\u00a0von der Demonstration \ud83d\udd25Internationaler Hurentag &#8211; ZWANGS-REGISTRIERUNG ABSCHAFFEN!\ud83d\udd25 Samstag, 03.06.2023 | 16:00 Uhr | Nollendorfplatz 10777 Berlin Anreise: U1, U2, U3, U4, Bus 106, 187, M19\u00a0Nollendorfplatz Web-Ticker:\u00a0https:\/\/berlin.demoticker.org Mastodon:\u00a0@Demo_Ticker_Berlin@todon.eu Telegram Ticker:\u00a0https:\/\/t.me\/demotickerberlin \u26a0\ufe0fTelegram Ticker English:\u00a0Offline! Twitter Accounts: \ud83d\udce2@demo_ticker Twitter Hashtags: #b0306 #hurentag\u00a0#whoresday \ud83d\udce3 Aufruf: ENGLISH &#8211; ESPA\u00d1OL &#8211; &hellip; <\/p>\n<p class=\"link-more\"><a href=\"https:\/\/demotickerberlin.noblogs.org\/?p=3063\" class=\"more-link\"><span class=\"screen-reader-text\">\u201eInternationaler Hurentag &#8211; ZWANGS-REGISTRIERUNG ABSCHAFFEN! (03.06.2023)\u201c <\/span>weiterlesen<\/a><\/p>\n","protected":false},"author":13687,"featured_media":0,"comment_status":"closed","ping_status":"closed","sticky":false,"template":"","format":"aside","meta":{"footnotes":""},"categories":[1],"tags":[],"class_list":["post-3063","post","type-post","status-publish","format-aside","hentry","category-general","post_format-post-format-aside"],"_links":{"self":[{"href":"https:\/\/demotickerberlin.noblogs.org\/index.php?rest_route=\/wp\/v2\/posts\/3063","targetHints":{"allow":["GET"]}}],"collection":[{"href":"https:\/\/demotickerberlin.noblogs.org\/index.php?rest_route=\/wp\/v2\/posts"}],"about":[{"href":"https:\/\/demotickerberlin.noblogs.org\/index.php?rest_route=\/wp\/v2\/types\/post"}],"author":[{"embeddable":true,"href":"https:\/\/demotickerberlin.noblogs.org\/index.php?rest_route=\/wp\/v2\/users\/13687"}],"replies":[{"embeddable":true,"href":"https:\/\/demotickerberlin.noblogs.org\/index.php?rest_route=%2Fwp%2Fv2%2Fcomments&post=3063"}],"version-history":[{"count":1,"href":"https:\/\/demotickerberlin.noblogs.org\/index.php?rest_route=\/wp\/v2\/posts\/3063\/revisions"}],"predecessor-version":[{"id":3064,"href":"https:\/\/demotickerberlin.noblogs.org\/index.php?rest_route=\/wp\/v2\/posts\/3063\/revisions\/3064"}],"wp:attachment":[{"href":"https:\/\/demotickerberlin.noblogs.org\/index.php?rest_route=%2Fwp%2Fv2%2Fmedia&parent=3063"}],"wp:term":[{"taxonomy":"category","embeddable":true,"href":"https:\/\/demotickerberlin.noblogs.org\/index.php?rest_route=%2Fwp%2Fv2%2Fcategories&post=3063"},{"taxonomy":"post_tag","embeddable":true,"href":"https:\/\/demotickerberlin.noblogs.org\/index.php?rest_route=%2Fwp%2Fv2%2Ftags&post=3063"}],"curies":[{"name":"wp","href":"https:\/\/api.w.org\/{rel}","templated":true}]}}