{"id":3067,"date":"2023-06-11T14:16:34","date_gmt":"2023-06-11T12:16:34","guid":{"rendered":"https:\/\/demotickerberlin.noblogs.org\/?p=3067"},"modified":"2023-06-16T21:33:00","modified_gmt":"2023-06-16T19:33:00","slug":"noracistpolicies-mut-zu-antirassistischer-migrationspolitik","status":"publish","type":"post","link":"https:\/\/demotickerberlin.noblogs.org\/?p=3067","title":{"rendered":"#NoRacistPolicies! Mut zu Antirassistischer Migrationspolitik! (15.06.2023)"},"content":{"rendered":"<p><img loading=\"lazy\" decoding=\"async\" class=\"alignnone size-full wp-image-5833\" src=\"https:\/\/asanb.noblogs.org\/files\/2023\/06\/b1506_2_0.jpg\" alt=\"\" width=\"1080\" height=\"1080\" \/><\/p>\n<p><strong>\ud83d\udca5Donnerstag 15<\/strong><strong>.06.2023\ud83d\udca5<\/strong><\/p>\n<p>wir berichten am Donnerstag <a class=\"css-4rbku5 css-18t94o4 css-901oao css-16my406 r-1cvl2hr r-1loqt21 r-poiln3 r-bcqeeo r-qvutc0\" dir=\"ltr\" role=\"link\" href=\"https:\/\/twitter.com\/hashtag\/b1506?src=hashtag_click\" target=\"_blank\" rel=\"noopener\">#b1506<\/a>\u00a0\u00a0<strong>ab 17:30 Uhr<\/strong>\u00a0von der Demonstration<\/p>\n<p><strong>\ud83d\udd25#NoRacistPolicies! Mut zu Antirassistischer Migrationspolitik!\ud83d\udd25<\/strong><\/p>\n<p><strong>Donnerstag, 15.07.2023 | 17:30 Uhr | Willy-Brandt-Stra\u00dfe 1 10557 Berlin<\/strong><\/p>\n<p><strong>Anreise: U5 Bundestag | Bus 100 Platz der Republik | S3, S7, S9, Tram M5, M8, M10, Bus 120, 123, 142, 147, 245, M10, M41, M85 Berlin Hauptbahnhof (Ausgang Washingtonplatz)<\/strong><\/p>\n<p>Web-Ticker:\u00a0<a href=\"https:\/\/berlin.demoticker.org\/\" target=\"_blank\" rel=\"noreferrer noopener\">https:\/\/berlin.demoticker.org<\/a><br \/>\nMastodon:\u00a0<a href=\"https:\/\/todon.eu\/@Demo_Ticker_Berlin\" target=\"_blank\" rel=\"noreferrer noopener\">@Demo_Ticker_Berlin@todon.eu<\/a><br \/>\nTelegram Ticker:\u00a0<a href=\"https:\/\/t.me\/demotickerberlin\" target=\"_blank\" rel=\"noreferrer noopener\">https:\/\/t.me\/demotickerberlin<\/a><br \/>\n\u26a0\ufe0fTelegram Ticker English:\u00a0<strong>Offline!<\/strong><br \/>\nTwitter Accounts: \ud83d\udce2<a href=\"https:\/\/twitter.com\/demo_ticker\" target=\"_blank\" rel=\"noreferrer noopener\">@demo_ticker<\/a><br \/>\nTwitter Hashtags: <a class=\"css-4rbku5 css-18t94o4 css-901oao css-16my406 r-1cvl2hr r-1loqt21 r-poiln3 r-bcqeeo r-qvutc0\" dir=\"ltr\" role=\"link\" href=\"https:\/\/twitter.com\/hashtag\/b1506?src=hashtag_click\" target=\"_blank\" rel=\"noopener\">#b1506<\/a> <a class=\"css-4rbku5 css-18t94o4 css-901oao css-16my406 r-1cvl2hr r-1loqt21 r-poiln3 r-bcqeeo r-qvutc0\" dir=\"ltr\" role=\"link\" href=\"https:\/\/twitter.com\/hashtag\/NoRacistPolicies?src=hashtag_click\" target=\"_blank\" rel=\"noopener\">#NoRacistPolicies<\/a><\/p>\n<p>\ud83d\udce3<a href=\"https:\/\/www.imk-protest.de\" target=\"_blank\" rel=\"noopener\">Aufruf&#8230;<\/a><\/p>\n<p><strong>\ud83d\uddfa\ufe0f Voraussichtliche Route:<\/strong><\/p>\n<ul>\n<li>Willy-Brandt-Stra\u00dfe 1<\/li>\n<li>Otto-von-Bismarck-Allee<\/li>\n<li>Konrad-Adenauer-Stra\u00dfe<\/li>\n<li>Kronprinzenbr\u00fccke<\/li>\n<li>Kapelle-Ufer<\/li>\n<li>Hugo-Preu\u00df-Br\u00fccke<\/li>\n<li>Friedrich-List-Ufer<\/li>\n<li>Washingtonplatz (ZK)<\/li>\n<li>Rahel-Hirsch-Stra\u00dfe<\/li>\n<li>Alt-Moabit<\/li>\n<li>Alt-Moabit 140<\/li>\n<\/ul>\n<p>Vom 14.6.2023 bis zum 16.6.2023 findet in Berlin die IMK statt. Bei diesem Treffen entscheiden Minister:innen und Senator:innen \u00fcber das Leben, die Perspektive und Zukunft von Menschen, die nicht mit am Tisch sitzen, um f\u00fcr sich und ihre Situation zu sprechen.<\/p>\n<p>Nach wie vor setzt die deutsche Politik gegen\u00fcber Gefl\u00fcchteten vor allem auf Abschreckung. Die allt\u00e4glichen Konsequenzen f\u00fcr Gefl\u00fcchtete sind ein Leben in Massenunterk\u00fcnften, Arbeitsverbote, Abschiebungen, rassistische Polizeigewalt und gesellschaftlicher Ausschluss.<\/p>\n<p><strong>Wir fordern einen echten Kurswechsel. Daf\u00fcr brauchen wir EUCH:<\/strong><\/p>\n<p><strong>Kommt zur Demonstration anl\u00e4sslich der Innenminister:innenkonferenz in Berlin!<\/strong><\/p>\n<hr \/>\n<p><em><strong>Bleiberecht statt Abschiebung!<\/strong><\/em><\/p>\n<p style=\"font-weight: 300\"><span style=\"font-style: inherit;font-weight: inherit\">In Deutschland leben Zehntausende Menschen mit einer Duldung, viele mit einem Arbeitsverbot. Duldungen und Arbeitsverbote f\u00fchren zu Ausschl\u00fcssen aus der Gesellschaft und der Zugang zu Bildung wird verwehrt. Dies f\u00fchrt oft zu starker psychischer Belastung. Hinzu kommt die, auch aufgrund der st\u00e4ndigen Angst vor einer Abschiebung. Trotz der bekannten schwerwiegenden Folgen dieser h\u00e4ufig jahrelangen prek\u00e4ren Situation setzt Deutschland weiterhin auf Restriktionen statt auf weitreichende Bleiberechtsregelungen. Das neue Chancenaufenthaltsrecht ist ein Schritt in die richtige Richtung, aber lange nicht genug. Ob jemand ein Bleiberecht erh\u00e4lt oder nicht, entscheidet h\u00e4ufig die Willk\u00fcr einer Beh\u00f6rde oder die eines:er Sachbearbeiters:in.<\/span><\/p>\n<p style=\"font-weight: 300\"><span style=\"font-style: inherit;font-weight: inherit\"><b><strong style=\"font-style: inherit\">Wir fordern einen sofortigen Abschiebestopp und Bleiberecht f\u00fcr alle!<\/strong><\/b><\/span><\/p>\n<hr \/>\n<p><em><strong>Wohnungen statt Lager!<\/strong><\/em><\/p>\n<p style=\"font-weight: 300\"><span style=\"font-style: inherit;font-weight: inherit\">Noch immer werden gefl\u00fcchtete Menschen gr\u00f6\u00dftenteils gezwungen, in Massenunterk\u00fcnften zu leben, oft jahrelang, auf engstem Raum. Dies ist vor allem f\u00fcr Kinder und Jugendliche sehr belastend. Fehlende Ruhe, fehlende Privatssph\u00e4re, Besuchsverbote, Security am Eingang \u2013 all das isoliert, stigmatisiert und entmenschlicht<b><strong style=\"font-style: inherit\">.<\/strong><\/b><\/span><\/p>\n<p style=\"font-weight: 300\"><span style=\"font-style: inherit;font-weight: inherit\"><b><strong style=\"font-style: inherit\">Daher fordern wir den Zugang zum privaten Wohnen f\u00fcr alle Gefl\u00fcchteten ab dem ersten Tag ihrer Ankunft.<\/strong><\/b><\/span><\/p>\n<hr \/>\n<p style=\"font-weight: 300\"><em><strong>Sicherheit f\u00fcr alle statt rassistischer Polizeigewalt!<\/strong><\/em><\/p>\n<p>Immer wieder werden F\u00e4lle von rassistischer Polizeigewalt gegen Gefl\u00fcchtete \u00f6ffentlich. Dies ist jedoch nur die Spitze des Eisberges. Racial Profiling, Kriminalisierung und Polizeigewalt bei Abschiebungen sind ein Normalzustand in Deutschland, auch vor den Augen von Kindern. In Unterk\u00fcnften arbeiten oft viel mehr Securitymitarbeitende als Sozialarbeiter:innen.<\/p>\n<p><strong>Wir fordern statt den stetigen finanziellen Aufstockungen und Kompetenzerweiterungen von Polizei und Securitydiensten eine langfristige Umlage der Finanzen auf u.a. Soziale Arbeit, sozialen Wohnungsbau und Jugendarbeit. Au\u00dferdem ben\u00f6tigen wir eine unabh\u00e4ngige Aufarbeitung der rassistischen Strukturen innerhalb der Polizei.<\/strong><\/p>\n<p>Denn eine polizeiliche Bearbeitung sozialer und gesellschaftlicher Probleme hat nicht funktioniert und wird nicht funktionieren.<\/p>\n<p><em><strong>Sichere Fluchtwege statt selektiver Aufnahme!<\/strong><\/em><\/p>\n<p>T\u00e4glich sterben Menschen w\u00e4hrend ihrer Flucht nach Europa. Noch immer gibt es kaum M\u00f6glichkeiten f\u00fcr Schutzsuchende sicher nach Deutschland zu gelangen. Ein Weg sind Landes- und Bundesaufnahmeprogramme. Jedoch sind die H\u00fcrden dabei sehr hoch und die Wartezeiten sehr lang. Au\u00dferdem kann nur ein ganz geringer Teil gef\u00e4hrdeter Personen von den Programmen profitieren.<\/p>\n<p><strong>Wir fordern sichere Fluchtwege nach Europa statt selektiver Auslese und langer Prozeduren f\u00fcr nur wenige Menschen.<\/strong><\/p>\n<p>Hierf\u00fcr muss sich Deutschland auch auf EU-Ebene einsetzen.<\/p>\n<hr \/>\n<p><em><strong>Teilhabe statt gesellschaftlichen Ausschlusses!<\/strong><\/em><\/p>\n<p>Gefl\u00fcchtete werden als Menschen 2. Klasse behandelt. Dies zieht sich durch alle gesellschaftlichen Bereiche. So finden Diskriminierungen und Rassismus nicht nur seitens Beh\u00f6rden und Polizei statt, sondern auch in Bildungseinrichtungen, bei der Gesundheitsversorgung, auf dem Arbeitsmarkt, Wohnungsmarkt, in der \u00d6ffentlichkeit und vielen anderen Bereichen. Rassismus und Diskriminierung f\u00f6rdern gesellschaftlichen Ausschluss statt Teilhabe.<\/p>\n<p><strong>Deutschland braucht Mut zu antirassistischer Migrationspolitik von Bund und L\u00e4ndern, die der old-school-Politik der Abschreckung den R\u00fccken zukehrt und Migration als die Chance f\u00fcr vielf\u00e4ltige Gesellschaften begreift, die sie ist.<\/strong><\/p>\n","protected":false},"excerpt":{"rendered":"<p>\ud83d\udca5Donnerstag 15.06.2023\ud83d\udca5 wir berichten am Donnerstag #b1506\u00a0\u00a0ab 17:30 Uhr\u00a0von der Demonstration \ud83d\udd25#NoRacistPolicies! Mut zu Antirassistischer Migrationspolitik!\ud83d\udd25 Donnerstag, 15.07.2023 | 17:30 Uhr | Willy-Brandt-Stra\u00dfe 1 10557 Berlin Anreise: U5 Bundestag | Bus 100 Platz der Republik | S3, S7, S9, Tram M5, M8, M10, Bus 120, 123, 142, 147, 245, M10, M41, M85 Berlin Hauptbahnhof (Ausgang &hellip; <\/p>\n<p class=\"link-more\"><a href=\"https:\/\/demotickerberlin.noblogs.org\/?p=3067\" class=\"more-link\"><span class=\"screen-reader-text\">\u201e#NoRacistPolicies! Mut zu Antirassistischer Migrationspolitik! (15.06.2023)\u201c <\/span>weiterlesen<\/a><\/p>\n","protected":false},"author":13687,"featured_media":0,"comment_status":"closed","ping_status":"closed","sticky":false,"template":"","format":"aside","meta":{"footnotes":""},"categories":[14,19],"tags":[109,110],"class_list":["post-3067","post","type-post","status-publish","format-aside","hentry","category-antirassismus","category-soziale-kaempfe","tag-b1506","tag-noracistpolicies","post_format-post-format-aside"],"_links":{"self":[{"href":"https:\/\/demotickerberlin.noblogs.org\/index.php?rest_route=\/wp\/v2\/posts\/3067","targetHints":{"allow":["GET"]}}],"collection":[{"href":"https:\/\/demotickerberlin.noblogs.org\/index.php?rest_route=\/wp\/v2\/posts"}],"about":[{"href":"https:\/\/demotickerberlin.noblogs.org\/index.php?rest_route=\/wp\/v2\/types\/post"}],"author":[{"embeddable":true,"href":"https:\/\/demotickerberlin.noblogs.org\/index.php?rest_route=\/wp\/v2\/users\/13687"}],"replies":[{"embeddable":true,"href":"https:\/\/demotickerberlin.noblogs.org\/index.php?rest_route=%2Fwp%2Fv2%2Fcomments&post=3067"}],"version-history":[{"count":2,"href":"https:\/\/demotickerberlin.noblogs.org\/index.php?rest_route=\/wp\/v2\/posts\/3067\/revisions"}],"predecessor-version":[{"id":3069,"href":"https:\/\/demotickerberlin.noblogs.org\/index.php?rest_route=\/wp\/v2\/posts\/3067\/revisions\/3069"}],"wp:attachment":[{"href":"https:\/\/demotickerberlin.noblogs.org\/index.php?rest_route=%2Fwp%2Fv2%2Fmedia&parent=3067"}],"wp:term":[{"taxonomy":"category","embeddable":true,"href":"https:\/\/demotickerberlin.noblogs.org\/index.php?rest_route=%2Fwp%2Fv2%2Fcategories&post=3067"},{"taxonomy":"post_tag","embeddable":true,"href":"https:\/\/demotickerberlin.noblogs.org\/index.php?rest_route=%2Fwp%2Fv2%2Ftags&post=3067"}],"curies":[{"name":"wp","href":"https:\/\/api.w.org\/{rel}","templated":true}]}}