{"id":3074,"date":"2023-06-12T21:39:40","date_gmt":"2023-06-12T19:39:40","guid":{"rendered":"https:\/\/demotickerberlin.noblogs.org\/?p=3074"},"modified":"2023-06-16T21:50:27","modified_gmt":"2023-06-16T19:50:27","slug":"schaut-nicht-weg-zusammen-gegen-rechte-kneipen-und-rassistische-gewalt-17-06-2023","status":"publish","type":"post","link":"https:\/\/demotickerberlin.noblogs.org\/?p=3074","title":{"rendered":"Schaut nicht weg! Zusammen gegen rechte Kneipen und rassistische Gewalt! (17.06.2023)"},"content":{"rendered":"<p><img loading=\"lazy\" decoding=\"async\" class=\"alignnone size-full wp-image-5823\" src=\"https:\/\/asanb.noblogs.org\/files\/2023\/06\/b1706_2_1.jpg\" alt=\"\" width=\"1080\" height=\"1080\" \/><\/p>\n<p><strong>\ud83d\udca5Samstag 17<\/strong><strong>.06.2023\ud83d\udca5<\/strong><\/p>\n<p>wir berichten am Samstag <a class=\"css-4rbku5 css-18t94o4 css-901oao css-16my406 r-1cvl2hr r-1loqt21 r-poiln3 r-bcqeeo r-qvutc0\" dir=\"ltr\" role=\"link\" href=\"https:\/\/twitter.com\/hashtag\/b1706?src=hashtag_click\" target=\"_blank\" rel=\"noopener\">#b1706<\/a>\u00a0\u00a0<strong>ab 15:00 Uhr<\/strong>\u00a0von der Demonstration<\/p>\n<p><strong>\ud83d\udd25Schaut nicht weg! Zusammen gegen rechte Kneipen und rassistische Gewalt!\ud83d\udd25<\/strong><\/p>\n<p><strong>Samstag, 17.06.2023 | 15:00 Uhr | Naugader Stra\u00dfe 1, 10365 Berlin<\/strong><\/p>\n<p><strong>Anreise: S8, S41, S42, S85, Tram M4, Bus 158 Greifswalder Stra\u00dfe<\/strong><\/p>\n<p>Web-Ticker:\u00a0<a href=\"https:\/\/berlin.demoticker.org\/\" target=\"_blank\" rel=\"noreferrer noopener\">https:\/\/berlin.demoticker.org<\/a><br \/>\nMastodon:\u00a0<a href=\"https:\/\/todon.eu\/@Demo_Ticker_Berlin\" target=\"_blank\" rel=\"noreferrer noopener\">@Demo_Ticker_Berlin@todon.eu<\/a><br \/>\nTelegram Ticker:\u00a0<a href=\"https:\/\/t.me\/demotickerberlin\" target=\"_blank\" rel=\"noreferrer noopener\">https:\/\/t.me\/demotickerberlin<\/a><br \/>\n\u26a0\ufe0fTelegram Ticker English:\u00a0<strong>Offline!<\/strong><br \/>\nTwitter Accounts: \ud83d\udce2<a href=\"https:\/\/twitter.com\/demo_ticker\" target=\"_blank\" rel=\"noreferrer noopener\">@demo_ticker<\/a><br \/>\nTwitter Hashtags: <a class=\"css-4rbku5 css-18t94o4 css-901oao css-16my406 r-1cvl2hr r-1loqt21 r-poiln3 r-bcqeeo r-qvutc0\" dir=\"ltr\" role=\"link\" href=\"https:\/\/twitter.com\/hashtag\/b1706?src=hashtag_click\" target=\"_blank\" rel=\"noopener\">#b1706<\/a> <span class=\"r-18u37iz\"><a class=\"css-4rbku5 css-18t94o4 css-901oao css-16my406 r-1cvl2hr r-1loqt21 r-poiln3 r-bcqeeo r-qvutc0\" dir=\"ltr\" role=\"link\" href=\"https:\/\/twitter.com\/hashtag\/SchautNichtWeg?src=hashtag_click\" target=\"_blank\" rel=\"noopener\">#SchautNichtWeg<\/a><\/span><span class=\"css-901oao css-16my406 r-poiln3 r-bcqeeo r-qvutc0\">!<\/span><\/p>\n<p><strong>Samstag, 17.06.2023 | 15:00 Uhr | Naugader Stra\u00dfe 1, 10365 Berlin<\/strong><\/p>\n<p><strong>Anreise: S8, S41, S42, S85, Tram M4, Bus 158 Greifswalder Stra\u00dfe<\/strong><\/p>\n<p>\ud83d\udce3 <a href=\"https:\/\/de.indymedia.org\/node\/282626\" target=\"_blank\" rel=\"noopener\">Aufruf&#8230;<\/a><\/p>\n<p><strong>\ud83d\uddfa\ufe0f Voraussichtliche Route:<\/strong><\/p>\n<ul>\n<li>Naugader Stra\u00dfe<\/li>\n<li>Erich-Weinert-Stra\u00dfe<\/li>\n<li>Greifswalder Stra\u00dfe \/ Thomas-Mann-Stra\u00dfe (Zwischenkundgebung)<\/li>\n<li>Thomas-Mann-Stra\u00dfe<\/li>\n<li>Pieskower Weg<\/li>\n<li>Thomas-Mann-Stra\u00dfe<\/li>\n<li>Greifswalder Stra\u00dfe \/ Thomas-Mann-Stra\u00dfe (Zwischenkundgebung)<\/li>\n<li>Greifswalder Stra\u00dfe<\/li>\n<li>Naugarder Stra\u00dfe<\/li>\n<\/ul>\n<p><strong>Schaut nicht weg! Zusammen gegen rechte Kneipen und rassistische Gewalt!<\/strong><\/p>\n<p>Prenzlauer Berg Ost, vor allem der Kiez um die Greifswalder Stra\u00dfe, hat bereits seit den 90ern ein (verst\u00e4rktes) Problem mit Alltagsrassismus und Neonazis. Erst wenn im Kiez Rechte wieder zuschlagen, ger\u00e4t mal wieder an die \u00d6ffentlichkeit, was hier seit Jahren (stattdessen &#8222;bereits lange&#8220;wg. dopplung seit jahren)unter der Oberfl\u00e4che g\u00e4rt: Nazischl\u00e4ger*innen greifen hier seit Jahren ungest\u00f6rt Leute ohne nenneswerte Konsequenzen an und verf\u00fcgen mit Kneipen, wie der Arya Lounge oder Bierquelle, \u00fcber etablierte soziale Treffpunkte.\u00a0<code><br \/>\n<\/code><\/p>\n<p>Die Kneipenszene im Kiez duldet die Rechten in ihren Bars und bietet ihnen damit R\u00fcckzugs- und Ausgangspunkte f\u00fcr Gewalttaten. Wenn die Polizei mal gerufen wird, kommt sie zu sp\u00e4t oder geht rechten Taten nur halbherzig und ungenau nach.<\/p>\n<p><strong>Bierquelle austrocknen!<\/strong><code><br \/>\n<\/code><\/p>\n<p>Dieser untragbare Zustand wird auch dadurch beg\u00fcnstigt, dass in Kneipen wie der Bierquelle (Naugader Strasse 1) bei bester Feierlaune auch mal der Hitlergru\u00df gezeigt wird, dies aber durch manche Mitarbeiter*innen der Bar herunter gespielt wird. Zum einen ist so ein Auftreten dort in manch einer Saufrunde schon v\u00f6llig normalisiert und damit auch f\u00fcr Betreiber*innen und Personal normaler Kneipenalltag, zum anderen will mensch sich durch Hausverbote f\u00fcr Rassist*innen auch nicht die Kund*innenschaft ver\u00e4rgern.<\/p>\n<p>\u00dcber dem Tresen der Bierquelle h\u00e4ngt eine Plakette in den Reichsfarben, auf der in Frakturbuchstaben &#8222;Stammtisch&#8220; steht und ein Reichsadler zu sehen ist. Unliebsamme G\u00e4st*innen werden hier schon mal mit den Worten &#8222;Hier wird AfD gew\u00e4hlt&#8220; aus der Bierquelle geworfen &#8211; so geschehen mit einem Mitglied der Gr\u00fcnen im Februar diesen Jahres. Deutsche Gem\u00fctlichkeit und Gastfreundschaft wie sie im Buche steht.<\/p>\n<p><strong>Ariya Lounge dicht machen<\/strong><strong>!<\/strong><\/p>\n<p>\u00dcber die Ariya Lounge, vor allem aber \u00fcber deren Besitzerin, wurde in den letzten Monaten bereits \u00f6fter berichtet.<\/p>\n<p>Die Betreiberin Jenny G. hatte im Februar 2022 zusammen mit weiteren Freund*innen und Kamerad*innen eine 17-J\u00e4hrige am S-Bahnhof Greifswalder Stra\u00dfe angeriffen. Diese wurde von ihr dabei sexistisch als &#8222;Schla**e&#8220; und rassistisch als &#8222;Kanac***vieh&#8220; beschimpft. Vor Gericht gab sie an, dass sowas schlie\u00dflich im Suff schon mal rausrutschen kann. Sie selbst k\u00f6nne schlie\u00dflich keine Rassistin sei, da ihr Ariya Lounge-Gesch\u00e4ftspartner Kurde sei. Wer am Wochenende die Bar betritt, bekommt einen guten Eindruck davon wer Jenny G.s G\u00e4st*innen und Freund*innen sind. Die Bar in der Erich-Weinert-Stra\u00dfe 150 ist seit 2018 etablierter Treffpunkt und Wohlf\u00fchloase gealterter \u00dc40\/\u00dc50-Faschos. An Freitag- oder Samstagabenden wird hier gesoffen, der BFC Dynamo abgefeiet und auch mal nach herzenslust abgehitlert.<\/p>\n<p><strong>Kein Kiez, keine Kneipe f\u00fcr Rassist*innen!<\/strong><\/p>\n<p>Die Faschos in Prenzlauer Berg-Ost sind neben den vielen anderen Facetten des allt\u00e4glichen Rassismus eine konkrete Berohung f\u00fcr Menschen, die nicht in ihr m\u00f6rderisches Weltbild passen. Wir werden diese Zust\u00e4nde nicht l\u00e4nger hinnehmen. Wir wollen ein Viertel, in dem die Leute keine Angst haben m\u00fcssen, verschieden zu sein, und bef\u00fcrchten m\u00fcssen, angegriffen zu werden &#8211; um das zu erreichen, brauchen wir euch!<\/p>\n<p>Kommt darum am 17. Juni zur Demo, zu den Veranstaltungen und unserer Kundgebung mit Konzert am 30. September. Beteiligt euch an der &#8222;Schaut nicht weg!&#8220;-Kampagne!<\/p>\n<p><strong>Save the dates:<\/strong><\/p>\n<p><img loading=\"lazy\" decoding=\"async\" class=\"alignnone size-full wp-image-5824\" src=\"https:\/\/asanb.noblogs.org\/files\/2023\/06\/b1706_2_2.jpg\" alt=\"\" width=\"1080\" height=\"1080\" \/><\/p>\n<p><strong>Wir machen weiter!<\/strong><code><br \/>\n<\/code><\/p>\n<p><strong>8. Juli Demo<\/strong><code><br \/>\n<\/code>Gegen den Dritten Weg in Marzahn\/Hellersdorf (Org: OAT MaHe &amp; JAP &amp; Friends)<\/p>\n<p><strong>11.\/12. September\u00a0<\/strong>Lesung: &#8222;Unter Nazis&#8220; mit Jacob Springfeld (Org: Schaut nicht weg!)<\/p>\n<p><strong>16. September Demo<\/strong><code><br \/>\n<\/code>Gegen den Dritten Weg und seine Freude. 14:30 Uhr Antonplatz (Org: Kein Kiez f\u00fcr Nazis!-B\u00fcndnis)<\/p>\n<p><strong>30. September<\/strong>\u00a0HipHop-Konzert und Kundgebung<code><br \/>\n<\/code>14 bis 22 Uhr auf der Greiswalder Stra\u00dfe (Org: Schaut nicht weg!)<\/p>\n","protected":false},"excerpt":{"rendered":"<p>\ud83d\udca5Samstag 17.06.2023\ud83d\udca5 wir berichten am Samstag #b1706\u00a0\u00a0ab 15:00 Uhr\u00a0von der Demonstration \ud83d\udd25Schaut nicht weg! Zusammen gegen rechte Kneipen und rassistische Gewalt!\ud83d\udd25 Samstag, 17.06.2023 | 15:00 Uhr | Naugader Stra\u00dfe 1, 10365 Berlin Anreise: S8, S41, S42, S85, Tram M4, Bus 158 Greifswalder Stra\u00dfe Web-Ticker:\u00a0https:\/\/berlin.demoticker.org Mastodon:\u00a0@Demo_Ticker_Berlin@todon.eu Telegram Ticker:\u00a0https:\/\/t.me\/demotickerberlin \u26a0\ufe0fTelegram Ticker English:\u00a0Offline! Twitter Accounts: \ud83d\udce2@demo_ticker Twitter Hashtags: &hellip; <\/p>\n<p class=\"link-more\"><a href=\"https:\/\/demotickerberlin.noblogs.org\/?p=3074\" class=\"more-link\"><span class=\"screen-reader-text\">\u201eSchaut nicht weg! Zusammen gegen rechte Kneipen und rassistische Gewalt! (17.06.2023)\u201c <\/span>weiterlesen<\/a><\/p>\n","protected":false},"author":13687,"featured_media":0,"comment_status":"closed","ping_status":"closed","sticky":false,"template":"","format":"aside","meta":{"footnotes":""},"categories":[12,14],"tags":[113,106],"class_list":["post-3074","post","type-post","status-publish","format-aside","hentry","category-antifa-demos","category-antirassismus","tag-b1706","tag-schautnichtweg","post_format-post-format-aside"],"_links":{"self":[{"href":"https:\/\/demotickerberlin.noblogs.org\/index.php?rest_route=\/wp\/v2\/posts\/3074","targetHints":{"allow":["GET"]}}],"collection":[{"href":"https:\/\/demotickerberlin.noblogs.org\/index.php?rest_route=\/wp\/v2\/posts"}],"about":[{"href":"https:\/\/demotickerberlin.noblogs.org\/index.php?rest_route=\/wp\/v2\/types\/post"}],"author":[{"embeddable":true,"href":"https:\/\/demotickerberlin.noblogs.org\/index.php?rest_route=\/wp\/v2\/users\/13687"}],"replies":[{"embeddable":true,"href":"https:\/\/demotickerberlin.noblogs.org\/index.php?rest_route=%2Fwp%2Fv2%2Fcomments&post=3074"}],"version-history":[{"count":1,"href":"https:\/\/demotickerberlin.noblogs.org\/index.php?rest_route=\/wp\/v2\/posts\/3074\/revisions"}],"predecessor-version":[{"id":3075,"href":"https:\/\/demotickerberlin.noblogs.org\/index.php?rest_route=\/wp\/v2\/posts\/3074\/revisions\/3075"}],"wp:attachment":[{"href":"https:\/\/demotickerberlin.noblogs.org\/index.php?rest_route=%2Fwp%2Fv2%2Fmedia&parent=3074"}],"wp:term":[{"taxonomy":"category","embeddable":true,"href":"https:\/\/demotickerberlin.noblogs.org\/index.php?rest_route=%2Fwp%2Fv2%2Fcategories&post=3074"},{"taxonomy":"post_tag","embeddable":true,"href":"https:\/\/demotickerberlin.noblogs.org\/index.php?rest_route=%2Fwp%2Fv2%2Ftags&post=3074"}],"curies":[{"name":"wp","href":"https:\/\/api.w.org\/{rel}","templated":true}]}}