{"id":3077,"date":"2023-06-23T23:31:04","date_gmt":"2023-06-23T21:31:04","guid":{"rendered":"https:\/\/demotickerberlin.noblogs.org\/?p=3077"},"modified":"2023-06-23T23:38:49","modified_gmt":"2023-06-23T21:38:49","slug":"against-the-eu-policies-that-murder-migrants-in-the-mediterranean-sea-25-06-2023","status":"publish","type":"post","link":"https:\/\/demotickerberlin.noblogs.org\/?p=3077","title":{"rendered":"Against the Eu policies that murder migrants in the mediterranean sea! (25.06.2023)"},"content":{"rendered":"<p><img loading=\"lazy\" decoding=\"async\" class=\"alignnone wp-image-5871\" src=\"https:\/\/asanb.noblogs.org\/files\/2023\/06\/b2506_2_1.jpg\" alt=\"\" width=\"781\" height=\"369\" \/><\/p>\n<p><strong>\ud83d\udca5Sonntag 25<\/strong><strong>.06.2023\ud83d\udca5<\/strong><\/p>\n<p>wir berichten am Sonntag <a class=\"css-4rbku5 css-18t94o4 css-901oao css-16my406 r-1cvl2hr r-1loqt21 r-poiln3 r-bcqeeo r-qvutc0\" dir=\"ltr\" role=\"link\" href=\"https:\/\/twitter.com\/hashtag\/b2506?src=hashtag_click\" target=\"_blank\" rel=\"noopener\">#b2506<\/a> <strong>ab 18:00 Uhr<\/strong> von der Demonstration<\/p>\n<p><strong>\ud83d\udd25Against the Eu policies that murder migrants in the mediterranean sea!\ud83d\udd25<\/strong><\/p>\n<p><strong>Sonntag, 25.06.2023 | 18:00 Uhr | Herrfurthplatz \u00a012049 Berlin<\/strong><\/p>\n<p><strong>Anreise: U8 Boddinstra\u00dfe | Bus 166, M43 Herrfurthstra\u00dfe<\/strong><\/p>\n<p>Web-Ticker:\u00a0<a href=\"https:\/\/berlin.demoticker.org\/\" target=\"_blank\" rel=\"noreferrer noopener\">https:\/\/berlin.demoticker.org<\/a><br \/>\nMastodon:\u00a0<a href=\"https:\/\/todon.eu\/@Demo_Ticker_Berlin\" target=\"_blank\" rel=\"noreferrer noopener\">@Demo_Ticker_Berlin@todon.eu<\/a><br \/>\nTelegram Ticker:\u00a0<a href=\"https:\/\/t.me\/demotickerberlin\" target=\"_blank\" rel=\"noreferrer noopener\">https:\/\/t.me\/demotickerberlin<\/a><br \/>\n\u26a0\ufe0fTelegram Ticker English:\u00a0<strong>Offline!<\/strong><br \/>\nTwitter Accounts: \ud83d\udce2<a href=\"https:\/\/twitter.com\/demo_ticker\" target=\"_blank\" rel=\"noreferrer noopener\">@demo_ticker<\/a><br \/>\nTwitter Hashtags: <a class=\"css-4rbku5 css-18t94o4 css-901oao css-16my406 r-1cvl2hr r-1loqt21 r-poiln3 r-bcqeeo r-qvutc0\" dir=\"ltr\" role=\"link\" href=\"https:\/\/twitter.com\/hashtag\/b2506?src=hashtag_click\" target=\"_blank\" rel=\"noopener\">#b2506<\/a> <span class=\"r-18u37iz\"><a class=\"css-4rbku5 css-18t94o4 css-901oao css-16my406 r-1cvl2hr r-1loqt21 r-poiln3 r-bcqeeo r-1ny4l3l r-1ddef8g r-tjvw6i r-qvutc0\" dir=\"ltr\" role=\"link\" href=\"https:\/\/twitter.com\/hashtag\/Pylos?src=hashtag_click\">#Pylos<\/a><\/span> <a class=\"css-4rbku5 css-18t94o4 css-901oao css-16my406 r-1cvl2hr r-1loqt21 r-poiln3 r-bcqeeo r-qvutc0\" dir=\"ltr\" role=\"link\" href=\"https:\/\/twitter.com\/hashtag\/noGEAS?src=hashtag_click\">#noGEAS<\/a><\/p>\n<p><strong>\ud83d\uddfa\ufe0f Voraussichtliche Route:<\/strong><\/p>\n<ul>\n<li>Herrfurthplatz<\/li>\n<li>Werbellinstra\u00dfe<\/li>\n<li>Karl-Marx-Stra\u00dfe<\/li>\n<li>Erkstra\u00dfe<\/li>\n<li>Sonnenallee<\/li>\n<li>Pannierstra\u00dfe<\/li>\n<li>Glogauer Stra\u00dfe<\/li>\n<li>Wiener Stra\u00dfe<\/li>\n<li>G\u00f6rlitzer Park<\/li>\n<\/ul>\n<p>In den Morgenstunden des 14. Juni 2023 ist ein Schiff in der N\u00e4he der griechischen K\u00fcstenstadt Pylos gesunken. An Bord waren \u00fcber 700 Menschen. Nach Berichten von \u00dcberlebenden, war es die griechische K\u00fcstenwache und FRONTEX, die das Boot zum kentern brachte.<br \/>\nMehr als 600 Menschen sind ums Leben gekommen. Frauen und Kinder waren im Bauch des Schiffes eingesperrt.<\/p>\n<p>Diese Aufmerksamkeit deutscher Medien \u00fcber das t\u00e4gliche Morden an der Festung Europa gab es zuletzt 2013 aufgrund des Schiffbruchs vor Lampedusa. Seitdem sind \u00fcber 27.000 Menschen auf ihrer Flucht im Mittelmeer ertrunken.<\/p>\n<p>Diese Schiffsbr\u00fcche sind kein Ungl\u00fcck. Sie sind geplant, sie sind gewollt, sie werden mit Milliarden von der EU finanziert. Milliarden gehen an die Grenzschutzagentur Frontex. Milliarden gehen in Deals mit Staaten zur Finanzierung von Lagern, Abschiebungen und Folter oder in \u00dcberwachungstechnologien und Z\u00e4une.<\/p>\n<p>Erst Anfang Juni einigten sich die europ\u00e4ischen Staaten auf eine Reform des Gemeinsamen Europ\u00e4ischen Asylsystems (GEAS) und damit auf eine brutale Versch\u00e4rfung. Das Zusammenpferchen in \u00fcberf\u00fcllten Lagern, das Verz\u00f6gern und Verweigern von Asylverfahren und das T\u00f6ten an den Grenzen ist Ausdruck eines post-kolonialen Systems, das auf Rassismus, Kriegen und Ausbeutung basiert.<\/p>\n<p>Wir sind traurig, w\u00fctend und voller Hass auf ein System, f\u00fcr das tausende Menschen auf der Flucht nach Europa systematisch eingesperrt oder ermordet werden.<\/p>\n<p>Wir sind mit unseren Gedanken, bei all denen, die den Schmerz um ihre Liebsten ertragen m\u00fcssen.<\/p>\n<p>Es gibt Verantwortliche f\u00fcr das t\u00e4gliche Morden. Es klebt Blut an den H\u00e4nden deutscher Politiker*innen, der Medien und der rechten Bewegungen in ganz Europa.<\/p>\n<p><strong>Say ist loud say it clear refugees are welcome here!<\/strong><br \/>\n<strong>Die Festung Europa niederrei\u00dfen!<\/strong><\/p>\n<p>Die Demo wird angemeldet sein.<br \/>\n<strong>Startpunkt: Herrfurthplatz | Neuk\u00f6lln | 18:00 | Sonntag 25. Juni<\/strong><\/p>\n<p><strong>Bitte bringt ausgedruckte Redebeitr\u00e4ge mit und kommt damit zum Lastenfahrrad.<\/strong><\/p>\n<p><strong>Seid laut und nehmt euch die Stra\u00dfen!<\/strong><\/p>\n","protected":false},"excerpt":{"rendered":"<p>\ud83d\udca5Sonntag 25.06.2023\ud83d\udca5 wir berichten am Sonntag #b2506 ab 18:00 Uhr von der Demonstration \ud83d\udd25Against the Eu policies that murder migrants in the mediterranean sea!\ud83d\udd25 Sonntag, 25.06.2023 | 18:00 Uhr | Herrfurthplatz \u00a012049 Berlin Anreise: U8 Boddinstra\u00dfe | Bus 166, M43 Herrfurthstra\u00dfe Web-Ticker:\u00a0https:\/\/berlin.demoticker.org Mastodon:\u00a0@Demo_Ticker_Berlin@todon.eu Telegram Ticker:\u00a0https:\/\/t.me\/demotickerberlin \u26a0\ufe0fTelegram Ticker English:\u00a0Offline! Twitter Accounts: \ud83d\udce2@demo_ticker Twitter Hashtags: #b2506 #Pylos &hellip; <\/p>\n<p class=\"link-more\"><a href=\"https:\/\/demotickerberlin.noblogs.org\/?p=3077\" class=\"more-link\"><span class=\"screen-reader-text\">\u201eAgainst the Eu policies that murder migrants in the mediterranean sea! (25.06.2023)\u201c <\/span>weiterlesen<\/a><\/p>\n","protected":false},"author":13687,"featured_media":0,"comment_status":"closed","ping_status":"closed","sticky":false,"template":"","format":"aside","meta":{"footnotes":""},"categories":[14,19],"tags":[114,116,115],"class_list":["post-3077","post","type-post","status-publish","format-aside","hentry","category-antirassismus","category-soziale-kaempfe","tag-b2506","tag-nogeas","tag-pylos","post_format-post-format-aside"],"_links":{"self":[{"href":"https:\/\/demotickerberlin.noblogs.org\/index.php?rest_route=\/wp\/v2\/posts\/3077","targetHints":{"allow":["GET"]}}],"collection":[{"href":"https:\/\/demotickerberlin.noblogs.org\/index.php?rest_route=\/wp\/v2\/posts"}],"about":[{"href":"https:\/\/demotickerberlin.noblogs.org\/index.php?rest_route=\/wp\/v2\/types\/post"}],"author":[{"embeddable":true,"href":"https:\/\/demotickerberlin.noblogs.org\/index.php?rest_route=\/wp\/v2\/users\/13687"}],"replies":[{"embeddable":true,"href":"https:\/\/demotickerberlin.noblogs.org\/index.php?rest_route=%2Fwp%2Fv2%2Fcomments&post=3077"}],"version-history":[{"count":2,"href":"https:\/\/demotickerberlin.noblogs.org\/index.php?rest_route=\/wp\/v2\/posts\/3077\/revisions"}],"predecessor-version":[{"id":3079,"href":"https:\/\/demotickerberlin.noblogs.org\/index.php?rest_route=\/wp\/v2\/posts\/3077\/revisions\/3079"}],"wp:attachment":[{"href":"https:\/\/demotickerberlin.noblogs.org\/index.php?rest_route=%2Fwp%2Fv2%2Fmedia&parent=3077"}],"wp:term":[{"taxonomy":"category","embeddable":true,"href":"https:\/\/demotickerberlin.noblogs.org\/index.php?rest_route=%2Fwp%2Fv2%2Fcategories&post=3077"},{"taxonomy":"post_tag","embeddable":true,"href":"https:\/\/demotickerberlin.noblogs.org\/index.php?rest_route=%2Fwp%2Fv2%2Ftags&post=3077"}],"curies":[{"name":"wp","href":"https:\/\/api.w.org\/{rel}","templated":true}]}}