{"id":3080,"date":"2023-06-25T13:34:40","date_gmt":"2023-06-25T11:34:40","guid":{"rendered":"https:\/\/demotickerberlin.noblogs.org\/?p=3080"},"modified":"2023-06-25T13:34:40","modified_gmt":"2023-06-25T11:34:40","slug":"keine-show-fuer-taeter-you-will-not-silence-us-30-06-2023","status":"publish","type":"post","link":"https:\/\/demotickerberlin.noblogs.org\/?p=3080","title":{"rendered":"Keine Show f\u00fcr T\u00e4ter &#8211; you will not silence us! (30.06.2023)"},"content":{"rendered":"<p><img loading=\"lazy\" decoding=\"async\" class=\"alignnone size-full wp-image-5869\" src=\"https:\/\/asanb.noblogs.org\/files\/2023\/06\/FyfTeIPWYAEPiB_-1.jpg\" alt=\"\" width=\"2048\" height=\"2048\" \/><\/p>\n<p><strong>\ud83d\udca5Freitag 30<\/strong><strong>.06.2023\ud83d\udca5<\/strong><\/p>\n<p>wir berichten am Freitag <span class=\"r-18u37iz\"><a class=\"css-4rbku5 css-18t94o4 css-901oao css-16my406 r-1cvl2hr r-1loqt21 r-poiln3 r-bcqeeo r-1ny4l3l r-1ddef8g r-tjvw6i r-qvutc0\" dir=\"ltr\" role=\"link\" href=\"https:\/\/twitter.com\/hashtag\/b3006?src=hashtag_click\" target=\"_blank\" rel=\"noopener\">#b3006<\/a><\/span><span style=\"font-size: 1rem\">\u00a0<\/span><strong style=\"font-size: 1rem\">ab 17:30 Uhr<\/strong><span style=\"font-size: 1rem\"> von der Kundgebung<\/span><\/p>\n<p><strong>\ud83d\udd25Keine Show f\u00fcr T\u00e4ter &#8211; you will not silence us!\ud83d\udd25<\/strong><\/p>\n<p><strong>Freitag, 30.06.2023 | 17:30 Uhr |\u00a0Tamara-Danz-Stra\u00dfe 11 10243 Berlin<\/strong><\/p>\n<p><strong>Anreise: Bus 300 Tamara-Danz-Stra\u00dfe | U1, U3, S3, S5, S7, S9, S75, Tram M10, Bus 347 Warschauer Stra\u00dfe<\/strong><\/p>\n<p>Web-Ticker:\u00a0<a href=\"https:\/\/berlin.demoticker.org\/\" target=\"_blank\" rel=\"noreferrer noopener\">https:\/\/berlin.demoticker.org<\/a><br \/>\nMastodon:\u00a0<a href=\"https:\/\/todon.eu\/@Demo_Ticker_Berlin\" target=\"_blank\" rel=\"noreferrer noopener\">@Demo_Ticker_Berlin@todon.eu<\/a><br \/>\nTelegram Ticker:\u00a0<a href=\"https:\/\/t.me\/demotickerberlin\" target=\"_blank\" rel=\"noreferrer noopener\">https:\/\/t.me\/demotickerberlin<\/a><br \/>\n\u26a0\ufe0fTelegram Ticker English:\u00a0<strong>Offline!<\/strong><br \/>\nTwitter Accounts: \ud83d\udce2<a href=\"https:\/\/twitter.com\/demo_ticker\" target=\"_blank\" rel=\"noreferrer noopener\">@demo_ticker<\/a><br \/>\nTwitter Hashtags: <span class=\"r-18u37iz\"><a class=\"css-4rbku5 css-18t94o4 css-901oao css-16my406 r-1cvl2hr r-1loqt21 r-poiln3 r-bcqeeo r-1ny4l3l r-1ddef8g r-tjvw6i r-qvutc0\" dir=\"ltr\" role=\"link\" href=\"https:\/\/twitter.com\/hashtag\/b3006?src=hashtag_click\" target=\"_blank\" rel=\"noopener\">#b3006<\/a> <a class=\"css-4rbku5 css-18t94o4 css-901oao css-16my406 r-1cvl2hr r-1loqt21 r-poiln3 r-bcqeeo r-qvutc0\" dir=\"ltr\" role=\"link\" href=\"https:\/\/twitter.com\/hashtag\/KeineShowF%C3%BCrT%C3%A4ter?src=hashtag_click\" target=\"_blank\" rel=\"noopener\">#KeineShowF\u00fcrT\u00e4ter<\/a><\/span><\/p>\n<p>Wieder berichten dutzende Menschen von \u00dcbergriffen und Gewalt, die sie erfahren mussten. Und wieder wird vor allem von &#8222;Unzul\u00e4ssiger Verdachtsberichterstattung&#8220;, &#8222;Cancel Culture&#8220; und den Himmel verdunkelnden &#8222;Woke-Wolken&#8220; gefaselt.<\/p>\n<p><strong>Das ist jawohl ein schlechter Scher(t)z!<\/strong><\/p>\n<p>W\u00e4hrend ganze Artikel, in denen Betroffene von ihren schrecklichen Erfahrungen berichten, gerichtlich verboten und solidarische Einzelpersonen mundtot gemacht wurden und werden, erhalten T\u00e4ter weiterhin die B\u00fchnen der Welt.<\/p>\n<p>Wieder d\u00fcrfen sie vor tausenden von Menschen ihre Witze \u00fcber sexualisierte Gewalt rei\u00dfen, weiterhin rassistische, sowie sexistische Kommentare ablassen und die Vergewaltigungsfantasien ihres &#8222;lyrischen Ichs&#8220; auff\u00fchren; es w\u00e4re ja &#8222;nur eine Rolle&#8220;. Unter dem Deckmantel der sogenannten k\u00fcnstlerischen Freiheit verbalisieren sie unbehelligt ihre Gewaltsehns\u00fcchte &#8211; alles &#8222;nicht so gemeint&#8220;.<\/p>\n<p><strong>Wie oft noch m\u00fcssen Menschen leiden, bis erkannt wird, dass diese Vorf\u00e4lle System haben?<\/strong><\/p>\n<p><strong>Wie viele m\u00fcssen noch <a class=\"x1i10hfl xjbqb8w x6umtig x1b1mbwd xaqea5y xav7gou x9f619 x1ypdohk xt0psk2 xe8uvvx xdj266r x11i5rnm xat24cr x1mh8g0r xexx8yu x4uap5 x18d9i69 xkhd6sd x16tdsg8 x1hl2dhg xggy1nq x1a2a7pz _aa9_ _a6hd\" role=\"link\" href=\"https:\/\/www.instagram.com\/explore\/tags\/metoo\/\" target=\"_blank\" rel=\"noopener\">#metoo<\/a> schreien?<\/strong><\/p>\n<p><strong>Wie viele mutige Menschen, die auf diese entsetzlichen Zust\u00e4nde, die Dynamik hinweisen, werden noch zum Schweigen gebracht?<\/strong><\/p>\n<p>Und nicht nur die verblendeten Fans halten sich die Augen vor den Tatsachen zu, sondern auch der Staat, die Justiz und alle ihre Lakaien laufen weiterhin in Lemming-Formation.<\/p>\n<p>Doch wir lassen uns den Protest nicht verbieten! Niemand kann den Mut und Willen der Menschen brechen, die weltweit f\u00fcr Gerechtigkeit k\u00e4mpfen.<\/p>\n<p><strong> Unsere Wut kann nicht verboten werden!<\/strong><br \/>\n<strong>\u26d3\ufe0f YOU WON&#8217;T SILENCE US \u26d3\ufe0f<\/strong><\/p>\n<p>Kommt zur Kundgebung am 30.06. um 17.30 Uhr (Tamara-Danz Stra\u00dfe 11) um diese Ungerechtigkeit nicht unbeantwortet zu lassen, tragen wir unsere Wut auf die Stra\u00dfe!<\/p>\n","protected":false},"excerpt":{"rendered":"<p>\ud83d\udca5Freitag 30.06.2023\ud83d\udca5 wir berichten am Freitag #b3006\u00a0ab 17:30 Uhr von der Kundgebung \ud83d\udd25Keine Show f\u00fcr T\u00e4ter &#8211; you will not silence us!\ud83d\udd25 Freitag, 30.06.2023 | 17:30 Uhr |\u00a0Tamara-Danz-Stra\u00dfe 11 10243 Berlin Anreise: Bus 300 Tamara-Danz-Stra\u00dfe | U1, U3, S3, S5, S7, S9, S75, Tram M10, Bus 347 Warschauer Stra\u00dfe Web-Ticker:\u00a0https:\/\/berlin.demoticker.org Mastodon:\u00a0@Demo_Ticker_Berlin@todon.eu Telegram Ticker:\u00a0https:\/\/t.me\/demotickerberlin \u26a0\ufe0fTelegram Ticker &hellip; <\/p>\n<p class=\"link-more\"><a href=\"https:\/\/demotickerberlin.noblogs.org\/?p=3080\" class=\"more-link\"><span class=\"screen-reader-text\">\u201eKeine Show f\u00fcr T\u00e4ter &#8211; you will not silence us! (30.06.2023)\u201c <\/span>weiterlesen<\/a><\/p>\n","protected":false},"author":13687,"featured_media":0,"comment_status":"closed","ping_status":"closed","sticky":false,"template":"","format":"aside","meta":{"footnotes":""},"categories":[15],"tags":[117,118],"class_list":["post-3080","post","type-post","status-publish","format-aside","hentry","category-feministische-kaempfe","tag-b3006","tag-keineshowfuertaeter","post_format-post-format-aside"],"_links":{"self":[{"href":"https:\/\/demotickerberlin.noblogs.org\/index.php?rest_route=\/wp\/v2\/posts\/3080","targetHints":{"allow":["GET"]}}],"collection":[{"href":"https:\/\/demotickerberlin.noblogs.org\/index.php?rest_route=\/wp\/v2\/posts"}],"about":[{"href":"https:\/\/demotickerberlin.noblogs.org\/index.php?rest_route=\/wp\/v2\/types\/post"}],"author":[{"embeddable":true,"href":"https:\/\/demotickerberlin.noblogs.org\/index.php?rest_route=\/wp\/v2\/users\/13687"}],"replies":[{"embeddable":true,"href":"https:\/\/demotickerberlin.noblogs.org\/index.php?rest_route=%2Fwp%2Fv2%2Fcomments&post=3080"}],"version-history":[{"count":1,"href":"https:\/\/demotickerberlin.noblogs.org\/index.php?rest_route=\/wp\/v2\/posts\/3080\/revisions"}],"predecessor-version":[{"id":3081,"href":"https:\/\/demotickerberlin.noblogs.org\/index.php?rest_route=\/wp\/v2\/posts\/3080\/revisions\/3081"}],"wp:attachment":[{"href":"https:\/\/demotickerberlin.noblogs.org\/index.php?rest_route=%2Fwp%2Fv2%2Fmedia&parent=3080"}],"wp:term":[{"taxonomy":"category","embeddable":true,"href":"https:\/\/demotickerberlin.noblogs.org\/index.php?rest_route=%2Fwp%2Fv2%2Fcategories&post=3080"},{"taxonomy":"post_tag","embeddable":true,"href":"https:\/\/demotickerberlin.noblogs.org\/index.php?rest_route=%2Fwp%2Fv2%2Ftags&post=3080"}],"curies":[{"name":"wp","href":"https:\/\/api.w.org\/{rel}","templated":true}]}}