{"id":3090,"date":"2023-07-09T16:57:16","date_gmt":"2023-07-09T14:57:16","guid":{"rendered":"https:\/\/demotickerberlin.noblogs.org\/?p=3090"},"modified":"2023-07-09T16:57:16","modified_gmt":"2023-07-09T14:57:16","slug":"kein-rammstein-in-berlin-vor-gericht-statt-auf-die-buehne-15-07-2023","status":"publish","type":"post","link":"https:\/\/demotickerberlin.noblogs.org\/?p=3090","title":{"rendered":"KEIN RAMMSTEIN IN BERLIN! Vor Gericht statt auf die B\u00fchne! (15.07.2023)"},"content":{"rendered":"<p><img loading=\"lazy\" decoding=\"async\" class=\"alignnone size-full wp-image-5887\" src=\"https:\/\/asanb.noblogs.org\/files\/2023\/06\/b1507_1_1.jpg\" alt=\"\" width=\"1638\" height=\"2048\" \/><\/p>\n<p><strong>\ud83d\udca5Samstag 15<\/strong><strong>.07.2023\ud83d\udca5<\/strong><\/p>\n<p>wir berichten am Samstag <span class=\"r-18u37iz\"><a class=\"css-4rbku5 css-18t94o4 css-901oao css-16my406 r-1cvl2hr r-1loqt21 r-poiln3 r-bcqeeo r-1ny4l3l r-1ddef8g r-tjvw6i r-qvutc0\" dir=\"ltr\" role=\"link\" href=\"https:\/\/twitter.com\/hashtag\/b1507?src=hashtag_click\" target=\"_blank\" rel=\"noopener\">#b1507<\/a><\/span>\u00a0<strong>ab 14:30 Uhr<\/strong>\u00a0von der Demonstration<\/p>\n<p><strong>\ud83d\udd25KEIN RAMMSTEIN IN BERLIN! Vor Gericht statt auf die B\u00fchne!\ud83d\udd25<br \/>\n<\/strong><\/p>\n<p><strong>Anreise: U2, Bus 143, 218, 349, X34, X49 Theodor-Heuss-PlatzS41, S42, S45, S46 Messe Nord \/ ICC (Witzleben)<\/strong><\/p>\n<p>Web-Ticker:\u00a0<a href=\"https:\/\/berlin.demoticker.org\/\" target=\"_blank\" rel=\"noreferrer noopener\">https:\/\/berlin.demoticker.org<\/a><br \/>\nMastodon:\u00a0<a href=\"https:\/\/todon.eu\/@Demo_Ticker_Berlin\" target=\"_blank\" rel=\"noreferrer noopener\">@Demo_Ticker_Berlin@todon.eu<\/a><br \/>\nTelegram Ticker:\u00a0<a href=\"https:\/\/t.me\/demotickerberlin\" target=\"_blank\" rel=\"noreferrer noopener\">https:\/\/t.me\/demotickerberlin<\/a><br \/>\n\u26a0\ufe0fTelegram Ticker English:\u00a0<strong>Offline!<\/strong><br \/>\n\u26a0\ufe0fTwitter Ticker:\u00a0<strong>Offline!<\/strong><br \/>\nHashtags: <span class=\"r-18u37iz\"><a class=\"css-4rbku5 css-18t94o4 css-901oao css-16my406 r-1cvl2hr r-1loqt21 r-poiln3 r-bcqeeo r-1ny4l3l r-1ddef8g r-tjvw6i r-qvutc0\" dir=\"ltr\" role=\"link\" href=\"https:\/\/twitter.com\/hashtag\/b1507?src=hashtag_click\" target=\"_blank\" rel=\"noopener\">#b1507<\/a><\/span> <a class=\"css-4rbku5 css-18t94o4 css-901oao css-16my406 r-1cvl2hr r-1loqt21 r-poiln3 r-bcqeeo r-qvutc0\" dir=\"ltr\" role=\"link\" href=\"https:\/\/twitter.com\/hashtag\/KeineShowF%C3%BCrT%C3%A4ter?src=hashtag_click\" target=\"_blank\" rel=\"noopener\">#KeineShowF\u00fcrT\u00e4ter<\/a><\/p>\n<p><strong>\ud83d\uddfa\ufe0f Voraussichtliche Route:<\/strong><\/p>\n<ul>\n<li>Theodor-Heuss-Platz<\/li>\n<li>Reichsstra\u00dfe<\/li>\n<li>Olympische Stra\u00dfe<\/li>\n<li>Olympiaplatz (Parkplatz vor dem Haupteingang mit Blick auf das Besucherzentrum)<\/li>\n<\/ul>\n<p>Am 15.07. spielt Rammstein das erste von insgesamt drei ausverkauften Konzerten im Olympiastadion. Es werden also insgesamt 225.000 Menschen diese Band feiern und bejubeln. Eine Band, deren Fronts\u00e4nger und Aush\u00e4ngeschild Till Lindemann ist. Till Lindemann &#8211; ein Mann dem diverse Frauen Missbrauch und k\u00f6rperliche Misshandlung vorwerfen.<\/p>\n<p>Die Vorw\u00fcrfe von den betroffenen Frauen zeichnen ein Bild von systematischem Machtmissbrauch und sexueller Gewalt. Doch es geht nicht nur um Till Lindemann als mutma\u00dflich gewaltaus\u00fcbende Person. Es geht, um die misogyne, von M\u00e4nnern dominierte Musikindustrie, welche Frauen mutwillig ausnutzt und als reine Sexobjekte sieht.<\/p>\n<p><strong>Wir k\u00f6nnen diese Konzerte nicht wortlos hinnehmen! <\/strong><\/p>\n<p>Lasst uns gemeinsam am 15.07.2023 auf die Stra\u00dfe gehen. Lasst uns gemeinsam laut sein und unsere Wut herausschreien &#8211; in Solidarit\u00e4t mit den Betroffenen und gegen Till Lindemann. Till Lindemann darf sich in Berlin nicht von hunderttausenden feiern lassen.<\/p>\n<p><strong>Wir zeigen der Welt, dass Rammstein in Berlin nicht erw\u00fcnscht ist!<\/strong><\/p>\n<hr \/>\n<p>On 15.07. Rammstein will play the first of a total of three sold-out concerts at the Olympiastadion. So a total of 225,000 people will celebrate and cheer this band. A band whose lead singer and figurehead is Till Lindemann. Till Lindemann &#8211; a man whom various women accuse of abuse and physical mistreatment.<\/p>\n<p>The accusations from the women concerned paint a picture of systematic abuse of power and sexual violence. But it is not only about Till Lindemann as the alleged perpetrator of violence. It is about the misogynistic male-dominated music industry, which wantonly exploits women and sees them as mere sex objects.<\/p>\n<p><strong>We cannot accept these concerts without a word!<\/strong><\/p>\n<p>Let&#8217;s take to the streets together on 15.07.2023. Let&#8217;s be loud together and shout out our anger &#8211; in solidarity with those affected and against Till Lindemann. Till Lindemann must not let himself be celebrated by hundreds of thousands in Berlin.<\/p>\n<p><strong>We will show the world that Rammstein is not wanted in Berlin!<\/strong><\/p>\n","protected":false},"excerpt":{"rendered":"<p>\ud83d\udca5Samstag 15.07.2023\ud83d\udca5 wir berichten am Samstag #b1507\u00a0ab 14:30 Uhr\u00a0von der Demonstration \ud83d\udd25KEIN RAMMSTEIN IN BERLIN! Vor Gericht statt auf die B\u00fchne!\ud83d\udd25 Anreise: U2, Bus 143, 218, 349, X34, X49 Theodor-Heuss-PlatzS41, S42, S45, S46 Messe Nord \/ ICC (Witzleben) Web-Ticker:\u00a0https:\/\/berlin.demoticker.org Mastodon:\u00a0@Demo_Ticker_Berlin@todon.eu Telegram Ticker:\u00a0https:\/\/t.me\/demotickerberlin \u26a0\ufe0fTelegram Ticker English:\u00a0Offline! \u26a0\ufe0fTwitter Ticker:\u00a0Offline! Hashtags: #b1507 #KeineShowF\u00fcrT\u00e4ter \ud83d\uddfa\ufe0f Voraussichtliche Route: Theodor-Heuss-Platz Reichsstra\u00dfe &hellip; <\/p>\n<p class=\"link-more\"><a href=\"https:\/\/demotickerberlin.noblogs.org\/?p=3090\" class=\"more-link\"><span class=\"screen-reader-text\">\u201eKEIN RAMMSTEIN IN BERLIN! Vor Gericht statt auf die B\u00fchne! (15.07.2023)\u201c <\/span>weiterlesen<\/a><\/p>\n","protected":false},"author":13687,"featured_media":0,"comment_status":"closed","ping_status":"closed","sticky":false,"template":"","format":"aside","meta":{"footnotes":""},"categories":[15],"tags":[122,118],"class_list":["post-3090","post","type-post","status-publish","format-aside","hentry","category-feministische-kaempfe","tag-b1507","tag-keineshowfuertaeter","post_format-post-format-aside"],"_links":{"self":[{"href":"https:\/\/demotickerberlin.noblogs.org\/index.php?rest_route=\/wp\/v2\/posts\/3090","targetHints":{"allow":["GET"]}}],"collection":[{"href":"https:\/\/demotickerberlin.noblogs.org\/index.php?rest_route=\/wp\/v2\/posts"}],"about":[{"href":"https:\/\/demotickerberlin.noblogs.org\/index.php?rest_route=\/wp\/v2\/types\/post"}],"author":[{"embeddable":true,"href":"https:\/\/demotickerberlin.noblogs.org\/index.php?rest_route=\/wp\/v2\/users\/13687"}],"replies":[{"embeddable":true,"href":"https:\/\/demotickerberlin.noblogs.org\/index.php?rest_route=%2Fwp%2Fv2%2Fcomments&post=3090"}],"version-history":[{"count":1,"href":"https:\/\/demotickerberlin.noblogs.org\/index.php?rest_route=\/wp\/v2\/posts\/3090\/revisions"}],"predecessor-version":[{"id":3091,"href":"https:\/\/demotickerberlin.noblogs.org\/index.php?rest_route=\/wp\/v2\/posts\/3090\/revisions\/3091"}],"wp:attachment":[{"href":"https:\/\/demotickerberlin.noblogs.org\/index.php?rest_route=%2Fwp%2Fv2%2Fmedia&parent=3090"}],"wp:term":[{"taxonomy":"category","embeddable":true,"href":"https:\/\/demotickerberlin.noblogs.org\/index.php?rest_route=%2Fwp%2Fv2%2Fcategories&post=3090"},{"taxonomy":"post_tag","embeddable":true,"href":"https:\/\/demotickerberlin.noblogs.org\/index.php?rest_route=%2Fwp%2Fv2%2Ftags&post=3090"}],"curies":[{"name":"wp","href":"https:\/\/api.w.org\/{rel}","templated":true}]}}