{"id":3092,"date":"2023-07-16T19:13:36","date_gmt":"2023-07-16T17:13:36","guid":{"rendered":"https:\/\/demotickerberlin.noblogs.org\/?p=3092"},"modified":"2023-07-16T19:13:36","modified_gmt":"2023-07-16T17:13:36","slug":"rojava-soresa-hevive-11-jahre-revolution-der-hoffnung-19-07-2023","status":"publish","type":"post","link":"https:\/\/demotickerberlin.noblogs.org\/?p=3092","title":{"rendered":"Rojava Sore\u015fa H\u00eaviv\u00ea &#8211; 11 Jahre Revolution der Hoffnung! (19.07.2023)"},"content":{"rendered":"<p><img loading=\"lazy\" decoding=\"async\" class=\"alignnone size-full wp-image-5916\" src=\"https:\/\/asanb.noblogs.org\/files\/2023\/07\/Snapinsta.app_357658214_705518024670740_1996432237504374731_n_1080.jpg\" alt=\"\" width=\"1080\" height=\"1080\" \/><\/p>\n<p><strong>\ud83d\udca5Mittwoch 19<\/strong><strong>.07.2023\ud83d\udca5<\/strong><\/p>\n<p>wir berichten am Mittwoch <a class=\"css-4rbku5 css-18t94o4 css-901oao css-16my406 r-1cvl2hr r-1loqt21 r-poiln3 r-b88u0q r-bcqeeo r-qvutc0\" dir=\"ltr\" role=\"link\" href=\"https:\/\/twitter.com\/hashtag\/b1907?src=hashtag_click\">#b1907<\/a>\u00a0<strong>ab 19:00 Uhr<\/strong>\u00a0von der Demonstration<\/p>\n<p><strong>\ud83d\udd25Rojava Sore\u015fa H\u00eaviv\u00ea &#8211; 11 Jahre Revolution der Hoffnung!\ud83d\udd25<br \/>\n<\/strong><\/p>\n<p><strong>Mittwoch, den 19.07.2023 | 19:00 Uhr | Oranienplatz 10999 Berlin<\/strong><\/p>\n<p><strong>Anreise: U8, Bus 248 Moritzplatz | M29 Oranienplatz | U1, U3, U8 Kottbusser Tor<\/strong><\/p>\n<p>Web-Ticker:\u00a0<a href=\"https:\/\/berlin.demoticker.org\/\" target=\"_blank\" rel=\"noreferrer noopener\">https:\/\/berlin.demoticker.org<\/a><br \/>\nMastodon:\u00a0<a href=\"https:\/\/todon.eu\/@Demo_Ticker_Berlin\" target=\"_blank\" rel=\"noreferrer noopener\">@Demo_Ticker_Berlin@todon.eu<\/a><br \/>\nTelegram Ticker:\u00a0<a href=\"https:\/\/t.me\/demotickerberlin\" target=\"_blank\" rel=\"noreferrer noopener\">https:\/\/t.me\/demotickerberlin<\/a><br \/>\n\u26a0\ufe0fTelegram Ticker English:\u00a0<strong>Offline!<\/strong><br \/>\n\u26a0\ufe0fTwitter Ticker:\u00a0<strong>Offline!<\/strong><br \/>\nHashtags: <a class=\"css-4rbku5 css-18t94o4 css-901oao css-16my406 r-1cvl2hr r-1loqt21 r-poiln3 r-b88u0q r-bcqeeo r-qvutc0\" dir=\"ltr\" role=\"link\" href=\"https:\/\/twitter.com\/hashtag\/b1907?src=hashtag_click\">#b1907<\/a> <span class=\"r-18u37iz\"><a class=\"css-4rbku5 css-18t94o4 css-901oao css-16my406 r-1cvl2hr r-1loqt21 r-poiln3 r-bcqeeo r-1ny4l3l r-1ddef8g r-tjvw6i r-qvutc0\" dir=\"ltr\" role=\"link\" href=\"https:\/\/twitter.com\/hashtag\/riseup4rojava?src=hashtag_click\" target=\"_blank\" rel=\"noopener\">#riseup4rojava<\/a><\/span><\/p>\n<p>\ud83d\uddfa\ufe0f\u00a0<strong>Voraussichtliche Route:<\/strong><\/p>\n<ul>\n<li>Oranienplatz<\/li>\n<li>Oranienstra\u00dfe<\/li>\n<li>Skalitzer Stra\u00dfe<\/li>\n<li>Oberbaumstra\u00dfe<\/li>\n<li>Oberbaumbr\u00fccke<\/li>\n<li>Warschauer Stra\u00dfe<\/li>\n<li>Warschauer Stra\u00dfe (S-Bhf.)<\/li>\n<\/ul>\n<p><strong>Rojava Sore\u015fa H\u00eaviv\u00ea &#8211; 11 Jahre Revolution der Hoffnung!<\/strong><\/p>\n<p>Am 19. Juli diesen Jahres wird es 11 Jahre her sein, dass die Menschen in Nord-Ost-Syrien ihr Schicksal in die eigene Hand nahmen und das verwirklichten, was heute als Rojava Revolution rund um den Globus bekannt geworden ist.<\/p>\n<p>Wenn wir auf die letzten 11 Jahre zur\u00fcckblicken, dann sehen wir eine Geschichte voller Mut und Hoffnung. Mit dem Aufbau von R\u00e4testrukturen, nachbarschaftlichen Kommunen und Kooperativen haben sich die Menschen Nord-Ost-Syriens zum Ziel gesetzt, die Probleme des Mittleren Ostens zu \u00fcberwinden und eine demokratische Selbstverwaltung nach den Vorschl\u00e4gen Abdullah \u00d6calans aufzubauen.<\/p>\n<p>Angef\u00fchrt von Frauen und Jugendlichen wurden im Nord-Osten Syriens Selbstverteidigungsstrukturen geschaffen, welche dem Islamischen Staat in verlustreichen K\u00e4mpfen die Stirn boten, den \u00caz\u00eeden in \u015eengal einen Fluchtkorridor schlugen und dem Islamischen Staat bei der Schlacht um Koban\u00ea die erste richtungsweisende Niederlage zuf\u00fchrten.<\/p>\n<p>In Rojava wird f\u00fcr die Verwirklichung eines <strong>gleichberechtigten Zusammenlebens<\/strong> gek\u00e4mpft, das auf <strong>sozialer \u00d6kologie, Frauenbefreiung<\/strong> und <strong>radikaler Demokratie<\/strong> basiert.<\/p>\n<p>Angesichts des Syrienkonflikts und des blutigen Krieges, der dort tobt, hat sich gezeigt, dass lediglich ein System demokratischer und kommunaler Selbstverwaltung die Probleme dieser Region l\u00f6sen kann, die so reich an kultureller Vielfalt ist.<\/p>\n<p>Aus allen Teilen der Welt schauen deshalb die Menschen auf dieses einzigartige Projekt und beteiligen sich am Aufbau und an der Verteidigung der Revolution.<\/p>\n<p>Doch aus denselben Gr\u00fcnden erf\u00e4hrt sie tagt\u00e4glich schwerste Angriffe, ver\u00fcbt durch den t\u00fcrkischen Staat, der ausger\u00fcstet mit deutschen Waffen alles daran setzt, die demokratische Alternative an seiner s\u00fcdlichen Grenze zu zerschlagen.<\/p>\n<p>Mit unbemannten Kampfdrohnen werden fast t\u00e4glich Menschen ohne jedes Urteil ermordet und nach der Wiederwahl Erdogans scheint eine erneute Invasion nur eine Frage der Zeit zu sein.<\/p>\n<p><strong>Am Jahrestag der Revolution, den 19. Juli, wollen wir deshalb auch in Berlin auf die Stra\u00dfe gehen und den Menschen vor Ort zeigen, dass wir an ihrer Seite stehen und die Verbrechen des t\u00fcrkischen Staates und das Schweigens Deutschlands nicht kommentarlos hinnehmen werden.<\/strong><\/p>\n","protected":false},"excerpt":{"rendered":"<p>\ud83d\udca5Mittwoch 19.07.2023\ud83d\udca5 wir berichten am Mittwoch #b1907\u00a0ab 19:00 Uhr\u00a0von der Demonstration \ud83d\udd25Rojava Sore\u015fa H\u00eaviv\u00ea &#8211; 11 Jahre Revolution der Hoffnung!\ud83d\udd25 Mittwoch, den 19.07.2023 | 19:00 Uhr | Oranienplatz 10999 Berlin Anreise: U8, Bus 248 Moritzplatz | M29 Oranienplatz | U1, U3, U8 Kottbusser Tor Web-Ticker:\u00a0https:\/\/berlin.demoticker.org Mastodon:\u00a0@Demo_Ticker_Berlin@todon.eu Telegram Ticker:\u00a0https:\/\/t.me\/demotickerberlin \u26a0\ufe0fTelegram Ticker English:\u00a0Offline! \u26a0\ufe0fTwitter Ticker:\u00a0Offline! Hashtags: #b1907 &hellip; <\/p>\n<p class=\"link-more\"><a href=\"https:\/\/demotickerberlin.noblogs.org\/?p=3092\" class=\"more-link\"><span class=\"screen-reader-text\">\u201eRojava Sore\u015fa H\u00eaviv\u00ea &#8211; 11 Jahre Revolution der Hoffnung! (19.07.2023)\u201c <\/span>weiterlesen<\/a><\/p>\n","protected":false},"author":13687,"featured_media":0,"comment_status":"closed","ping_status":"closed","sticky":false,"template":"","format":"aside","meta":{"footnotes":""},"categories":[12,14,15],"tags":[123,124],"class_list":["post-3092","post","type-post","status-publish","format-aside","hentry","category-antifa-demos","category-antirassismus","category-feministische-kaempfe","tag-b1907","tag-riseup4rojava","post_format-post-format-aside"],"_links":{"self":[{"href":"https:\/\/demotickerberlin.noblogs.org\/index.php?rest_route=\/wp\/v2\/posts\/3092","targetHints":{"allow":["GET"]}}],"collection":[{"href":"https:\/\/demotickerberlin.noblogs.org\/index.php?rest_route=\/wp\/v2\/posts"}],"about":[{"href":"https:\/\/demotickerberlin.noblogs.org\/index.php?rest_route=\/wp\/v2\/types\/post"}],"author":[{"embeddable":true,"href":"https:\/\/demotickerberlin.noblogs.org\/index.php?rest_route=\/wp\/v2\/users\/13687"}],"replies":[{"embeddable":true,"href":"https:\/\/demotickerberlin.noblogs.org\/index.php?rest_route=%2Fwp%2Fv2%2Fcomments&post=3092"}],"version-history":[{"count":1,"href":"https:\/\/demotickerberlin.noblogs.org\/index.php?rest_route=\/wp\/v2\/posts\/3092\/revisions"}],"predecessor-version":[{"id":3093,"href":"https:\/\/demotickerberlin.noblogs.org\/index.php?rest_route=\/wp\/v2\/posts\/3092\/revisions\/3093"}],"wp:attachment":[{"href":"https:\/\/demotickerberlin.noblogs.org\/index.php?rest_route=%2Fwp%2Fv2%2Fmedia&parent=3092"}],"wp:term":[{"taxonomy":"category","embeddable":true,"href":"https:\/\/demotickerberlin.noblogs.org\/index.php?rest_route=%2Fwp%2Fv2%2Fcategories&post=3092"},{"taxonomy":"post_tag","embeddable":true,"href":"https:\/\/demotickerberlin.noblogs.org\/index.php?rest_route=%2Fwp%2Fv2%2Ftags&post=3092"}],"curies":[{"name":"wp","href":"https:\/\/api.w.org\/{rel}","templated":true}]}}