{"id":3094,"date":"2023-07-17T20:31:32","date_gmt":"2023-07-17T18:31:32","guid":{"rendered":"https:\/\/demotickerberlin.noblogs.org\/?p=3094"},"modified":"2023-07-17T20:50:43","modified_gmt":"2023-07-17T18:50:43","slug":"10-jahre-dyke-march-berlin-21-07-2023","status":"publish","type":"post","link":"https:\/\/demotickerberlin.noblogs.org\/?p=3094","title":{"rendered":"10 JAHRE DYKE* MARCH BERLIN (21.07.2023)"},"content":{"rendered":"<p><img loading=\"lazy\" decoding=\"async\" class=\"alignnone size-full wp-image-5921\" src=\"https:\/\/asanb.noblogs.org\/files\/2023\/07\/b2106_1_1.jpg\" alt=\"\" width=\"1080\" height=\"1080\" \/><\/p>\n<p><strong>\ud83d\udca5Freitag 21<\/strong><strong>.07.2023\ud83d\udca5<\/strong><\/p>\n<p>wir berichten am Freitag <a class=\"css-4rbku5 css-18t94o4 css-901oao css-16my406 r-1cvl2hr r-1loqt21 r-poiln3 r-b88u0q r-bcqeeo r-qvutc0\" dir=\"ltr\" role=\"link\" href=\"https:\/\/twitter.com\/hashtag\/b2107?src=hashtag_click\" target=\"_blank\" rel=\"noopener\">#b2107<\/a>\u00a0<strong>ab 18:00 Uhr<\/strong>\u00a0von der Demonstration<\/p>\n<p><strong>\ud83d\udd2510 JAHRE DYKE* MARCH BERLIN\ud83d\udd25<br \/>\n<\/strong><\/p>\n<p><strong>Freitag, 21.07.2023 | 18:00 Uhr | Am Flutgraben 2 12435 Berlin<\/strong><\/p>\n<p><strong>Anreise: Bus 165, 265 Heckmannufer | M43 Eichenstra\u00dfe\/Puschkinallee | U1, U3 Schlesisches Tor | S8, S9, S41, S42, S45, S46, S47, S85 Treptower Park<\/strong><\/p>\n<p>Web-Ticker:\u00a0<a href=\"https:\/\/berlin.demoticker.org\/\" target=\"_blank\" rel=\"noreferrer noopener\">https:\/\/berlin.demoticker.org<\/a><br \/>\nMastodon:\u00a0<a href=\"https:\/\/todon.eu\/@Demo_Ticker_Berlin\" target=\"_blank\" rel=\"noreferrer noopener\">@Demo_Ticker_Berlin@todon.eu<\/a><br \/>\nTelegram Ticker:\u00a0<a href=\"https:\/\/t.me\/demotickerberlin\" target=\"_blank\" rel=\"noreferrer noopener\">https:\/\/t.me\/demotickerberlin<\/a><br \/>\n\u26a0\ufe0fTelegram Ticker English:\u00a0<strong>Offline!<\/strong><br \/>\n\u26a0\ufe0fTwitter Ticker:\u00a0<strong>Offline!<\/strong><br \/>\nHashtags: <a class=\"css-4rbku5 css-18t94o4 css-901oao css-16my406 r-1cvl2hr r-1loqt21 r-poiln3 r-b88u0q r-bcqeeo r-qvutc0\" dir=\"ltr\" role=\"link\" href=\"https:\/\/twitter.com\/hashtag\/b2107?src=hashtag_click\" target=\"_blank\" rel=\"noopener\">#b2107<\/a>\u00a0<a class=\"css-4rbku5 css-18t94o4 css-901oao css-16my406 r-1cvl2hr r-1loqt21 r-poiln3 r-b88u0q r-bcqeeo r-qvutc0\" dir=\"ltr\" role=\"link\" href=\"https:\/\/twitter.com\/hashtag\/DykeMarchBerlin?src=hashtag_click\" target=\"_blank\" rel=\"noopener\">#DykeMarchBerlin<\/a><\/p>\n<p><strong>\ud83d\uddfa\ufe0f Voraussichtliche Route:<\/strong><\/p>\n<p><a href=\"https:\/\/demotickerberlin.noblogs.org\/files\/2023\/07\/Snapinsta.app_353107755_186379941054104_2774111964635523126_n_1080.jpg\" target=\"_blank\" rel=\"noopener\"><img loading=\"lazy\" decoding=\"async\" class=\"alignnone wp-image-3095 size-full\" src=\"https:\/\/demotickerberlin.noblogs.org\/files\/2023\/07\/Snapinsta.app_353107755_186379941054104_2774111964635523126_n_1080.jpg\" alt=\"\" width=\"1080\" height=\"1349\" srcset=\"https:\/\/demotickerberlin.noblogs.org\/files\/2023\/07\/Snapinsta.app_353107755_186379941054104_2774111964635523126_n_1080.jpg 1080w, https:\/\/demotickerberlin.noblogs.org\/files\/2023\/07\/Snapinsta.app_353107755_186379941054104_2774111964635523126_n_1080-240x300.jpg 240w, https:\/\/demotickerberlin.noblogs.org\/files\/2023\/07\/Snapinsta.app_353107755_186379941054104_2774111964635523126_n_1080-820x1024.jpg 820w, https:\/\/demotickerberlin.noblogs.org\/files\/2023\/07\/Snapinsta.app_353107755_186379941054104_2774111964635523126_n_1080-768x959.jpg 768w\" sizes=\"auto, (max-width: 767px) 89vw, (max-width: 1000px) 54vw, (max-width: 1071px) 543px, 580px\" \/><\/a><\/p>\n<ul>\n<li>Am Flutgraben (vor Festsaal Kreuzberg)<\/li>\n<li>Puschkinallee<\/li>\n<li>Bouch\u00e9stra\u00dfe<\/li>\n<li>Karl-Kunger-Stra\u00dfe<\/li>\n<li>Wildenbruchstra\u00dfe<\/li>\n<li>Sonnenallee<\/li>\n<li>Pannierstra\u00dfe<\/li>\n<li>Glogauer Stra\u00dfe<\/li>\n<li>Reichenberger Stra\u00dfe<\/li>\n<li>Ohlauer Stra\u00dfe<\/li>\n<li>Wiener Stra\u00dfe<\/li>\n<li>Lausitzer Stra\u00dfe<\/li>\n<li>Skalitzer Stra\u00dfe<\/li>\n<li>Schlesische Stra\u00dfe<\/li>\n<li>Vor dem Schlesischen Tor<\/li>\n<li>Am Flutgraben<\/li>\n<\/ul>\n<p>Der Termin f\u00fcr den Dyke* March 2023 steht fest: Freitag, 21. Juli, 18:00 Uhr treffen wir uns endlich wieder auf der Strasse.<\/p>\n<p>Die Demo startet und endet direkt vor dem Festsaal Kreuzberg.<\/p>\n<p><strong>Dieses Jahr feiern wir dort 10 Jahre Dyke* March Berlin mit der Abschlussparty \u201eDykes* Do It Better!\u201c.<\/strong><\/p>\n<p><strong>Dyke* March Berlin ist eine Demonstration f\u00fcr lesbische Sichtbarkeit. <\/strong><\/p>\n<p>Seit 10 Jahren nehmen sich in Berlin tausende Dykes* und ihre Unterst\u00fctzenden die Stra\u00dfe, um die Pr\u00e4senz von Lesben innerhalb der LGBTIQ*-Community zu feiern und ihnen mehr Sichtbarkeit zu geben.<\/p>\n<p><strong>Wir beziehen Stellung gegen Hass \u2014 auch innerhalb unserer Communities.<\/strong><\/p>\n<p><strong>Herzlich willkommen sind ausdr\u00fccklich trans* Menschen und deren Unterst\u00fctzer:innen sowie alle, die sich zur lesbischen Community z\u00e4hlen oder deren Anliegen unterst\u00fctzen wollen. <\/strong><\/p>\n","protected":false},"excerpt":{"rendered":"<p>\ud83d\udca5Freitag 21.07.2023\ud83d\udca5 wir berichten am Freitag #b2107\u00a0ab 18:00 Uhr\u00a0von der Demonstration \ud83d\udd2510 JAHRE DYKE* MARCH BERLIN\ud83d\udd25 Freitag, 21.07.2023 | 18:00 Uhr | Am Flutgraben 2 12435 Berlin Anreise: Bus 165, 265 Heckmannufer | M43 Eichenstra\u00dfe\/Puschkinallee | U1, U3 Schlesisches Tor | S8, S9, S41, S42, S45, S46, S47, S85 Treptower Park Web-Ticker:\u00a0https:\/\/berlin.demoticker.org Mastodon:\u00a0@Demo_Ticker_Berlin@todon.eu Telegram Ticker:\u00a0https:\/\/t.me\/demotickerberlin &hellip; <\/p>\n<p class=\"link-more\"><a href=\"https:\/\/demotickerberlin.noblogs.org\/?p=3094\" class=\"more-link\"><span class=\"screen-reader-text\">\u201e10 JAHRE DYKE* MARCH BERLIN (21.07.2023)\u201c <\/span>weiterlesen<\/a><\/p>\n","protected":false},"author":13687,"featured_media":0,"comment_status":"closed","ping_status":"closed","sticky":false,"template":"","format":"aside","meta":{"footnotes":""},"categories":[15],"tags":[125,126],"class_list":["post-3094","post","type-post","status-publish","format-aside","hentry","category-feministische-kaempfe","tag-b2107","tag-dykemarchberlin","post_format-post-format-aside"],"_links":{"self":[{"href":"https:\/\/demotickerberlin.noblogs.org\/index.php?rest_route=\/wp\/v2\/posts\/3094","targetHints":{"allow":["GET"]}}],"collection":[{"href":"https:\/\/demotickerberlin.noblogs.org\/index.php?rest_route=\/wp\/v2\/posts"}],"about":[{"href":"https:\/\/demotickerberlin.noblogs.org\/index.php?rest_route=\/wp\/v2\/types\/post"}],"author":[{"embeddable":true,"href":"https:\/\/demotickerberlin.noblogs.org\/index.php?rest_route=\/wp\/v2\/users\/13687"}],"replies":[{"embeddable":true,"href":"https:\/\/demotickerberlin.noblogs.org\/index.php?rest_route=%2Fwp%2Fv2%2Fcomments&post=3094"}],"version-history":[{"count":3,"href":"https:\/\/demotickerberlin.noblogs.org\/index.php?rest_route=\/wp\/v2\/posts\/3094\/revisions"}],"predecessor-version":[{"id":3099,"href":"https:\/\/demotickerberlin.noblogs.org\/index.php?rest_route=\/wp\/v2\/posts\/3094\/revisions\/3099"}],"wp:attachment":[{"href":"https:\/\/demotickerberlin.noblogs.org\/index.php?rest_route=%2Fwp%2Fv2%2Fmedia&parent=3094"}],"wp:term":[{"taxonomy":"category","embeddable":true,"href":"https:\/\/demotickerberlin.noblogs.org\/index.php?rest_route=%2Fwp%2Fv2%2Fcategories&post=3094"},{"taxonomy":"post_tag","embeddable":true,"href":"https:\/\/demotickerberlin.noblogs.org\/index.php?rest_route=%2Fwp%2Fv2%2Ftags&post=3094"}],"curies":[{"name":"wp","href":"https:\/\/api.w.org\/{rel}","templated":true}]}}