{"id":3102,"date":"2023-07-18T21:37:03","date_gmt":"2023-07-18T19:37:03","guid":{"rendered":"https:\/\/demotickerberlin.noblogs.org\/?p=3102"},"modified":"2023-07-21T16:24:08","modified_gmt":"2023-07-21T14:24:08","slug":"gedenken-an-beate-fischer-23-07-2023","status":"publish","type":"post","link":"https:\/\/demotickerberlin.noblogs.org\/?p=3102","title":{"rendered":"Gedenken an Beate Fischer (23.07.2023)"},"content":{"rendered":"<p><img loading=\"lazy\" decoding=\"async\" class=\"alignnone size-full wp-image-5940\" src=\"https:\/\/asanb.noblogs.org\/files\/2023\/07\/b2307_3_1.jpg.jpeg\" alt=\"\" width=\"566\" height=\"800\" \/><\/p>\n<p><strong>\ud83d\udca5Sonntag 23<\/strong><strong>.07.2023\ud83d\udca5<\/strong><\/p>\n<p>wir berichten am Sonntag <a class=\"css-4rbku5 css-18t94o4 css-901oao css-16my406 r-1cvl2hr r-1loqt21 r-poiln3 r-bcqeeo r-qvutc0\" dir=\"ltr\" role=\"link\" href=\"https:\/\/twitter.com\/hashtag\/b2307?src=hashtag_click\" target=\"_blank\" rel=\"noopener\">#b2307<\/a>\u00a0<strong>ab 15:00 Uhr<\/strong> von der Kundgebung<\/p>\n<p><strong>\ud83d\udd6f Gedenken an Beate Fischer \ud83d\udd6f<\/strong><\/p>\n<p><strong>\ud83d\udd25Gegen Femizide und Nazimorde!\ud83d\udd25<\/strong><\/p>\n<p><strong>Sonntag, den 23.07.2023 | 15:00 Uhr | Emmentaler Str. 97, 13409 Berlin<\/strong><\/p>\n<p><strong>Anreise: U8, Bus 122, 125, 327 Residenzstra\u00dfe<\/strong><\/p>\n<p>Web-Ticker:\u00a0<a href=\"https:\/\/berlin.demoticker.org\/\" target=\"_blank\" rel=\"noreferrer noopener\">https:\/\/berlin.demoticker.org<\/a><br \/>\nMastodon:\u00a0<a href=\"https:\/\/todon.eu\/@Demo_Ticker_Berlin\" target=\"_blank\" rel=\"noreferrer noopener\">@Demo_Ticker_Berlin@todon.eu<\/a><br \/>\nTelegram Ticker:\u00a0<a href=\"https:\/\/t.me\/demotickerberlin\" target=\"_blank\" rel=\"noreferrer noopener\">https:\/\/t.me\/demotickerberlin<\/a><br \/>\n\u26a0\ufe0fTelegram Ticker English:\u00a0<strong>Offline!<\/strong><br \/>\n\u26a0\ufe0fTwitter Ticker:\u00a0<strong>Offline!<\/strong><br \/>\nHashtags: <a class=\"css-4rbku5 css-18t94o4 css-901oao css-16my406 r-1cvl2hr r-1loqt21 r-poiln3 r-bcqeeo r-qvutc0\" dir=\"ltr\" role=\"link\" href=\"https:\/\/twitter.com\/hashtag\/b2307?src=hashtag_click\" target=\"_blank\" rel=\"noopener\">#b2307<\/a>\u00a0<a class=\"css-4rbku5 css-18t94o4 css-901oao css-16my406 r-1cvl2hr r-1loqt21 r-poiln3 r-b88u0q r-bcqeeo r-qvutc0\" dir=\"ltr\" role=\"link\" href=\"https:\/\/twitter.com\/hashtag\/BeateFischer?src=hashtag_click\" target=\"_blank\" rel=\"noopener\">#BeateFischer<\/a><\/p>\n<p>\ud83d\udce3 <a href=\"https:\/\/antifa-nordost.org\/13781\/gedenken-an-beate-fischer-2\/\" target=\"_blank\" rel=\"noopener\">Aufruf&#8230;<\/a><\/p>\n<p><strong>\ud83d\udd6f Gedenken an Beate Fischer \ud83d\udd6f<\/strong><\/p>\n<p><strong>\ud83d\udd25Gegen Femizide und Nazimorde!\ud83d\udd25<\/strong><\/p>\n<p>Am 23. Juli 1994 ereignete sich in Berlin-Reinickendorf, ein Femizid. Beate Fischer wurde von drei jungen Faschisten, die aus dem rechten Fu\u00dfballspektrum und dem Umfeld der Lichtenberger Neonaziszene stammten, nach stundenlanger Vergewaltigung und Folter auf brutalste Weise ermordet. Die zu diesem Zeitpunkt 32 Jahre alte Beate Fischer kam aus Wei\u00dfensee und hinterlie\u00df zwei Kinder.<\/p>\n<p>Auch in diesem Jahr werden wir an Beate Fischer erinnern, damit sie und auch der Mord an ihr nicht in Vergessenheit ger\u00e4t.<\/p>\n<p><strong>Als NEA, ZORA und Internationale Jugend setzen wir zusammen ein Zeichen gegen Femizide und Nazigewalt.<\/strong><\/p>\n<p><strong>Niemand ist vergessen!<\/strong><\/p>\n<hr \/>\n<p><strong>\u26a0\ufe0f Anschlie\u00dfend: <a href=\"https:\/\/asanb.noblogs.org\/?p=5932\" target=\"_blank\" rel=\"noopener\">Ferhat Mayouf \u2013 Kein Vergeben, kein Vergessen!<\/a> \u26a0\ufe0f<\/strong><\/p>\n<p><strong>Sonntag, den 23.07.2023 | 17:00 Uhr | U-BHf Turmstra\u00dfe 10551 Berlin<\/strong><\/p>\n<p><strong>Anreise zum U-Bhf Turmstra\u00dfe\u00a0<\/strong><\/p>\n<ul>\n<li>Bus 327 &#8211;&gt; U9 Nauener Platz &#8211;&gt; Turmstra\u00dfe (22 min)<\/li>\n<li>Bus 125 &#8211;&gt; U9 Osloer Stra\u00dfe &#8211;&gt; Turmstra\u00dfe (25 min)<\/li>\n<li>U8 \u00fcber Paracelsus Bad &#8211;&gt; U8 Osloer Stra\u00dfe &#8211;&gt; Turmstra\u00dfe (23 min)<\/li>\n<\/ul>\n<p>&nbsp;<\/p>\n","protected":false},"excerpt":{"rendered":"<p>\ud83d\udca5Sonntag 23.07.2023\ud83d\udca5 wir berichten am Sonntag #b2307\u00a0ab 15:00 Uhr von der Kundgebung \ud83d\udd6f Gedenken an Beate Fischer \ud83d\udd6f \ud83d\udd25Gegen Femizide und Nazimorde!\ud83d\udd25 Sonntag, den 23.07.2023 | 15:00 Uhr | Emmentaler Str. 97, 13409 Berlin Anreise: U8, Bus 122, 125, 327 Residenzstra\u00dfe Web-Ticker:\u00a0https:\/\/berlin.demoticker.org Mastodon:\u00a0@Demo_Ticker_Berlin@todon.eu Telegram Ticker:\u00a0https:\/\/t.me\/demotickerberlin \u26a0\ufe0fTelegram Ticker English:\u00a0Offline! \u26a0\ufe0fTwitter Ticker:\u00a0Offline! Hashtags: #b2307\u00a0#BeateFischer \ud83d\udce3 Aufruf&#8230; \ud83d\udd6f &hellip; <\/p>\n<p class=\"link-more\"><a href=\"https:\/\/demotickerberlin.noblogs.org\/?p=3102\" class=\"more-link\"><span class=\"screen-reader-text\">\u201eGedenken an Beate Fischer (23.07.2023)\u201c <\/span>weiterlesen<\/a><\/p>\n","protected":false},"author":13687,"featured_media":0,"comment_status":"closed","ping_status":"closed","sticky":false,"template":"","format":"aside","meta":{"footnotes":""},"categories":[12],"tags":[129,130],"class_list":["post-3102","post","type-post","status-publish","format-aside","hentry","category-antifa-demos","tag-b2307","tag-beatefischer","post_format-post-format-aside"],"_links":{"self":[{"href":"https:\/\/demotickerberlin.noblogs.org\/index.php?rest_route=\/wp\/v2\/posts\/3102","targetHints":{"allow":["GET"]}}],"collection":[{"href":"https:\/\/demotickerberlin.noblogs.org\/index.php?rest_route=\/wp\/v2\/posts"}],"about":[{"href":"https:\/\/demotickerberlin.noblogs.org\/index.php?rest_route=\/wp\/v2\/types\/post"}],"author":[{"embeddable":true,"href":"https:\/\/demotickerberlin.noblogs.org\/index.php?rest_route=\/wp\/v2\/users\/13687"}],"replies":[{"embeddable":true,"href":"https:\/\/demotickerberlin.noblogs.org\/index.php?rest_route=%2Fwp%2Fv2%2Fcomments&post=3102"}],"version-history":[{"count":3,"href":"https:\/\/demotickerberlin.noblogs.org\/index.php?rest_route=\/wp\/v2\/posts\/3102\/revisions"}],"predecessor-version":[{"id":3110,"href":"https:\/\/demotickerberlin.noblogs.org\/index.php?rest_route=\/wp\/v2\/posts\/3102\/revisions\/3110"}],"wp:attachment":[{"href":"https:\/\/demotickerberlin.noblogs.org\/index.php?rest_route=%2Fwp%2Fv2%2Fmedia&parent=3102"}],"wp:term":[{"taxonomy":"category","embeddable":true,"href":"https:\/\/demotickerberlin.noblogs.org\/index.php?rest_route=%2Fwp%2Fv2%2Fcategories&post=3102"},{"taxonomy":"post_tag","embeddable":true,"href":"https:\/\/demotickerberlin.noblogs.org\/index.php?rest_route=%2Fwp%2Fv2%2Ftags&post=3102"}],"curies":[{"name":"wp","href":"https:\/\/api.w.org\/{rel}","templated":true}]}}