{"id":3105,"date":"2023-07-18T21:43:55","date_gmt":"2023-07-18T19:43:55","guid":{"rendered":"https:\/\/demotickerberlin.noblogs.org\/?p=3105"},"modified":"2023-07-21T16:25:22","modified_gmt":"2023-07-21T14:25:22","slug":"ferhat-mayouf-kein-vergeben-kein-vergessen-23-07-2023","status":"publish","type":"post","link":"https:\/\/demotickerberlin.noblogs.org\/?p=3105","title":{"rendered":"Ferhat Mayouf &#8211; Kein Vergeben, kein Vergessen! (23.07.2023)"},"content":{"rendered":"<p><img loading=\"lazy\" decoding=\"async\" class=\"alignnone size-full wp-image-5933\" src=\"https:\/\/asanb.noblogs.org\/files\/2023\/07\/b2307_2_1.jpg\" alt=\"\" width=\"1080\" height=\"1080\" \/><\/p>\n<p><strong>\ud83d\udca5Sonntag 23<\/strong><strong>.07.2023\ud83d\udca5<\/strong><\/p>\n<p>wir berichten am Sonntag <a class=\"css-4rbku5 css-18t94o4 css-901oao css-16my406 r-1cvl2hr r-1loqt21 r-poiln3 r-bcqeeo r-qvutc0\" dir=\"ltr\" role=\"link\" href=\"https:\/\/twitter.com\/hashtag\/b2307?src=hashtag_click\" target=\"_blank\" rel=\"noopener\">#b2307<\/a>\u00a0<strong>ab 17:00 Uhr<\/strong> von der Demonstration<\/p>\n<p><strong>\ud83d\udd25Ferhat Mayouf &#8211; Kein Vergeben, kein Vergessen!\ud83d\udd25<\/strong><\/p>\n<p><strong>Sonntag, den 23.07.2023 | 17:00 Uhr | U-BHf Turmstra\u00dfe 10551 Berlin<\/strong><\/p>\n<p><strong>Anreise: U9, Bus 101, 123, 187, 245, M27 U-BHf Turmstra\u00dfe<\/strong><\/p>\n<p>Web-Ticker:\u00a0<a href=\"https:\/\/berlin.demoticker.org\/\" target=\"_blank\" rel=\"noreferrer noopener\">https:\/\/berlin.demoticker.org<\/a><br \/>\nMastodon:\u00a0<a href=\"https:\/\/todon.eu\/@Demo_Ticker_Berlin\" target=\"_blank\" rel=\"noreferrer noopener\">@Demo_Ticker_Berlin@todon.eu<\/a><br \/>\nTelegram Ticker:\u00a0<a href=\"https:\/\/t.me\/demotickerberlin\" target=\"_blank\" rel=\"noreferrer noopener\">https:\/\/t.me\/demotickerberlin<\/a><br \/>\n\u26a0\ufe0fTelegram Ticker English:\u00a0<strong>Offline!<\/strong><br \/>\n\u26a0\ufe0fTwitter Ticker:\u00a0<strong>Offline!<\/strong><br \/>\nHashtags: <span class=\"r-18u37iz\"><a class=\"css-4rbku5 css-18t94o4 css-901oao css-16my406 r-1cvl2hr r-1loqt21 r-poiln3 r-b88u0q r-bcqeeo r-1ny4l3l r-1ddef8g r-tjvw6i r-qvutc0\" dir=\"ltr\" role=\"link\" href=\"https:\/\/twitter.com\/hashtag\/b2307?src=hashtag_click\" target=\"_blank\" rel=\"noopener\">#b2307<\/a> <a class=\"css-4rbku5 css-18t94o4 css-901oao css-16my406 r-1cvl2hr r-1loqt21 r-poiln3 r-bcqeeo r-qvutc0\" dir=\"ltr\" role=\"link\" href=\"https:\/\/twitter.com\/hashtag\/FerhatMayouf?src=hashtag_click\" target=\"_blank\" rel=\"noopener\">#FerhatMayouf<\/a><\/span><\/p>\n<p>\ud83d\udce3<a href=\"https:\/\/www.berlin.rote-hilfe.de\/kein-vergeben-kein-vergessen-demo-fuer-ferhat-mayouf\/\" target=\"_blank\" rel=\"noopener\">Call English &#8211; Appel en fran\u00e7ais<\/a><\/p>\n<p>\ud83d\uddfa\ufe0f\u00a0<strong>Voraussichtliche Route:<\/strong><\/p>\n<ul>\n<li>Turmstr\/Wilhelmshavener Stra\u00dfe<\/li>\n<li>Turmstra\u00dfe<\/li>\n<li>Stromstra\u00dfe<\/li>\n<li>Perleberger Stra\u00dfe<\/li>\n<li>Birkenstra\u00dfe<\/li>\n<li>Rathenowerstra\u00dfe<\/li>\n<li>Rathenowerstra\u00dfe\/Alt-Moabit (Zwischenkundgebung)<\/li>\n<li>Alt-Moabit 86 (H\u00f6he U-Bhf. Turmstr. &#8211; EP)<\/li>\n<\/ul>\n<p>Am <span class=\"__postbox-detected-content __postbox-detected-date\">23.07.2020<\/span> starb Ferhat Mayouf im Alter von 36 Jahren im Knast Moabit an einer Rauchvergiftung.<\/p>\n<p><strong>F\u00fcr uns steht fest: Das war Mord! Mord durch diesen Staat und seine rassistischen Institutionen.<\/strong><\/p>\n<p><strong>Der Mord an Ferhat ist kein isolierter Einzelfall, kein tragisches Ungl\u00fcck.<\/strong><\/p>\n<p>Wir reden von Mord, weil er durch ein t\u00f6dliches System umgebracht wurde, welches die Profite und Interessen Einiger \u00fcber das Wohlergehen Vieler stellt.<\/p>\n<p><strong>Umso lauter m\u00fcssen wir unsere Stimmen und F\u00e4uste gemeinsam erheben.<\/strong><\/p>\n<p>Ferhats Bruder versucht zurzeit \u00fcber den rechtlichen Weg f\u00fcr Aufkl\u00e4rung und Gerechtigkeit zu k\u00e4mpfen. Lassen wir ihn dabei nicht allein. Auch am dritten Jahrestag wollen wir auf die Stra\u00dfe gehen, um Ferhat zu gedenken.<\/p>\n<p><strong> Wir werden den Inhaftierten im Knast Moabit zeigen, dass sie nicht vergessen sind.<\/strong><\/p>\n<p><strong>Wir werden allen Verantwortlichen deutlich machen, dass wir niemals vergeben werden.<\/strong><br data-pb-node-luminance-reversed=\"true\" \/><br data-pb-node-luminance-reversed=\"true\" \/><strong>Kommt mit uns auf die Stra\u00dfe am <span class=\"__postbox-detected-content __postbox-detected-date\">23.07.2023<\/span> um 17 Uhr am U-Bahnhof Turmstra\u00dfe!<\/strong><\/p>\n<p><strong>Kein vergeben, kein vergessen!<\/strong><\/p>\n<p><strong>\u26a0\ufe0f Vorher: <a href=\"https:\/\/asanb.noblogs.org\/?p=5939\" target=\"_blank\" rel=\"noopener\">Gedenken an Beate Fischer<\/a> \u26a0\ufe0f<\/strong><\/p>\n<p>Sonntag, den 23.07.2023 | 15:00 Uhr | Emmentaler Str. 97, 13409 Berlin<\/p>\n<p>Anreise: U8, Bus 122, 125, 327 Residenzstra\u00dfe<\/p>\n<hr \/>\n<p>On 23rd of July 2020 Ferhat Mayouf died at the age of 36 years in Moabit prison from smoke poisoning.<\/p>\n<p><strong>For us one thing is clear: It was murder! Murder by this state and its racist institutions.<\/strong><\/p>\n<p>Ferhat was arrested and imprisoned on a minor accusation of theft. If he had been carrying a German passport, he would not have ended up in jail at all. From the first contact with the police, he was beaten, injured and humiliated. He was put in solitary confinement and locked up for 23 hours a day. Ferhat asked for medical help and support, but this was denied to him.\u00a0At around 11 p.m. on July 23, a fire broke out in his cell. Ferhat screamed for help. Instead of opening the door and getting him out, the guards decided to wait for the fire department. For 20 minutes they didn\u2019t do anything. 20 minutes of waiting that cost Ferhat his life.<\/p>\n<p><strong>That was murder!<\/strong><\/p>\n<p><strong>Ferhat\u2019s murder is not an isolated incident, or a tragic accident. <\/strong><\/p>\n<p>We are talking about murder because he was killed by a deadly system that puts the profits and interests of a few above the well-being of many.Ferhat was criminalized by the German immigration regime, racially targeted by the cops, killed by the isolation and neglected help of the jail, and his death is covered up by the justice system in order to allow all perpetrators to be acquitted.<\/p>\n<p>Since 23rd of July 2020, hundreds more people have died or been forced to take their own lives as a result of detention policies, police raids, or isolation in jails. State authorities and their representatives know many ways to exclude, deport and harass people, even with deadly consequences. State violence is so commonplace and present that many consider it a normal condition of society. But this violence must never be accepted as such.<\/p>\n<p><strong>All the louder we must raise our voices and fists together.<\/strong><\/p>\n<p>Ferhat\u2019s brother is currently trying to fight for justice by taking legal action. Let us not leave him alone in this.<\/p>\n<p><strong>Again, on the third annual memorial day of his murder, we want to take to the streets to commemorate Ferhat. <\/strong><\/p>\n<p><strong>We will show the detainees in Moabit prison that they are not forgotten. <\/strong><\/p>\n<p><strong>We will make it clear to all those responsible that we will never forgive.<\/strong><\/p>\n<p><strong>Join us in the streets on the 23rd of July 2023 at 5pm at Turmstra\u00dfe subway station!<\/strong><\/p>\n<p><strong>No justice, no peace!<\/strong><\/p>\n<hr \/>\n<p><strong>\u26a0\ufe0f Before: <a href=\"https:\/\/asanb.noblogs.org\/?p=5939\" target=\"_blank\" rel=\"noopener\">Commemoration of Beate Fischer<\/a> \u26a0\ufe0f<\/strong><\/p>\n<p>Sunday, 23.07.2023 | 15:00 | Emmentaler Str. 97, 13409 Berlin<\/p>\n<p>Arrival: U8, Bus 122, 125, 327 Residenzstra\u00dfe<\/p>\n","protected":false},"excerpt":{"rendered":"<p>\ud83d\udca5Sonntag 23.07.2023\ud83d\udca5 wir berichten am Sonntag #b2307\u00a0ab 17:00 Uhr von der Demonstration \ud83d\udd25Ferhat Mayouf &#8211; Kein Vergeben, kein Vergessen!\ud83d\udd25 Sonntag, den 23.07.2023 | 17:00 Uhr | U-BHf Turmstra\u00dfe 10551 Berlin Anreise: U9, Bus 101, 123, 187, 245, M27 U-BHf Turmstra\u00dfe Web-Ticker:\u00a0https:\/\/berlin.demoticker.org Mastodon:\u00a0@Demo_Ticker_Berlin@todon.eu Telegram Ticker:\u00a0https:\/\/t.me\/demotickerberlin \u26a0\ufe0fTelegram Ticker English:\u00a0Offline! \u26a0\ufe0fTwitter Ticker:\u00a0Offline! Hashtags: #b2307 #FerhatMayouf \ud83d\udce3Call English &#8211; &hellip; <\/p>\n<p class=\"link-more\"><a href=\"https:\/\/demotickerberlin.noblogs.org\/?p=3105\" class=\"more-link\"><span class=\"screen-reader-text\">\u201eFerhat Mayouf &#8211; Kein Vergeben, kein Vergessen! (23.07.2023)\u201c <\/span>weiterlesen<\/a><\/p>\n","protected":false},"author":13687,"featured_media":0,"comment_status":"closed","ping_status":"closed","sticky":false,"template":"","format":"aside","meta":{"footnotes":""},"categories":[11,12,14],"tags":[129,131],"class_list":["post-3105","post","type-post","status-publish","format-aside","hentry","category-antirep","category-antifa-demos","category-antirassismus","tag-b2307","tag-ferhatmayouf","post_format-post-format-aside"],"_links":{"self":[{"href":"https:\/\/demotickerberlin.noblogs.org\/index.php?rest_route=\/wp\/v2\/posts\/3105","targetHints":{"allow":["GET"]}}],"collection":[{"href":"https:\/\/demotickerberlin.noblogs.org\/index.php?rest_route=\/wp\/v2\/posts"}],"about":[{"href":"https:\/\/demotickerberlin.noblogs.org\/index.php?rest_route=\/wp\/v2\/types\/post"}],"author":[{"embeddable":true,"href":"https:\/\/demotickerberlin.noblogs.org\/index.php?rest_route=\/wp\/v2\/users\/13687"}],"replies":[{"embeddable":true,"href":"https:\/\/demotickerberlin.noblogs.org\/index.php?rest_route=%2Fwp%2Fv2%2Fcomments&post=3105"}],"version-history":[{"count":2,"href":"https:\/\/demotickerberlin.noblogs.org\/index.php?rest_route=\/wp\/v2\/posts\/3105\/revisions"}],"predecessor-version":[{"id":3111,"href":"https:\/\/demotickerberlin.noblogs.org\/index.php?rest_route=\/wp\/v2\/posts\/3105\/revisions\/3111"}],"wp:attachment":[{"href":"https:\/\/demotickerberlin.noblogs.org\/index.php?rest_route=%2Fwp%2Fv2%2Fmedia&parent=3105"}],"wp:term":[{"taxonomy":"category","embeddable":true,"href":"https:\/\/demotickerberlin.noblogs.org\/index.php?rest_route=%2Fwp%2Fv2%2Fcategories&post=3105"},{"taxonomy":"post_tag","embeddable":true,"href":"https:\/\/demotickerberlin.noblogs.org\/index.php?rest_route=%2Fwp%2Fv2%2Ftags&post=3105"}],"curies":[{"name":"wp","href":"https:\/\/api.w.org\/{rel}","templated":true}]}}