{"id":3107,"date":"2023-07-18T21:00:23","date_gmt":"2023-07-18T19:00:23","guid":{"rendered":"https:\/\/demotickerberlin.noblogs.org\/?p=3107"},"modified":"2023-07-21T16:23:34","modified_gmt":"2023-07-21T14:23:34","slug":"mach-mal-keine-welle-gegen-hetze-bullen-und-ueberwachung-im-freibad-23-07-2023","status":"publish","type":"post","link":"https:\/\/demotickerberlin.noblogs.org\/?p=3107","title":{"rendered":"Mach mal keine Welle! &#8211; Gegen Hetze, Bullen und \u00dcberwachung im Freibad! (23.07.2023)"},"content":{"rendered":"<p>18<img loading=\"lazy\" decoding=\"async\" class=\"alignnone size-full wp-image-5946\" src=\"https:\/\/asanb.noblogs.org\/files\/2023\/07\/b2307_4_1.jpg.jpeg\" alt=\"\" width=\"1080\" height=\"1080\" \/><\/p>\n<p><strong>\ud83d\udca5Sonntag 23<\/strong><strong>.07.2023\ud83d\udca5<\/strong><\/p>\n<p>wir berichten am Sonntag <a class=\"css-4rbku5 css-18t94o4 css-901oao css-16my406 r-1cvl2hr r-1loqt21 r-poiln3 r-bcqeeo r-qvutc0\" dir=\"ltr\" role=\"link\" href=\"https:\/\/twitter.com\/hashtag\/b2307?src=hashtag_click\" target=\"_blank\" rel=\"noopener\">#b2307<\/a>\u00a0<strong>ab 12:00 Uhr<\/strong>\u00a0von der Kundgebung<\/p>\n<p><strong>\ud83d\udd25Mach mal keine Welle! &#8211; Gegen Hetze, Bullen und \u00dcberwachung im Freibad!\ud83d\udd25<\/strong><\/p>\n<p><strong>Sonntag, 23.07.2023 | 12:00 Uhr | Prinzenstra\u00dfe 113, 10969 Berlin<\/strong><\/p>\n<p><strong>Anreise: U1, U3, Bus 140 Prinzenstra\u00dfe<\/strong><\/p>\n<p>Web-Ticker:\u00a0<a href=\"https:\/\/berlin.demoticker.org\/\" target=\"_blank\" rel=\"noreferrer noopener\">https:\/\/berlin.demoticker.org<\/a><br \/>\nMastodon:\u00a0<a href=\"https:\/\/todon.eu\/@Demo_Ticker_Berlin\" target=\"_blank\" rel=\"noreferrer noopener\">@Demo_Ticker_Berlin@todon.eu<\/a><br \/>\nTelegram Ticker:\u00a0<a href=\"https:\/\/t.me\/demotickerberlin\" target=\"_blank\" rel=\"noreferrer noopener\">https:\/\/t.me\/demotickerberlin<\/a><br \/>\n\u26a0\ufe0fTelegram Ticker English:\u00a0<strong>Offline!<\/strong><br \/>\n\u26a0\ufe0fTwitter Ticker:\u00a0<strong>Offline!<\/strong><br \/>\nHashtags: <span class=\"r-18u37iz\"><a class=\"css-4rbku5 css-18t94o4 css-901oao css-16my406 r-1cvl2hr r-1loqt21 r-poiln3 r-bcqeeo r-1ny4l3l r-1ddef8g r-tjvw6i r-qvutc0\" dir=\"ltr\" role=\"link\" href=\"https:\/\/twitter.com\/hashtag\/b2307?src=hashtag_click\" target=\"_blank\" rel=\"noopener\">#b2307<\/a><\/span> <span class=\"r-18u37iz\"><a class=\"css-4rbku5 css-18t94o4 css-901oao css-16my406 r-1cvl2hr r-1loqt21 r-poiln3 r-bcqeeo r-qvutc0\" dir=\"ltr\" role=\"link\" href=\"https:\/\/twitter.com\/hashtag\/GoodNightWhitePride?src=hashtag_click\" target=\"_blank\" rel=\"noopener\">#GoodNightWhitePride<\/a><\/span><\/p>\n<p><strong>Mach mal keine Welle! &#8211; Gegen Hetze, Bullen und \u00dcberwachung im Freibad!<\/strong><\/p>\n<p>Kommt am Sonntag, den 23.Juli, um 12:00 zum Prinzenbad, um der rassistischen Hetze, der brutalen Kriminalisierung migrantischer Menschen und den vorgeschobenen, aufgeblasenen Gewaltszenarien zu widersprechen. Lasst uns \u00fcber die Situation in unseren Freib\u00e4dern sprechen!<\/p>\n<p>In den letzten Wochen haben Politikerinnen von stramm rechts bis klassisch SPD zusammen mit einer willigen Presse eine Drohkulisse zusammengebastelt und ihren katastrophalen Haushaltsplan mit *weniger Soziales* aber *mehr Bullerei* zu rechtfertigen. W\u00e4hrend es auf den Stra\u00dfen Berlins immer hei\u00dfer wird, versucht der Staat uns R\u00e4ume zu nehmen, in denen wir uns abk\u00fchlen k\u00f6nnen und engt uns ein.<\/p>\n<p>Polizeipr\u00e4senz und staatliche Unterdr\u00fcckung werden mehr, w\u00e4hrend Gelder f\u00fcr Kultur, Freizeit und Bildung gek\u00fcrzt werden.<\/p>\n<p>Die Ereignisse der letzten Wochen werden genutzt, um mal wieder &#8211; wie zu Silvester, wie letztes Jahr um genau diese Zeit &#8211; nationalistische Zugeh\u00f6rigkeitsdebatten aufzurollen und klarzumachen, wer in ihren Augen zu Deutschland geh\u00f6rt und wer nicht.<\/p>\n<p>Im Zuge dieser Scheindebatte um &#8222;Sicherheit&#8220; und &#8222;Ordnung&#8220; werden Kinder und Jugendliche kriminalisiert und traumatisiert, mittlerweile so weit, dass seit Sonntag, den 16.7.2023, Ausweiskontrollen in allen Berliner Schwimmb\u00e4dern eingef\u00fchrt wurden.<\/p>\n<p>Das hei\u00dft seit Sonntag k\u00f6nnen 15-j\u00e4hrige ohne Sch\u00fclerausweis und Menschen ohne Papiere nicht mehr ins Freibad. Kinder und Jugendliche werden somit an und \u00f6ffentliche Angebote immer weiter \u00fcberwacht und<br \/>\nDrangsalierung und Dem\u00fctigungen gew\u00f6hnt privatisiert.<\/p>\n<p>Das Personal in B\u00e4dern ist unterbesetzt und schlecht bezahlt, es mangelt vorne und hinten an Bademeister*innen. Die Securities sind oft selber machtgeile Faschos, die es nicht zu den Bullen geschafft haben und die es lieben mit ihren Hunden kleine migrantische Kinder zu drangsalieren, weil sie da ihren Respektkomplex ausleben k\u00f6nnen, der in ihrem echten Leben fehlt.<\/p>\n<p>Wer echte Sicherheit will, der schafft bezahlbaren Wohnraum, Frauenh\u00e4user, gute Bildung und Grundversorgung f\u00fcr alle. Der bezahlt genug Personal und baut eher neue Schwimmb\u00e4der als die bestehenden zu schlie\u00dfen! Der sorgt daf\u00fcr, dass Personal gut ausgebildet ist, statt nur Secuweste und Gottkomplex dabei zu haben. Wer es ordentlich haben will, k\u00fcrzt keine Reinigung f\u00fcr Schulen oder Angebote f\u00fcr drogens\u00fcchtige Menschen.<\/p>\n<p>Sicherheit und Ordnung stehen hier als rassistischer Platzhalter, um soziale Probleme auf arme, migrantische und gefl\u00fcchtete Menschen abzuw\u00e4lzen.<\/p>\n<p><strong>Deswegen rufen wir auf uns gemeinsam vor dem Prinzenbad zu versammeln, weil wir uns diese Entwicklungen nicht mehr gefallen lassen!<\/strong><\/p>\n<p>Es wird Redebeitr\u00e4ge geben, Open Mic und Musik.<\/p>\n<p><strong>Kommt vorbei!<\/strong><\/p>\n<p><strong>Welle machen gegen rechte Hetze!<\/strong><\/p>\n<p><strong>Welle machen gegen Sozialk\u00fcrzungen!<\/strong><\/p>\n<p><strong>Wir holen uns unsere Freib\u00e4der gemeinsam zur\u00fcck!<\/strong><\/p>\n","protected":false},"excerpt":{"rendered":"<p>18 \ud83d\udca5Sonntag 23.07.2023\ud83d\udca5 wir berichten am Sonntag #b2307\u00a0ab 12:00 Uhr\u00a0von der Kundgebung \ud83d\udd25Mach mal keine Welle! &#8211; Gegen Hetze, Bullen und \u00dcberwachung im Freibad!\ud83d\udd25 Sonntag, 23.07.2023 | 12:00 Uhr | Prinzenstra\u00dfe 113, 10969 Berlin Anreise: U1, U3, Bus 140 Prinzenstra\u00dfe Web-Ticker:\u00a0https:\/\/berlin.demoticker.org Mastodon:\u00a0@Demo_Ticker_Berlin@todon.eu Telegram Ticker:\u00a0https:\/\/t.me\/demotickerberlin \u26a0\ufe0fTelegram Ticker English:\u00a0Offline! \u26a0\ufe0fTwitter Ticker:\u00a0Offline! Hashtags: #b2307 #GoodNightWhitePride Mach mal keine &hellip; <\/p>\n<p class=\"link-more\"><a href=\"https:\/\/demotickerberlin.noblogs.org\/?p=3107\" class=\"more-link\"><span class=\"screen-reader-text\">\u201eMach mal keine Welle! &#8211; Gegen Hetze, Bullen und \u00dcberwachung im Freibad! (23.07.2023)\u201c <\/span>weiterlesen<\/a><\/p>\n","protected":false},"author":13687,"featured_media":0,"comment_status":"closed","ping_status":"closed","sticky":false,"template":"","format":"aside","meta":{"footnotes":""},"categories":[14,19],"tags":[129,132],"class_list":["post-3107","post","type-post","status-publish","format-aside","hentry","category-antirassismus","category-soziale-kaempfe","tag-b2307","tag-goodnightwhitepride","post_format-post-format-aside"],"_links":{"self":[{"href":"https:\/\/demotickerberlin.noblogs.org\/index.php?rest_route=\/wp\/v2\/posts\/3107","targetHints":{"allow":["GET"]}}],"collection":[{"href":"https:\/\/demotickerberlin.noblogs.org\/index.php?rest_route=\/wp\/v2\/posts"}],"about":[{"href":"https:\/\/demotickerberlin.noblogs.org\/index.php?rest_route=\/wp\/v2\/types\/post"}],"author":[{"embeddable":true,"href":"https:\/\/demotickerberlin.noblogs.org\/index.php?rest_route=\/wp\/v2\/users\/13687"}],"replies":[{"embeddable":true,"href":"https:\/\/demotickerberlin.noblogs.org\/index.php?rest_route=%2Fwp%2Fv2%2Fcomments&post=3107"}],"version-history":[{"count":2,"href":"https:\/\/demotickerberlin.noblogs.org\/index.php?rest_route=\/wp\/v2\/posts\/3107\/revisions"}],"predecessor-version":[{"id":3109,"href":"https:\/\/demotickerberlin.noblogs.org\/index.php?rest_route=\/wp\/v2\/posts\/3107\/revisions\/3109"}],"wp:attachment":[{"href":"https:\/\/demotickerberlin.noblogs.org\/index.php?rest_route=%2Fwp%2Fv2%2Fmedia&parent=3107"}],"wp:term":[{"taxonomy":"category","embeddable":true,"href":"https:\/\/demotickerberlin.noblogs.org\/index.php?rest_route=%2Fwp%2Fv2%2Fcategories&post=3107"},{"taxonomy":"post_tag","embeddable":true,"href":"https:\/\/demotickerberlin.noblogs.org\/index.php?rest_route=%2Fwp%2Fv2%2Ftags&post=3107"}],"curies":[{"name":"wp","href":"https:\/\/api.w.org\/{rel}","templated":true}]}}