{"id":3113,"date":"2023-08-08T20:20:56","date_gmt":"2023-08-08T18:20:56","guid":{"rendered":"https:\/\/demotickerberlin.noblogs.org\/?p=3113"},"modified":"2023-08-08T20:20:56","modified_gmt":"2023-08-08T18:20:56","slug":"we-fight-back","status":"publish","type":"post","link":"https:\/\/demotickerberlin.noblogs.org\/?p=3113","title":{"rendered":"We Fight Back!"},"content":{"rendered":"<p><img loading=\"lazy\" decoding=\"async\" class=\"alignnone size-full wp-image-6002\" src=\"https:\/\/asanb.noblogs.org\/files\/2023\/08\/b1708_1_1.jpg.jpg\" alt=\"\" width=\"1080\" height=\"1080\" \/><\/p>\n<p><strong>\ud83d\udca5Donnerstag 17<\/strong><strong>.08.2023\ud83d\udca5<\/strong><\/p>\n<p>wir berichten am Donnerstag #b1708\u00a0<strong>ab 18:00 Uhr<\/strong>\u00a0von der Demonstration<\/p>\n<p><strong>\ud83d\udd25We Fight Back!\ud83d\udd25<\/strong><\/p>\n<p><strong>Donnerstag, 17.08.2023 | 18:00 Uhr | Spreewaldplatz 10999 Berlin<\/strong><\/p>\n<p><strong>Anreise: U1, U3 G\u00f6rlitzer Bahnhof | Bus M29 Spreewaldplatz<\/strong><\/p>\n<p>Web-Ticker:\u00a0<a href=\"https:\/\/berlin.demoticker.org\/\" target=\"_blank\" rel=\"noreferrer noopener\">https:\/\/berlin.demoticker.org<\/a><br \/>\nMastodon:\u00a0<a href=\"https:\/\/todon.eu\/@Demo_Ticker_Berlin\" target=\"_blank\" rel=\"noreferrer noopener\">@Demo_Ticker_Berlin@todon.eu<\/a><br \/>\nTelegram Ticker:\u00a0<a href=\"https:\/\/t.me\/demotickerberlin\" target=\"_blank\" rel=\"noreferrer noopener\">https:\/\/t.me\/demotickerberlin<\/a><br \/>\n\u26a0\ufe0fTelegram Ticker English:\u00a0<strong>Offline!<\/strong><br \/>\n\u26a0\ufe0fTwitter Ticker:\u00a0<strong>Offline!<\/strong><br \/>\nHashtags: #b1708 #WeFightBack #Kreuzberg<\/p>\n<p>\ud83d\uddfa\ufe0f\u00a0<strong>Voraussichtliche Route:<\/strong><\/p>\n<ul>\n<li>Spreewaldplatz<\/li>\n<li>Ohlauer Stra\u00dfe<\/li>\n<li>Reichenberger Stra\u00dfe<\/li>\n<li>Reichenberger Stra\u00dfe (ZK)<\/li>\n<li>Ratiborstra\u00dfe<\/li>\n<li>Paul-Lincke-Ufer<\/li>\n<li>Glogauer Stra\u00dfe<\/li>\n<li>Reichenberger Stra\u00dfe<\/li>\n<li>Manteuffelstra\u00dfe<\/li>\n<li>Wiener Stra\u00dfe<\/li>\n<li>Spreewaldplatz<\/li>\n<\/ul>\n<p>Anfang Juli 2023 wurden zwei Freundinnen von uns in Kreuzberg queer- und homofeindlich beleidigt und brutal angegriffen. Beide mussten ins Krankenhaus, die T\u00e4ter konnten fliehen.<\/p>\n<p><strong>Viele Menschen haben den Angriff beobachtet, keine Person ist eingeschritten.<\/strong> <br data-pb-node-luminance-reversed=\"true\" \/><br data-pb-node-luminance-reversed=\"true\" \/>Der Angriff ist weder ein Zufall noch ein Einzelfall. Wir erleben, dass die zunehmende queerfeindliche Propaganda und Gewalt verharmlost und normal gemacht wird. Das verunsichert viele von uns und macht uns Angst.<\/p>\n<p><strong> Denn wir sind mitgemeint und es h\u00e4tte viele von uns treffen k\u00f6nnen.<\/strong> <br data-pb-node-luminance-reversed=\"true\" \/><br data-pb-node-luminance-reversed=\"true\" \/>In dieser Welt, in der Konservative, Rechte und Antifeminist*innen queerfeindliche Schulterschl\u00fcsse bilden und die Angriffe auf unsere Rechte und unsere Sicherheit zunehmen, bleibt uns nichts anderes \u00fcbrig als zur\u00fcckzuschlagen.<\/p>\n<p><strong>Wir lassen uns den \u00f6ffentlichen Raum nicht nehmen!<\/strong> <br data-pb-node-luminance-reversed=\"true\" \/><br data-pb-node-luminance-reversed=\"true\" \/>Wir wollen laut und k\u00e4mpferisch zeigen: Wir sind nicht alleine! Wir sind stark und wir werden uns diesen elenden Zust\u00e4nden nicht beugen! <br data-pb-node-luminance-reversed=\"true\" \/><br data-pb-node-luminance-reversed=\"true\" \/><strong>Deswegen rufen wir zum <span class=\"__postbox-detected-content __postbox-detected-date\">17.08.<\/span> um 18 Uhr am Spreewaldplatz zu einer Demonstration auf.<\/strong><\/p>\n<p>Wir wollen mit allen, die sich solidarisch und k\u00e4mpferisch gegen queerfeindliche Gewalt zeigen wollen, zum Tatort in der Reichenbergerstra\u00dfe gehen und zeigen, dass wir es <span class=\"__postbox-detected-content __postbox-detected-date\">satt<\/span> haben Angst um uns, unsere Freund*innen, Genoss*innen und Familie zu haben. <br data-pb-node-luminance-reversed=\"true\" \/><br data-pb-node-luminance-reversed=\"true\" \/><strong>Wir lassen uns von Antifeminist*innen und Homofeinden nicht einsch\u00fcchtern. Das ist unser Kiez, das ist unsere Stra\u00dfe! <\/strong><br data-pb-node-luminance-reversed=\"true\" \/><br data-pb-node-luminance-reversed=\"true\" \/><strong>\u270a\ud83c\udf39Kommt vorbei und bringt eure Freund*innen mit! \ud83c\udf39\u270a<\/strong> <br data-pb-node-luminance-reversed=\"true\" \/><br data-pb-node-luminance-reversed=\"true\" \/>\ud83d\udccd<span class=\"__postbox-detected-content __postbox-detected-date\">17.08.23<\/span>, 18.00h <br data-pb-node-luminance-reversed=\"true\" \/>\ud83d\udccdSpreewaldplatz<\/p>\n<hr \/>\n<p><strong>\ud83d\udca5Thursday 17.08.2023\ud83d\udca5<\/strong><\/p>\n<p>we will be reporting from the demonstration on Thursday #b1708 <strong>from 6:00 p.m.<\/strong> onwards<\/p>\n<p><strong>\ud83d\udd25We Fight Back!\ud83d\udd25<\/strong><\/p>\n<p><strong>Thursday, 17.08.2023 | 06:00 pm | Spreewaldplatz 10999 Berlin<\/strong><\/p>\n<p><strong>Arrival: U1, U3 G\u00f6rlitzer Bahnhof | Bus M29 Spreewaldplatz<\/strong><\/p>\n<p>Web-Ticker:\u00a0<a href=\"https:\/\/berlin.demoticker.org\/\" target=\"_blank\" rel=\"noreferrer noopener\">https:\/\/berlin.demoticker.org<\/a><br \/>\nMastodon:\u00a0<a href=\"https:\/\/todon.eu\/@Demo_Ticker_Berlin\" target=\"_blank\" rel=\"noreferrer noopener\">@Demo_Ticker_Berlin@todon.eu<\/a><br \/>\nTelegram Ticker:\u00a0<a href=\"https:\/\/t.me\/demotickerberlin\" target=\"_blank\" rel=\"noreferrer noopener\">https:\/\/t.me\/demotickerberlin<\/a><br \/>\n\u26a0\ufe0fTelegram Ticker English:\u00a0<strong>Offline!<\/strong><br \/>\n\u26a0\ufe0fTwitter Ticker:\u00a0<strong>Offline!<\/strong><br \/>\nHashtags: #b1708 #WeFightBack #Kreuzberg<\/p>\n<p>#b1708 #WeFightBack #Kreuzberg<\/p>\n<p>\ud83d\uddfa\ufe0f<strong> Expected route:<\/strong><\/p>\n<ul>\n<li>Spreewaldplatz<\/li>\n<li>Ohlauer Stra\u00dfe<\/li>\n<li>Reichenberger Stra\u00dfe<\/li>\n<li>Reichenberger Stra\u00dfe (ZK)<\/li>\n<li>Ratiborstra\u00dfe<\/li>\n<li>Paul-Lincke-Ufer<\/li>\n<li>Glogauer Stra\u00dfe<\/li>\n<li>Reichenberger Stra\u00dfe<\/li>\n<li>Manteuffelstra\u00dfe<\/li>\n<li>Wiener Stra\u00dfe<\/li>\n<li>Spreewaldplatz<\/li>\n<\/ul>\n<p>At the beginning of July 2023, two friends of ours were queer- and homophobically insulted and brutally attacked in Kreuzberg. Both had to go to hospital, the perpetrators managed to flee.<\/p>\n<p><strong>Many people witnessed the attack, no one intervened.<\/strong><\/p>\n<p>The attack is neither a coincidence nor an isolated incident. We are witnessing increasing queer-hostile propaganda and violence being played\u00b4 down and made normal. This unsettles many of us and makes us afraid.<\/p>\n<p><strong> These attacks address all of us, and it could have affected many of us.<\/strong><\/p>\n<p>In this world where conservatives, right-wingers and anti-feminists form anti-queer alliances and attacks on our rights and safety increase, we have no choice but to fight back.<\/p>\n<p><strong>We will not let the public space be taken away from us!<\/strong><\/p>\n<p>We want to fight and be loud together to show: We are not alone! We are strong and we will not give in to these miserable conditions! That&#8217;s why we call upon you to take to the streets with us!<\/p>\n<p><strong>We are calling for a demonstration on 17.08. at 6 pm at Spreewaldplatz.<\/strong><\/p>\n<p>We want to go to the scene of the crime in Reichenbergerstra\u00dfe with all those who want to show solidarity and fight against queer-hostile violence and show that we are fed up with being afraid for ourselves, our friends, comrades and family.<\/p>\n<p><strong>We will not be intimidated by anti-feminists and homophobes. This is our keiz, these are our streets! <\/strong><\/p>\n<p><strong>\u270a\ud83c\udf39Come by and bring your friends and comrades!<\/strong> \ud83c\udf39\u270a<\/p>\n<p>\ud83d\udccd17\/08\/23, 6pm<br \/>\n\ud83d\udccdSpreewaldplatz<\/p>\n","protected":false},"excerpt":{"rendered":"<p>\ud83d\udca5Donnerstag 17.08.2023\ud83d\udca5 wir berichten am Donnerstag #b1708\u00a0ab 18:00 Uhr\u00a0von der Demonstration \ud83d\udd25We Fight Back!\ud83d\udd25 Donnerstag, 17.08.2023 | 18:00 Uhr | Spreewaldplatz 10999 Berlin Anreise: U1, U3 G\u00f6rlitzer Bahnhof | Bus M29 Spreewaldplatz Web-Ticker:\u00a0https:\/\/berlin.demoticker.org Mastodon:\u00a0@Demo_Ticker_Berlin@todon.eu Telegram Ticker:\u00a0https:\/\/t.me\/demotickerberlin \u26a0\ufe0fTelegram Ticker English:\u00a0Offline! \u26a0\ufe0fTwitter Ticker:\u00a0Offline! Hashtags: #b1708 #WeFightBack #Kreuzberg \ud83d\uddfa\ufe0f\u00a0Voraussichtliche Route: Spreewaldplatz Ohlauer Stra\u00dfe Reichenberger Stra\u00dfe Reichenberger Stra\u00dfe (ZK) &hellip; <\/p>\n<p class=\"link-more\"><a href=\"https:\/\/demotickerberlin.noblogs.org\/?p=3113\" class=\"more-link\"><span class=\"screen-reader-text\">\u201eWe Fight Back!\u201c <\/span>weiterlesen<\/a><\/p>\n","protected":false},"author":13687,"featured_media":0,"comment_status":"closed","ping_status":"closed","sticky":false,"template":"","format":"aside","meta":{"footnotes":""},"categories":[15],"tags":[133,135,134],"class_list":["post-3113","post","type-post","status-publish","format-aside","hentry","category-feministische-kaempfe","tag-b1708","tag-kreuzberg","tag-wefightback","post_format-post-format-aside"],"_links":{"self":[{"href":"https:\/\/demotickerberlin.noblogs.org\/index.php?rest_route=\/wp\/v2\/posts\/3113","targetHints":{"allow":["GET"]}}],"collection":[{"href":"https:\/\/demotickerberlin.noblogs.org\/index.php?rest_route=\/wp\/v2\/posts"}],"about":[{"href":"https:\/\/demotickerberlin.noblogs.org\/index.php?rest_route=\/wp\/v2\/types\/post"}],"author":[{"embeddable":true,"href":"https:\/\/demotickerberlin.noblogs.org\/index.php?rest_route=\/wp\/v2\/users\/13687"}],"replies":[{"embeddable":true,"href":"https:\/\/demotickerberlin.noblogs.org\/index.php?rest_route=%2Fwp%2Fv2%2Fcomments&post=3113"}],"version-history":[{"count":1,"href":"https:\/\/demotickerberlin.noblogs.org\/index.php?rest_route=\/wp\/v2\/posts\/3113\/revisions"}],"predecessor-version":[{"id":3114,"href":"https:\/\/demotickerberlin.noblogs.org\/index.php?rest_route=\/wp\/v2\/posts\/3113\/revisions\/3114"}],"wp:attachment":[{"href":"https:\/\/demotickerberlin.noblogs.org\/index.php?rest_route=%2Fwp%2Fv2%2Fmedia&parent=3113"}],"wp:term":[{"taxonomy":"category","embeddable":true,"href":"https:\/\/demotickerberlin.noblogs.org\/index.php?rest_route=%2Fwp%2Fv2%2Fcategories&post=3113"},{"taxonomy":"post_tag","embeddable":true,"href":"https:\/\/demotickerberlin.noblogs.org\/index.php?rest_route=%2Fwp%2Fv2%2Ftags&post=3113"}],"curies":[{"name":"wp","href":"https:\/\/api.w.org\/{rel}","templated":true}]}}