{"id":3116,"date":"2023-08-19T17:08:14","date_gmt":"2023-08-19T15:08:14","guid":{"rendered":"https:\/\/demotickerberlin.noblogs.org\/?p=3116"},"modified":"2023-08-19T17:10:45","modified_gmt":"2023-08-19T15:10:45","slug":"go-film-the-police-beweissicherung-ist-eine-pflicht","status":"publish","type":"post","link":"https:\/\/demotickerberlin.noblogs.org\/?p=3116","title":{"rendered":"Go Film The Police!! Beweissicherung ist eine Pflicht!"},"content":{"rendered":"<p><img loading=\"lazy\" decoding=\"async\" class=\"alignnone size-full wp-image-6053\" src=\"https:\/\/asanb.noblogs.org\/files\/2023\/08\/b2608_1_1.jpg\" alt=\"\" width=\"1080\" height=\"1080\" \/><\/p>\n<p><strong>\ud83d\udca5Samstag 26<\/strong><strong>.08.2023\ud83d\udca5<\/strong><\/p>\n<p>wir berichten am Samstag #b2608 <strong>ab 16:00 Uhr<\/strong>\u00a0von der Demonstration<\/p>\n<p><strong>\ud83d\udd25Go Film The Police!! Beweissicherung ist eine Pflicht!\ud83d\udd25<\/strong><\/p>\n<p><strong>Samstag, 26.08.2023 | 16:00 Uhr | RAW Gel\u00e4nde Revaler Stra\u00dfe, 10245 Berlin<\/strong><\/p>\n<p><strong>Anreise: U1, U3, S3, S5, S7, S9, S75, S85, Tram M10, Bus 300, 347 Warschauer Stra\u00dfe<\/strong><\/p>\n<p>Web-Ticker:\u00a0<a href=\"https:\/\/berlin.demoticker.org\/\" target=\"_blank\" rel=\"noreferrer noopener\">https:\/\/berlin.demoticker.org<\/a><br \/>\nMastodon:\u00a0<a href=\"https:\/\/todon.eu\/@Demo_Ticker_Berlin\" target=\"_blank\" rel=\"noreferrer noopener\">@Demo_Ticker_Berlin@todon.eu<\/a><br \/>\nTelegram Ticker:\u00a0<a href=\"https:\/\/t.me\/demotickerberlin\" target=\"_blank\" rel=\"noreferrer noopener\">https:\/\/t.me\/demotickerberlin<\/a><br \/>\nHashtags: #b2608 #GoFilmThePolice<\/p>\n<p>\ud83d\uddfa\ufe0f\u00a0<strong>Voraussichtliche Route:<\/strong><\/p>\n<ul>\n<li>RAW Gel\u00e4nde Revaler Stra\u00dfe<\/li>\n<li>Warschauer Br\u00fccke<\/li>\n<li>Warschauer Stra\u00dfe<\/li>\n<li>Oberbaumbr\u00fccke<\/li>\n<li>Falckensteinstra\u00dfe<\/li>\n<li>G\u00f6rlitzer Park<\/li>\n<li>Wiener Stra\u00dfe<\/li>\n<li>Oranienstra\u00dfe<\/li>\n<li>Oranienplatz<\/li>\n<\/ul>\n<p><strong><span class=\"css-901oao css-16my406 r-poiln3 r-bcqeeo r-qvutc0\">Kommt zu unserer <\/span><span class=\"r-18u37iz\">Demo<\/span><span class=\"css-901oao css-16my406 r-poiln3 r-bcqeeo r-qvutc0\"> am Samstag, den 26.08.2023 um 16:00 Uhr am RAW Gel\u00e4nde!<\/span><\/strong><\/p>\n<p><strong><span class=\"css-901oao css-16my406 r-poiln3 r-bcqeeo r-qvutc0\">Lasst uns laut gegen rassistische Polizeigewalt und der allt\u00e4glichen Schikane sein und uns gemeinsam der Kriminalisierung des Filmens widersetzen!!\u00a0<\/span><\/strong><\/p>\n","protected":false},"excerpt":{"rendered":"<p>\ud83d\udca5Samstag 26.08.2023\ud83d\udca5 wir berichten am Samstag #b2608 ab 16:00 Uhr\u00a0von der Demonstration \ud83d\udd25Go Film The Police!! Beweissicherung ist eine Pflicht!\ud83d\udd25 Samstag, 26.08.2023 | 16:00 Uhr | RAW Gel\u00e4nde Revaler Stra\u00dfe, 10245 Berlin Anreise: U1, U3, S3, S5, S7, S9, S75, S85, Tram M10, Bus 300, 347 Warschauer Stra\u00dfe Web-Ticker:\u00a0https:\/\/berlin.demoticker.org Mastodon:\u00a0@Demo_Ticker_Berlin@todon.eu Telegram Ticker:\u00a0https:\/\/t.me\/demotickerberlin Hashtags: #b2608 #GoFilmThePolice &hellip; <\/p>\n<p class=\"link-more\"><a href=\"https:\/\/demotickerberlin.noblogs.org\/?p=3116\" class=\"more-link\"><span class=\"screen-reader-text\">\u201eGo Film The Police!! Beweissicherung ist eine Pflicht!\u201c <\/span>weiterlesen<\/a><\/p>\n","protected":false},"author":13687,"featured_media":0,"comment_status":"closed","ping_status":"closed","sticky":false,"template":"","format":"aside","meta":{"footnotes":""},"categories":[1],"tags":[136,137],"class_list":["post-3116","post","type-post","status-publish","format-aside","hentry","category-general","tag-b2608","tag-gofilmthepolice","post_format-post-format-aside"],"_links":{"self":[{"href":"https:\/\/demotickerberlin.noblogs.org\/index.php?rest_route=\/wp\/v2\/posts\/3116","targetHints":{"allow":["GET"]}}],"collection":[{"href":"https:\/\/demotickerberlin.noblogs.org\/index.php?rest_route=\/wp\/v2\/posts"}],"about":[{"href":"https:\/\/demotickerberlin.noblogs.org\/index.php?rest_route=\/wp\/v2\/types\/post"}],"author":[{"embeddable":true,"href":"https:\/\/demotickerberlin.noblogs.org\/index.php?rest_route=\/wp\/v2\/users\/13687"}],"replies":[{"embeddable":true,"href":"https:\/\/demotickerberlin.noblogs.org\/index.php?rest_route=%2Fwp%2Fv2%2Fcomments&post=3116"}],"version-history":[{"count":2,"href":"https:\/\/demotickerberlin.noblogs.org\/index.php?rest_route=\/wp\/v2\/posts\/3116\/revisions"}],"predecessor-version":[{"id":3118,"href":"https:\/\/demotickerberlin.noblogs.org\/index.php?rest_route=\/wp\/v2\/posts\/3116\/revisions\/3118"}],"wp:attachment":[{"href":"https:\/\/demotickerberlin.noblogs.org\/index.php?rest_route=%2Fwp%2Fv2%2Fmedia&parent=3116"}],"wp:term":[{"taxonomy":"category","embeddable":true,"href":"https:\/\/demotickerberlin.noblogs.org\/index.php?rest_route=%2Fwp%2Fv2%2Fcategories&post=3116"},{"taxonomy":"post_tag","embeddable":true,"href":"https:\/\/demotickerberlin.noblogs.org\/index.php?rest_route=%2Fwp%2Fv2%2Ftags&post=3116"}],"curies":[{"name":"wp","href":"https:\/\/api.w.org\/{rel}","templated":true}]}}