{"id":3119,"date":"2023-08-27T15:48:44","date_gmt":"2023-08-27T13:48:44","guid":{"rendered":"https:\/\/demotickerberlin.noblogs.org\/?p=3119"},"modified":"2023-08-27T15:49:00","modified_gmt":"2023-08-27T13:49:00","slug":"nein-zu-krieg-und-aufruestung","status":"publish","type":"post","link":"https:\/\/demotickerberlin.noblogs.org\/?p=3119","title":{"rendered":"NEIN zu Krieg und Aufr\u00fcstung!"},"content":{"rendered":"<p><img loading=\"lazy\" decoding=\"async\" class=\"alignnone size-full wp-image-6024\" src=\"https:\/\/asanb.noblogs.org\/files\/2023\/08\/b0209_1_1.jpg\" alt=\"\" width=\"1080\" height=\"1080\" \/><\/p>\n<p><strong>\ud83d\udca5Samstag 02<\/strong><strong>.09.2023\ud83d\udca5<\/strong><\/p>\n<p>wir berichten am Samstag #b0209 <strong>ab 14:00 Uhr<\/strong>\u00a0von der Demonstration<\/p>\n<p><strong>\ud83d\udd25NEIN zu Krieg und Aufr\u00fcstung!\ud83d\udd25<\/strong><\/p>\n<p><strong>Samstag, 02.09.2023 | 14:00 Uhr | Pariser Platz 10117 Berlin<\/strong><\/p>\n<p><strong>Anreise: U5, S1, S2, S25, S26 Bus 100 Brandenburger Tor<\/strong><\/p>\n<p>Web-Ticker:\u00a0<a href=\"https:\/\/berlin.demoticker.org\/\" target=\"_blank\" rel=\"noreferrer noopener\">https:\/\/berlin.demoticker.org<\/a><br \/>\nMastodon:\u00a0<a href=\"https:\/\/todon.eu\/@Demo_Ticker_Berlin\" target=\"_blank\" rel=\"noreferrer noopener\">@Demo_Ticker_Berlin@todon.eu<\/a><br \/>\nTelegram Ticker:\u00a0<a href=\"https:\/\/t.me\/demotickerberlin\" target=\"_blank\" rel=\"noreferrer noopener\">https:\/\/t.me\/demotickerberlin<\/a><br \/>\nHashtags: #b0209 #Antikriegstag<\/p>\n<p>\ud83d\udce3 <a href=\"https:\/\/www.antikriegskoordination.de\" target=\"_blank\" rel=\"noopener\">Aufruf&#8230;<\/a><\/p>\n<p>\ud83d\uddfa\ufe0f\u00a0<strong>Voraussichtliche Route:<\/strong><\/p>\n<ul>\n<li>Pariser Platz<\/li>\n<li>Unter den Linden<\/li>\n<li>Friedrichstra\u00dfe<\/li>\n<li>Georgenstra\u00dfe (Zwischenstopp Dorothea-Schlegel -Platz)<\/li>\n<li>Neust\u00e4dtische Kirchstra\u00dfe<\/li>\n<li>Dorotheenstra\u00dfe<\/li>\n<li>Ebertstra\u00dfe<\/li>\n<li>Brandenburger Tor<\/li>\n<li>Platz des 18.M\u00e4rz<\/li>\n<\/ul>\n<p>Seit mehr als eineinhalb Jahren tobt in der Ukraine ein brutaler Stellungskrieg. Jeden Tag sterben unz\u00e4hlige Soldaten in den Sch\u00fctzengr\u00e4ben, weiterhin werden jeden Tag M\u00e4nner, Frauen und Kinder verwundet, get\u00f6tet und vertrieben. Dieser Krieg hat Millionen ihre Heimat geraubt und zur Flucht gezwungen, er zerst\u00f6rt die Umwelt und das Klima.<\/p>\n<p>Unsere Solidarit\u00e4t gilt den Menschen in der Ukraine, in Russland und weltweit, die unter dem Krieg und seinen Folgen leiden. Allen, die desertieren oder sich durch Kriegsdienstverweigerung und Flucht dem Krieg entziehen, allen die Widerstand leisten, geb\u00fchrt unsere Unterst\u00fctzung.<\/p>\n<ul>\n<li>Wir verurteilen den russischen Angriff auf die Ukraine und Russlands fortgesetzte Eskalation des Kriegs. Ebenso verurteilen wir die anhaltende Eskalation seitens der NATO-Staaten, die wie die EU einen Anteil an der Zuspitzung des Konfliktes um die Ukraine hat.<\/li>\n<li>Wir fordern von der Bundesregierung einen Stopp der Waffenlieferungen und demonstrieren f\u00fcr einen sofortigen Waffenstillstand.<\/li>\n<li>Wir fordern die Aufnahme und Bleiberecht f\u00fcr alle Gefl\u00fcchteten sowie Asyl f\u00fcr alle Deserteur*innen.<\/li>\n<\/ul>\n<p>Auch Menschen in anderen L\u00e4ndern leiden unter den Folgen von r\u00fccksichtsloser Geopolitik, von Gewalt und Krieg. Die Kriege im Nahen und Mittleren Osten, im Jemen, Sudan, Mali oder in den kurdischen Gebieten gehen weiter und werden von EU, NATO und Bundesregierung befeuert. So wenig es in den Kriegen in Afghanistan, Syrien und Irak um \u00bbwestliche Werte, Demokratie und Freiheit\u00ab ging und geht, so wenig werden sie jetzt in der Ukraine und an den anderen Kriegsschaupl\u00e4tzen verteidigt.<\/p>\n<p>Sowohl Russland als auch dem Westen geht es darum, ihren weltpolitischen Einfluss zu erhalten und auszudehnen. Die NATO- und EU-Staaten, einschlie\u00dflich der Bundesregierung, wollen ihre wirtschaftlichen und machtpolitischen Interessen durchsetzen. Sie planen bereits wie die hochverschuldete Ukraine zu einem zuverl\u00e4ssigen Partner f\u00fcr das westliche Kapital werden kann. Ausgerechnet die gr\u00f6\u00dfte US-amerikanische Investmentfirma Blackrock soll den Wiederaufbau der Ukraine koordinieren.<\/p>\n<ul>\n<li>Wir stellen den Interessen von Banken und Konzernen die Interessen der Menschen entgegen.<\/li>\n<li>Wir unterst\u00fctzen die Menschen, die sich gegen den neoliberalen Ausverkauf ihres Landes stellen.<\/li>\n<li>Wir stehen an der Seite derjenigen, die weltweit gegen die versch\u00e4rfte Nahrungsmittelkrise und den dramatischen Anstieg der Preise k\u00e4mpfen.<\/li>\n<\/ul>\n<p>Wir wollen raus aus dem Konkurrenzkampf von Nationen, Machtbl\u00f6cken und Konzernen \u2013 hin zu einer Welt ohne Krieg, in der Menschen vor Profiten stehen und ein gutes Leben f\u00fcr alle m\u00f6glich wird.<\/p>\n<p>Der Krieg in der Ukraine und um die Ukraine hat zu einer neuen Welle der Aufr\u00fcstung gef\u00fchrt und die Militarisierung beschleunigt. Die Bundesregierung will den Milit\u00e4rhaushalt um weitere sieben Milliarden wachsen lassen und damit das Zwei-Prozent-Ziel der NATO erreichen. Konzerne wie Rheinmetall und Krauss-Maffei Wegman fahren Rekordprofite ein. Der Druck, mehr junge Menschen f\u00fcr die Bundeswehr zu rekrutieren, nimmt zu.<\/p>\n<ul>\n<li>Wir lehnen die Aufr\u00fcstung und Militarisierung Deutschlands ab und fordern von der Bundesregierung, die vielen Milliarden Euro f\u00fcr Soziales, Gesundheit, Bildung und Klimaschutz auszugeben.<\/li>\n<li>Wir lehnen Werbung der Bundeswehr an Jobcentern, Schulen und Hochschulen sowie die Rekrutierung Minderj\u00e4hriger ab.<\/li>\n<li>Wir wollen die Wehrpflicht, die seit dem Jahr 2011 nur ausgesetzt ist, ganz abschaffen.<\/li>\n<\/ul>\n<p>Wir erinnern daran, dass vor 84 Jahren \u2013 am 1. September 1939 \u2013 der Zweite Weltkrieg mit dem \u00dcberfall Nazi-Deutschlands auf Polen begann.<\/p>\n<p>Wir rufen dazu auf, gemeinsam zu demonstrieren:<\/p>\n<p><strong>Nie wieder Faschismus, nie wieder Krieg!<\/strong><\/p>\n<p class=\"text-end\" style=\"text-align: right\"><strong>Antikriegskoordination Berlin, Juli 2023<\/strong><\/p>\n","protected":false},"excerpt":{"rendered":"<p>\ud83d\udca5Samstag 02.09.2023\ud83d\udca5 wir berichten am Samstag #b0209 ab 14:00 Uhr\u00a0von der Demonstration \ud83d\udd25NEIN zu Krieg und Aufr\u00fcstung!\ud83d\udd25 Samstag, 02.09.2023 | 14:00 Uhr | Pariser Platz 10117 Berlin Anreise: U5, S1, S2, S25, S26 Bus 100 Brandenburger Tor Web-Ticker:\u00a0https:\/\/berlin.demoticker.org Mastodon:\u00a0@Demo_Ticker_Berlin@todon.eu Telegram Ticker:\u00a0https:\/\/t.me\/demotickerberlin Hashtags: #b0209 #Antikriegstag \ud83d\udce3 Aufruf&#8230; \ud83d\uddfa\ufe0f\u00a0Voraussichtliche Route: Pariser Platz Unter den Linden Friedrichstra\u00dfe Georgenstra\u00dfe &hellip; <\/p>\n<p class=\"link-more\"><a href=\"https:\/\/demotickerberlin.noblogs.org\/?p=3119\" class=\"more-link\"><span class=\"screen-reader-text\">\u201eNEIN zu Krieg und Aufr\u00fcstung!\u201c <\/span>weiterlesen<\/a><\/p>\n","protected":false},"author":13687,"featured_media":0,"comment_status":"closed","ping_status":"closed","sticky":false,"template":"","format":"aside","meta":{"footnotes":""},"categories":[13,1],"tags":[139,138],"class_list":["post-3119","post","type-post","status-publish","format-aside","hentry","category-antimilitarismus","category-general","tag-antikriegstag","tag-b0209","post_format-post-format-aside"],"_links":{"self":[{"href":"https:\/\/demotickerberlin.noblogs.org\/index.php?rest_route=\/wp\/v2\/posts\/3119","targetHints":{"allow":["GET"]}}],"collection":[{"href":"https:\/\/demotickerberlin.noblogs.org\/index.php?rest_route=\/wp\/v2\/posts"}],"about":[{"href":"https:\/\/demotickerberlin.noblogs.org\/index.php?rest_route=\/wp\/v2\/types\/post"}],"author":[{"embeddable":true,"href":"https:\/\/demotickerberlin.noblogs.org\/index.php?rest_route=\/wp\/v2\/users\/13687"}],"replies":[{"embeddable":true,"href":"https:\/\/demotickerberlin.noblogs.org\/index.php?rest_route=%2Fwp%2Fv2%2Fcomments&post=3119"}],"version-history":[{"count":1,"href":"https:\/\/demotickerberlin.noblogs.org\/index.php?rest_route=\/wp\/v2\/posts\/3119\/revisions"}],"predecessor-version":[{"id":3120,"href":"https:\/\/demotickerberlin.noblogs.org\/index.php?rest_route=\/wp\/v2\/posts\/3119\/revisions\/3120"}],"wp:attachment":[{"href":"https:\/\/demotickerberlin.noblogs.org\/index.php?rest_route=%2Fwp%2Fv2%2Fmedia&parent=3119"}],"wp:term":[{"taxonomy":"category","embeddable":true,"href":"https:\/\/demotickerberlin.noblogs.org\/index.php?rest_route=%2Fwp%2Fv2%2Fcategories&post=3119"},{"taxonomy":"post_tag","embeddable":true,"href":"https:\/\/demotickerberlin.noblogs.org\/index.php?rest_route=%2Fwp%2Fv2%2Ftags&post=3119"}],"curies":[{"name":"wp","href":"https:\/\/api.w.org\/{rel}","templated":true}]}}