{"id":3126,"date":"2023-10-25T19:09:21","date_gmt":"2023-10-25T17:09:21","guid":{"rendered":"https:\/\/demotickerberlin.noblogs.org\/?p=3126"},"modified":"2023-10-25T19:27:38","modified_gmt":"2023-10-25T17:27:38","slug":"mass-protest-global-south-united-28-10-2023","status":"publish","type":"post","link":"https:\/\/demotickerberlin.noblogs.org\/?p=3126","title":{"rendered":"Mass Protest: Global South united! (28.10.2023)"},"content":{"rendered":"<p><img loading=\"lazy\" decoding=\"async\" class=\"alignnone size-full wp-image-6341\" src=\"https:\/\/asanb.noblogs.org\/files\/2023\/10\/b2810_3_1.jpg\" alt=\"\" width=\"1080\" height=\"1080\" \/><\/p>\n<p><strong>\ud83d\udca5Samstag 28<\/strong><strong>.10.2023\ud83d\udca5<\/strong><\/p>\n<p>wir berichten am Samstag #b28120 <strong>ab 16:00 Uhr<\/strong>\u00a0von der Demonstration<\/p>\n<p><strong>\ud83d\udd25Mass Protest: Global South united!\ud83d\udd25<\/strong><\/p>\n<p><strong>Samstag, den 28.10.2023 | 16:00 Uhr | Oranienplatz 10999 Berlin<\/strong><\/p>\n<p><strong>Anreise: U8, Bus 248 Moritzplatz | M29 Oranienplatz | U1, U3, U8 Kottbusser Tor<\/strong><\/p>\n<p>Web-Ticker:\u00a0<a href=\"https:\/\/berlin.demoticker.org\/\" target=\"_blank\" rel=\"noreferrer noopener\">https:\/\/berlin.demoticker.org<\/a><br \/>\nMastodon:\u00a0<a href=\"https:\/\/todon.eu\/@Demo_Ticker_Berlin\" target=\"_blank\" rel=\"noreferrer noopener\">@Demo_Ticker_Berlin@todon.eu<\/a><br \/>\nTelegram Ticker:\u00a0<a href=\"https:\/\/t.me\/demotickerberlin\" target=\"_blank\" rel=\"noreferrer noopener\">https:\/\/t.me\/demotickerberlin<\/a><br \/>\nHashtags: #b2810 #FreePalestine<\/p>\n<p>\ud83d\uddfa\ufe0f\u00a0<strong>Voraussichtliche Route:<\/strong><\/p>\n<ul>\n<li>Oranienplatz<\/li>\n<li>Oranienstra\u00dfe<\/li>\n<li>Skalitzer Stra\u00dfe<\/li>\n<li>Schlesische Stra\u00dfe<\/li>\n<li>Puschkinallee H\u00f6he Festsaal Kreuzberg<\/li>\n<\/ul>\n<p><strong><em>*** automatische \u00dcbersetzung &#8211; english below ***<\/em><\/strong><\/p>\n<p>Da stehen wir nun, nach mehr als 100 Jahren antikolonialem Kampf und 75 Jahren Vertreibung und Apartheid in Pal\u00e4stina, nach mehr als 5 Jahrhunderten des Kolonialismus in der globalen Mehrheit!<\/p>\n<p><strong>Genug ist genug!<\/strong><\/p>\n<p><strong>Wir werden nicht schweigen!<\/strong><\/p>\n<p>Deutschland will seine historische Schuld mit unserem Blut abwaschen, wo sogar die Trauer um unsere Angeh\u00f6rigen verboten ist, die seit Wochen unter der Apartheid V\u00f6lkermord erleiden.<\/p>\n<p>Deutschland erm\u00f6glicht diktatorische Regime, es erl\u00e4sst rassistische Verordnungen zur Festung europ\u00e4ischer Grenzpolitik und Ausbeutung.<\/p>\n<p>Da die Befreiung Pal\u00e4stinas mit der Befreiung und Freiheit \u00fcberall im globalen S\u00fcden verbunden ist, erkennen wir in unserem kollektiven Bewusstsein, dass es wichtig ist, unseren Kampf f\u00fcr die Befreiung zu erweitern und mit anderen verschiedenen Gemeinschaften in Berlin, in Deutschland und dar\u00fcber hinaus zu verbinden.<\/p>\n<p><strong>Die Unterdr\u00fcckung und die Gewalt der kolonialen Kontinuit\u00e4ten trifft uns alle hier, in Pal\u00e4stina und im globalen S\u00fcden.<\/strong><\/p>\n<p>Europa hat durch seine Rolle bei der F\u00f6rderung von Konflikten, der Aufrechterhaltung von Ungerechtigkeiten, der F\u00f6rderung des Waffenhandels, dem Diktat der EU-Politik, der Beeinflussung des Lebensstandards, der Aufrechterhaltung der wei\u00dfen Vorherrschaft und der Aufrechterhaltung des kolonialen Erbes unz\u00e4hlige Menschen gezwungen, aus ihrer Heimat zu fliehen.<\/p>\n<p>Diejenigen, die die westlichen K\u00fcsten erreichen, werden jedoch ungleich behandelt, sehen sich mit Verletzungen ihrer Rechte konfrontiert und sind mit militarisierten europ\u00e4ischen Grenzen konfrontiert, die Tausende von Menschenleben gekostet haben. Dar\u00fcber hinaus werden sie nach ihrer Ankunft oft in Lagern isoliert und ihrer grundlegenden Menschenrechte und Bed\u00fcrfnisse beraubt.<\/p>\n<p><strong>Wir m\u00fcssen anerkennen, dass niemand frei ist, solange wir nicht alle frei sind!<\/strong><\/p>\n<p>Die anhaltenden K\u00e4mpfe der globalen Mehrheit erfordern eine grenzenlose und unersch\u00fctterliche Solidarit\u00e4t. Um die Vorherrschaft der wei\u00dfen Vorherrschaft anzufechten und die Entkolonialisierung anzugehen, m\u00fcssen wir unbedingt die Perspektiven der Gemeinschaften einbeziehen, die seit Jahrhunderten unter dem Joch des Kolonialismus und des rassistischen Kapitalismus gelitten haben.<\/p>\n<p>Wir m\u00fcssen uns gegen Ausbeutung, Unterdr\u00fcckung und Diskriminierung in all ihren Erscheinungsformen wie Rassismus, einschlie\u00dflich des antij\u00fcdischen Rassismus, zusammenschlie\u00dfen und dabei Grenzen und Branchen \u00fcberschreiten, um eine globale Bewegung f\u00fcr Gerechtigkeit und Freiheit zu f\u00f6rdern.<\/p>\n<p>Wir suchen die Einheit mit unseren MitstreiterInnen und Gemeinschaften sowohl auf lokaler Ebene als auch im gesamten Globalen S\u00fcden und der Mehrheit.<\/p>\n<p>Wir laden alle Gruppen, Organisationen, Kollektive und Einzelpersonen, die sich dem Abbau von Grenzen, dem Kampf gegen Polizeibrutalit\u00e4t, dem Widerstand gegen Militarisierung, dem Kampf gegen die Apartheid bis hin zu den kolonialen Kontinuit\u00e4ten, dem Kampf gegen den industriellen Gef\u00e4ngniskomplex, dem Abbau des Patriarchats und dem Abbau des Kapitalismus verschrieben haben, herzlich ein, sich zu organisieren und gemeinsam mit unseren Geschwistern und Gemeinschaften in der globalen Mehrheit solidarisch f\u00fcr einen antikolonialen Protest auf die Stra\u00dfe zu gehen, um den anhaltenden V\u00f6lkermord an unserem Leben und in unseren H\u00e4usern zu beenden!<\/p>\n<p><strong>Wir rufen auf zu einem Massenprotest unter dem Titel:<\/strong><br \/>\n<strong>Globaler S\u00fcden united\u270a\ud83c\udffe<\/strong><\/p>\n<p><strong>Dies ist ein intersektionaler globaler Kampf; seine Facetten sind miteinander verbunden!<\/strong><\/p>\n<p><strong>Der globale S\u00fcden vereint!<\/strong><\/p>\n<p><strong>Wir werden uns niemals von der kolonialen Mentalit\u00e4t der westlichen Politik besiegen lassen!<\/strong><\/p>\n<hr \/>\n<p><strong>\ud83d\udca5Saturday 28.10.2023\ud83d\udca5<\/strong><\/p>\n<p>we will be reporting from the demonstration on Saturday #b28120 <strong>from 04:00 pm onwards<\/strong><\/p>\n<p><strong>\ud83d\udd25Mass Protest: Global South united!\ud83d\udd25<\/strong><\/p>\n<p><strong>Saturday, 28.10.2023 | 16:00 | Oranienplatz 10999 Berlin<\/strong><\/p>\n<p><strong>Arrival: U8, Bus 248 Moritzplatz | M29 Oranienplatz | U1, U3, U8 Kottbusser Tor<\/strong><\/p>\n<p>Web-Ticker:\u00a0<a href=\"https:\/\/berlin.demoticker.org\/\" target=\"_blank\" rel=\"noreferrer noopener\">https:\/\/berlin.demoticker.org<\/a><br \/>\nMastodon:\u00a0<a href=\"https:\/\/todon.eu\/@Demo_Ticker_Berlin\" target=\"_blank\" rel=\"noreferrer noopener\">@Demo_Ticker_Berlin@todon.eu<\/a><br \/>\nTelegram Ticker:\u00a0<a href=\"https:\/\/t.me\/demotickerberlin\" target=\"_blank\" rel=\"noreferrer noopener\">https:\/\/t.me\/demotickerberlin<\/a><br \/>\nHashtags: #b2810 #FreePalestine<\/p>\n<p>\ud83d\uddfa\ufe0f <strong>Expected route:<\/strong><\/p>\n<ul>\n<li>Oranienplatz<\/li>\n<li>Oranienstra\u00dfe<\/li>\n<li>Skalitzer Stra\u00dfe<\/li>\n<li>Schlesische Stra\u00dfe<\/li>\n<li>Puschkinallee H\u00f6he Festsaal Kreuzberg<\/li>\n<\/ul>\n<p>There we stand, after more than 100 years of anticolonial struggle and 75 years of expulsion and apartheid in Palestine, after more than 5 centuries of colonialism in the Global majority!<\/p>\n<p><strong>Enough is enough!<\/strong><\/p>\n<p><strong>We will not be silent!<\/strong><\/p>\n<p>Germany wants to wash away its historical guilt with our blood, where even mourning is forbidden for our loved ones who&#8217;re facing genocides under apartheid since weeks.<\/p>\n<p>Germany is enabling dictator regimes, it passes racist regulation for fortress European border policies and exploitations.<\/p>\n<p>Since the liberation of Palestine is interconnected with liberation and freedom everywhere in the global South, In our collective consciousness, we recognize that it&#8217;s important to expand and connect our fight for liberation with other different communities in Berlin, in Germany and beyond.<\/p>\n<p><strong>The repression and the violence of the colonial continuities targets us all here, in Palestine and in the global South.<\/strong><\/p>\n<p>Europe, through its role in fostering conflicts, perpetuating injustices, encouraging arms trade, dictating EU policies, influencing living standards, upholding white supremacy, and sustaining colonial legacies, has compelled countless individuals to flee their homelands. Yet, those who reach the Western shores find themselves subjected to unequal treatment, encountering violations of their rights, and facing militarized European borders that have resulted in the loss of thousands of lives. Furthermore, upon arrival, they are often relegated to isolation in camps and denied their fundamental human rights and needs.<\/p>\n<p><strong>We must acknowledge that no one is free until we&#8217;re all free!<\/strong><\/p>\n<p>The enduring struggles of the Global majority demand boundless and unwavering solidarity. To challenge the dominance of white supremacy and approach decolonisation, it is imperative that we incorporate the perspectives of communities that have suffered for centuries under the yoke of colonialism and racist capitalism. We must unite against exploitation, oppression, and discrimination in all their manifestations such as Racism including anti-jewish racism, transcending borders and industries to foster a global movement for justice and freedom.<\/p>\n<p>We must unite against exploitation, oppression, and discrimination in all their manifestations such as Racism including anti-jewish racism, transcending borders and industries to foster a global movement for social, racial, and climate justice.<\/p>\n<p>We seek unity with our fellow activists and communities both locally and across the Global South and majority. We cordially invite all groups, organizations, collectives, and individuals who are dedicated to dismantling borders, combating police brutality, resisting militarization, fighting Apartheid meantime the colonial continuities, challenging the prison-industrial complex, dismantling patriarchy, and dismantling capitalism to organize and join us on the streets in solidarity for an Anti-Colonial protest alongside our siblings and communities in the global majority to end the continuous genocide on our lives and in our homes!<\/p>\n<p><strong>We call for Mass protest under the title of:<\/strong><br \/>\n<strong>Global South united\u270a\ud83c\udffe<\/strong><\/p>\n<p><strong>This is an intersectional global struggle; its facets are interconnected!<\/strong><br \/>\n<strong>Global South united!<\/strong><\/p>\n<p><strong>We will never be defeated by the colonial mentality of the western policies!<\/strong><\/p>\n","protected":false},"excerpt":{"rendered":"<p>\ud83d\udca5Samstag 28.10.2023\ud83d\udca5 wir berichten am Samstag #b28120 ab 16:00 Uhr\u00a0von der Demonstration \ud83d\udd25Mass Protest: Global South united!\ud83d\udd25 Samstag, den 28.10.2023 | 16:00 Uhr | Oranienplatz 10999 Berlin Anreise: U8, Bus 248 Moritzplatz | M29 Oranienplatz | U1, U3, U8 Kottbusser Tor Web-Ticker:\u00a0https:\/\/berlin.demoticker.org Mastodon:\u00a0@Demo_Ticker_Berlin@todon.eu Telegram Ticker:\u00a0https:\/\/t.me\/demotickerberlin Hashtags: #b2810 #FreePalestine \ud83d\uddfa\ufe0f\u00a0Voraussichtliche Route: Oranienplatz Oranienstra\u00dfe Skalitzer Stra\u00dfe Schlesische &hellip; <\/p>\n<p class=\"link-more\"><a href=\"https:\/\/demotickerberlin.noblogs.org\/?p=3126\" class=\"more-link\"><span class=\"screen-reader-text\">\u201eMass Protest: Global South united! (28.10.2023)\u201c <\/span>weiterlesen<\/a><\/p>\n","protected":false},"author":13687,"featured_media":0,"comment_status":"closed","ping_status":"closed","sticky":false,"template":"","format":"aside","meta":{"footnotes":""},"categories":[14],"tags":[142,143],"class_list":["post-3126","post","type-post","status-publish","format-aside","hentry","category-antirassismus","tag-b2810","tag-freepalestine","post_format-post-format-aside"],"_links":{"self":[{"href":"https:\/\/demotickerberlin.noblogs.org\/index.php?rest_route=\/wp\/v2\/posts\/3126","targetHints":{"allow":["GET"]}}],"collection":[{"href":"https:\/\/demotickerberlin.noblogs.org\/index.php?rest_route=\/wp\/v2\/posts"}],"about":[{"href":"https:\/\/demotickerberlin.noblogs.org\/index.php?rest_route=\/wp\/v2\/types\/post"}],"author":[{"embeddable":true,"href":"https:\/\/demotickerberlin.noblogs.org\/index.php?rest_route=\/wp\/v2\/users\/13687"}],"replies":[{"embeddable":true,"href":"https:\/\/demotickerberlin.noblogs.org\/index.php?rest_route=%2Fwp%2Fv2%2Fcomments&post=3126"}],"version-history":[{"count":3,"href":"https:\/\/demotickerberlin.noblogs.org\/index.php?rest_route=\/wp\/v2\/posts\/3126\/revisions"}],"predecessor-version":[{"id":3129,"href":"https:\/\/demotickerberlin.noblogs.org\/index.php?rest_route=\/wp\/v2\/posts\/3126\/revisions\/3129"}],"wp:attachment":[{"href":"https:\/\/demotickerberlin.noblogs.org\/index.php?rest_route=%2Fwp%2Fv2%2Fmedia&parent=3126"}],"wp:term":[{"taxonomy":"category","embeddable":true,"href":"https:\/\/demotickerberlin.noblogs.org\/index.php?rest_route=%2Fwp%2Fv2%2Fcategories&post=3126"},{"taxonomy":"post_tag","embeddable":true,"href":"https:\/\/demotickerberlin.noblogs.org\/index.php?rest_route=%2Fwp%2Fv2%2Ftags&post=3126"}],"curies":[{"name":"wp","href":"https:\/\/api.w.org\/{rel}","templated":true}]}}