{"id":3138,"date":"2023-11-06T20:22:54","date_gmt":"2023-11-06T19:22:54","guid":{"rendered":"https:\/\/demotickerberlin.noblogs.org\/?p=3138"},"modified":"2023-11-06T21:00:29","modified_gmt":"2023-11-06T20:00:29","slug":"solidaritaet-mit-palaestina-10-11-2023","status":"publish","type":"post","link":"https:\/\/demotickerberlin.noblogs.org\/?p=3138","title":{"rendered":"Solidarit\u00e4t mit Pal\u00e4stina! (10.11.2023)"},"content":{"rendered":"<p><img loading=\"lazy\" decoding=\"async\" class=\"alignnone size-full wp-image-6391\" src=\"https:\/\/asanb.noblogs.org\/files\/2023\/11\/b1011_2_1.jpg\" alt=\"\" width=\"1127\" height=\"1600\" \/><\/p>\n<p><strong>\ud83d\udca5Freitag 10<\/strong><strong>.11.2023\ud83d\udca5<\/strong><\/p>\n<p>wir berichten am Freitag #b1011 <strong>ab 18:00 Uhr<\/strong>\u00a0von der Demonstration<\/p>\n<p><strong>\ud83d\udd25Solidarit\u00e4t mit Pal\u00e4stina!\ud83d\udd25<\/strong><\/p>\n<p><strong>Freitag, 10.11.2023 | 18:00 Uhr | Checkpoint Charlie, 10117 Berlin<\/strong><\/p>\n<p><strong>Anreise: U6, M29 Kochstra\u00dfe<\/strong><\/p>\n<p>\ud83d\udce3Aufruf: <a href=\"https:\/\/www.instagram.com\/p\/CzTQwU4M0oD\/\" target=\"_blank\" rel=\"noopener\">https:\/\/www.instagram.com\/p\/CzTQwU4M0oD\/<\/a><\/p>\n<p>Web-Ticker:\u00a0<a href=\"https:\/\/berlin.demoticker.org\/\" target=\"_blank\" rel=\"noreferrer noopener\">https:\/\/berlin.demoticker.org<\/a><br \/>\nMastodon:\u00a0<a href=\"https:\/\/todon.eu\/@Demo_Ticker_Berlin\" target=\"_blank\" rel=\"noreferrer noopener\">@Demo_Ticker_Berlin@todon.eu<\/a><br \/>\nTelegram Ticker:\u00a0<a href=\"https:\/\/t.me\/demotickerberlin\" target=\"_blank\" rel=\"noreferrer noopener\">https:\/\/t.me\/demotickerberlin<\/a><br \/>\nHashtags: #b1011 #FreePalestine<\/p>\n<p>\ud83d\uddfa\ufe0f\u00a0<strong>Voraussichtliche Route:<\/strong><\/p>\n<ul>\n<li>Friedrichstra\u00dfe\/Zimmerstra\u00dfe<\/li>\n<li>Friedrichstra\u00dfe<\/li>\n<li>Sch\u00fctzenstra\u00dfe<\/li>\n<li>Axel-Springer-Stra\u00dfe<\/li>\n<li>Niederwallstra\u00dfe<\/li>\n<li>Oberwallstra\u00dfe<\/li>\n<li>Werderscher Markt<\/li>\n<li>Werderscher Markt 6 B\u00e4renbrunnen<\/li>\n<\/ul>\n<p><strong>Demonstration in Solidarit\u00e4t mit allen Pal\u00e4stinenser:innen weltweit.<\/strong><\/p>\n<p>Gemeinsam mit der J\u00fcdischen Stimme und dem Vereinigten Pal\u00e4stinenschen Nationalen Kommittee rufen wir zur weltweiten Solidarit\u00e4t mit Pal\u00e4stinenser:innen auf.<\/p>\n<p>Schlie\u00dft euch unserem friedlichen Protest an, zeigt eure Solidarit\u00e4t mit Pal\u00e4stina durch Schilder und Flaggen.<\/p>\n<p>Da die Demo nach Sonnenuntergang stattfindet, bitten wir euch Lichter mitzubringen (<strong>kein offenes Feuer<\/strong>), um gemeinsam ein Licht der Hoffnung in der dunkelsten Zeit f\u00fcr Gaza zu sein.<\/p>\n<p>Seit dem 7. Oktober hat Israel \u00fcber 10.000 Menschen im Gazastreifen get\u00f6tet, w\u00e4hrend 25.000 weitere unter den Tr\u00fcmmern liegen.<\/p>\n<p>Deutsche Politiker:innen sollten nicht \u00fcber UN-Resolutionen debattieren, sondern einen sofortigen humanit\u00e4ren Waffenstillstand fordern, um Zivilisten mit Wasser, Nahrung und Medizin zu versorgen.<\/p>\n<p>Unsere Regierung unterst\u00fctzt Israel uneingeschr\u00e4nkt, w\u00e4hrend Proteste und unsere Meinungsfreiheit unterdr\u00fcckt sowie pal\u00e4stinensische Symbole in Schulen verboten werden.<\/p>\n<p>Als deutsche B\u00fcrger:innen haben wir das Recht, die Regierung Israels f\u00fcr ihre Kriegsverbrechen und die st\u00e4ndige Aggression gegen\u00fcber Pal\u00e4stinenser:innen zu verurteilen.<\/p>\n<p><strong>Angesichts dieser grauenvollen Zust\u00e4nde in Pal\u00e4stina sowie in Deutschland m\u00fcssen wir zahlreich auf die Stra\u00dfe gehen und gemeinsam laut sein.<\/strong><\/p>\n<p><strong>Wir untersagen ausdr\u00fccklich jede Form von Hass und Diskriminierung w\u00e4hrend der Veranstaltung.<\/strong><\/p>\n<hr \/>\n<p><strong>\ud83d\udca5Friday 10.11.2023\ud83d\udca5<\/strong><\/p>\n<p>we report on Friday #b1011 <strong>from 06:00 pm<\/strong> from the demonstration<\/p>\n<p>\ud83d\udd25<strong>Solidarity with Palestine!\ud83d\udd25<\/strong><\/p>\n<p><strong>Friday, 10.11.2023 | 06:00 pm | Checkpoint Charlie, 10117 Berlin<\/strong><\/p>\n<p><strong>Arrival: U6, M29 Kochstra\u00dfe<\/strong><\/p>\n<p>\ud83d\udce3Call: <a href=\"https:\/\/www.instagram.com\/p\/CzTQwU4M0oD\/\" target=\"_blank\" rel=\"noopener\">https:\/\/www.instagram.com\/p\/CzTQwU4M0oD\/<\/a><\/p>\n<p>Web-Ticker:\u00a0<a href=\"https:\/\/berlin.demoticker.org\/\" target=\"_blank\" rel=\"noreferrer noopener\">https:\/\/berlin.demoticker.org<\/a><br \/>\nMastodon:\u00a0<a href=\"https:\/\/todon.eu\/@Demo_Ticker_Berlin\" target=\"_blank\" rel=\"noreferrer noopener\">@Demo_Ticker_Berlin@todon.eu<\/a><br \/>\nTelegram Ticker:\u00a0<a href=\"https:\/\/t.me\/demotickerberlin\" target=\"_blank\" rel=\"noreferrer noopener\">https:\/\/t.me\/demotickerberlin<\/a><br \/>\nHashtags: #b1011 #FreePalestine<\/p>\n<p>\ud83d\uddfa\ufe0f <strong>Expected route:<\/strong><\/p>\n<ul>\n<li>Friedrichstra\u00dfe\/Zimmerstra\u00dfe<\/li>\n<li>Friedrichstra\u00dfe<\/li>\n<li>Sch\u00fctzenstra\u00dfe<\/li>\n<li>Axel-Springer-Stra\u00dfe<\/li>\n<li>Niederwallstra\u00dfe<\/li>\n<li>Oberwallstra\u00dfe<\/li>\n<li>Werderscher Markt<\/li>\n<li>Werderscher Markt 6 B\u00e4renbrunnen<\/li>\n<\/ul>\n<p><strong>Demonstration in Solidarity with all Palestinians worldwide.<\/strong><\/p>\n<p>Together with J\u00fcdische Stimme and Vereinigtes Pal\u00e4stinensisches Nationales Komitee, we call for global solidarity with Palestinians.<\/p>\n<p>Join our peaceful protest, express your support for Palestine with signs and flags.<\/p>\n<p>As the demonstration will take place after sunset, we kindly ask you to bring Iights (<strong>no open flames<\/strong>) to be a collective beacon of hope during -st times.<\/p>\n<p>Since October 7th, Israel has taken the lives of over 10,000 people in the Gaza Strip, with 25,000 more buried beneath the rubble.<\/p>\n<p>German politicians should not debate UN resolutions but demand an immediate humanitarian ceasefire to provide water, food, and medicine to civilians.<\/p>\n<p>Our government unconditionally supports Israel, suppresses protests and freedom of speech, and prohibits Palestinian symbols in schools. As German citizens, we have the right to condemn Israel&#8217;s war crimes and ongoing aggression against Palestinians.<\/p>\n<p><strong>In the face of these harrowing conditions in Palestine and Germany, we must take to the streets in large numbers and raise our voices together. <\/strong><\/p>\n<p><strong>We won&#8217;t tolerate any form of discrimination or hate during the event.<\/strong><\/p>\n","protected":false},"excerpt":{"rendered":"<p>\ud83d\udca5Freitag 10.11.2023\ud83d\udca5 wir berichten am Freitag #b1011 ab 18:00 Uhr\u00a0von der Demonstration \ud83d\udd25Solidarit\u00e4t mit Pal\u00e4stina!\ud83d\udd25 Freitag, 10.11.2023 | 18:00 Uhr | Checkpoint Charlie, 10117 Berlin Anreise: U6, M29 Kochstra\u00dfe \ud83d\udce3Aufruf: https:\/\/www.instagram.com\/p\/CzTQwU4M0oD\/ Web-Ticker:\u00a0https:\/\/berlin.demoticker.org Mastodon:\u00a0@Demo_Ticker_Berlin@todon.eu Telegram Ticker:\u00a0https:\/\/t.me\/demotickerberlin Hashtags: #b1011 #FreePalestine \ud83d\uddfa\ufe0f\u00a0Voraussichtliche Route: Friedrichstra\u00dfe\/Zimmerstra\u00dfe Friedrichstra\u00dfe Sch\u00fctzenstra\u00dfe Axel-Springer-Stra\u00dfe Niederwallstra\u00dfe Oberwallstra\u00dfe Werderscher Markt Werderscher Markt 6 B\u00e4renbrunnen Demonstration in Solidarit\u00e4t &hellip; <\/p>\n<p class=\"link-more\"><a href=\"https:\/\/demotickerberlin.noblogs.org\/?p=3138\" class=\"more-link\"><span class=\"screen-reader-text\">\u201eSolidarit\u00e4t mit Pal\u00e4stina! (10.11.2023)\u201c <\/span>weiterlesen<\/a><\/p>\n","protected":false},"author":13687,"featured_media":0,"comment_status":"closed","ping_status":"closed","sticky":false,"template":"","format":"aside","meta":{"footnotes":""},"categories":[14],"tags":[],"class_list":["post-3138","post","type-post","status-publish","format-aside","hentry","category-antirassismus","post_format-post-format-aside"],"_links":{"self":[{"href":"https:\/\/demotickerberlin.noblogs.org\/index.php?rest_route=\/wp\/v2\/posts\/3138","targetHints":{"allow":["GET"]}}],"collection":[{"href":"https:\/\/demotickerberlin.noblogs.org\/index.php?rest_route=\/wp\/v2\/posts"}],"about":[{"href":"https:\/\/demotickerberlin.noblogs.org\/index.php?rest_route=\/wp\/v2\/types\/post"}],"author":[{"embeddable":true,"href":"https:\/\/demotickerberlin.noblogs.org\/index.php?rest_route=\/wp\/v2\/users\/13687"}],"replies":[{"embeddable":true,"href":"https:\/\/demotickerberlin.noblogs.org\/index.php?rest_route=%2Fwp%2Fv2%2Fcomments&post=3138"}],"version-history":[{"count":6,"href":"https:\/\/demotickerberlin.noblogs.org\/index.php?rest_route=\/wp\/v2\/posts\/3138\/revisions"}],"predecessor-version":[{"id":3147,"href":"https:\/\/demotickerberlin.noblogs.org\/index.php?rest_route=\/wp\/v2\/posts\/3138\/revisions\/3147"}],"wp:attachment":[{"href":"https:\/\/demotickerberlin.noblogs.org\/index.php?rest_route=%2Fwp%2Fv2%2Fmedia&parent=3138"}],"wp:term":[{"taxonomy":"category","embeddable":true,"href":"https:\/\/demotickerberlin.noblogs.org\/index.php?rest_route=%2Fwp%2Fv2%2Fcategories&post=3138"},{"taxonomy":"post_tag","embeddable":true,"href":"https:\/\/demotickerberlin.noblogs.org\/index.php?rest_route=%2Fwp%2Fv2%2Ftags&post=3138"}],"curies":[{"name":"wp","href":"https:\/\/api.w.org\/{rel}","templated":true}]}}